{"id":437766,"date":"2025-10-04T03:58:14","date_gmt":"2025-10-04T03:58:14","guid":{"rendered":"https:\/\/www.europesays.com\/fr\/437766\/"},"modified":"2025-10-04T03:58:14","modified_gmt":"2025-10-04T03:58:14","slug":"une-femme-de-55-ans-meurt-percutee-par-un-ter-la-piste-du-suicide-privilegiee","status":"publish","type":"post","link":"https:\/\/www.europesays.com\/fr\/437766\/","title":{"rendered":"une femme de 55 ans meurt percut\u00e9e par un TER, la piste du suicide privil\u00e9gi\u00e9e"},"content":{"rendered":"<p>            Par<br \/>\n        <strong><br \/>\n            <a href=\"https:\/\/actu.fr\/auteur\/pierre-emile-bouchy-actu-fr\" title=\"Consulter tous les articles de Paul-Emile Bouchy\" target=\"_blank\" rel=\"noopener\">Paul-Emile Bouchy<\/a><br \/>\n        <\/strong><\/p>\n<p>        Publi\u00e9 le<\/p>\n<p>            3 oct. 2025 \u00e0 17h49        <\/p>\n<p>Vendredi 3 octobre, vers 13h25, un TER reliant Bar-le-Duc \u00e0 Nancy a <strong>percut\u00e9 mortellement<\/strong> <strong>une femme \u00e2g\u00e9e de 55 ans<\/strong> au niveau de la commune d\u2019Aingeray (<a href=\"https:\/\/actu.fr\/grand-est\/meurthe-et-moselle_54\" target=\"_blank\" rel=\"noopener\">Meurthe-et-Moselle<\/a>).<\/p>\n<p class=\" wall-content\">Selon la <a href=\"https:\/\/actu.fr\/tag\/gendarmerie\" target=\"_blank\" rel=\"noopener\">gendarmerie<\/a>, <strong>la victime aurait voulu mettre fin \u00e0 ses jours<\/strong>.<\/p>\n<p>Le trafic SNCF interrompu pendant trois heures<\/p>\n<p class=\" wall-content\">Peu apr\u00e8s 13h, l\u2019alerte a \u00e9t\u00e9 donn\u00e9e par le compagnon de la femme pour signaler qu\u2019elle avait disparu. \u00ab\u00a0<strong>Originaire de Bouxi\u00e8res-aux-Dames, elle se promenait le long de la voie ferr\u00e9e<\/strong> et a \u00e9t\u00e9 percut\u00e9e quelques minutes plus tard\u00a0\u00bb, indiquent les gendarmes.<\/p>\n<p class=\" wall-content\">Cela a engendr\u00e9 <strong>un arr\u00eat du trafic SNCF dans les deux sens entre Toul et Nancy jusqu\u2019\u00e0 16h<\/strong>.<\/p>\n<p class=\" wall-content\">\u00ab\u00a0Les voyageurs du train ont pu descendre \u00e0 Liverdun et \u00eatre pris en charge par autocar jusqu\u2019\u00e0 Nancy\u00a0\u00bb, pr\u00e9cise la <a href=\"https:\/\/actu.fr\/tag\/sncf\" target=\"_blank\" rel=\"noopener\">SNCF<\/a>.<\/p>\n<p class=\" wall-content\">Personnalisez votre actualit\u00e9 en ajoutant vos villes et m\u00e9dias en favori avec <a href=\"https:\/\/moncompte.actu.fr\" title=\"D\u00e9couvez Mon Actu\" rel=\"nofollow noopener\" data-trk=\"{&quot;cta&quot;:{&quot;action&quot;:&quot;https:\\\/\\\/moncompte.actu.fr&quot;,&quot;category&quot;:&quot;mon compte&quot;,&quot;from&quot;:&quot;article footer&quot;,&quot;name&quot;:&quot;Mon actu&quot;,&quot;type&quot;:&quot;cta&quot;}}\" target=\"_blank\">Mon Actu<\/a>.<\/p>\n","protected":false},"excerpt":{"rendered":"Par Paul-Emile Bouchy Publi\u00e9 le 3 oct. 2025 \u00e0 17h49 Vendredi 3 octobre, vers 13h25, un TER reliant&hellip;\n","protected":false},"author":2,"featured_media":437767,"comment_status":"","ping_status":"","sticky":false,"template":"","format":"standard","meta":{"footnotes":""},"categories":[9635],"tags":[119,1111,11,1777,674,118,1011,27,3381,775,1702,12,25,2215],"class_list":{"0":"post-437766","1":"post","2":"type-post","3":"status-publish","4":"format-standard","5":"has-post-thumbnail","7":"category-nancy","8":"tag-accident","9":"tag-actu","10":"tag-actualites","11":"tag-eu","12":"tag-europe","13":"tag-faits-divers","14":"tag-fr","15":"tag-france","16":"tag-gendarmerie","17":"tag-grand-est","18":"tag-nancy","19":"tag-news","20":"tag-republique-francaise","21":"tag-sncf"},"share_on_mastodon":{"url":"https:\/\/pubeurope.com\/@fr\/115313895265400118","error":""},"_links":{"self":[{"href":"https:\/\/www.europesays.com\/fr\/wp-json\/wp\/v2\/posts\/437766","targetHints":{"allow":["GET"]}}],"collection":[{"href":"https:\/\/www.europesays.com\/fr\/wp-json\/wp\/v2\/posts"}],"about":[{"href":"https:\/\/www.europesays.com\/fr\/wp-json\/wp\/v2\/types\/post"}],"author":[{"embeddable":true,"href":"https:\/\/www.europesays.com\/fr\/wp-json\/wp\/v2\/users\/2"}],"replies":[{"embeddable":true,"href":"https:\/\/www.europesays.com\/fr\/wp-json\/wp\/v2\/comments?post=437766"}],"version-history":[{"count":0,"href":"https:\/\/www.europesays.com\/fr\/wp-json\/wp\/v2\/posts\/437766\/revisions"}],"wp:featuredmedia":[{"embeddable":true,"href":"https:\/\/www.europesays.com\/fr\/wp-json\/wp\/v2\/media\/437767"}],"wp:attachment":[{"href":"https:\/\/www.europesays.com\/fr\/wp-json\/wp\/v2\/media?parent=437766"}],"wp:term":[{"taxonomy":"category","embeddable":true,"href":"https:\/\/www.europesays.com\/fr\/wp-json\/wp\/v2\/categories?post=437766"},{"taxonomy":"post_tag","embeddable":true,"href":"https:\/\/www.europesays.com\/fr\/wp-json\/wp\/v2\/tags?post=437766"}],"curies":[{"name":"wp","href":"https:\/\/api.w.org\/{rel}","templated":true}]}}