{"id":437777,"date":"2025-10-04T04:05:30","date_gmt":"2025-10-04T04:05:30","guid":{"rendered":"https:\/\/www.europesays.com\/fr\/437777\/"},"modified":"2025-10-04T04:05:30","modified_gmt":"2025-10-04T04:05:30","slug":"les-ports-du-havre-et-de-rouen-appeles-a-faire-deux-heures-de-greve-pour-la-paix-au-proche-orient","status":"publish","type":"post","link":"https:\/\/www.europesays.com\/fr\/437777\/","title":{"rendered":"Les ports du Havre et de Rouen appel\u00e9s \u00e0 faire deux heures de gr\u00e8ve pour la paix au Proche-Orient"},"content":{"rendered":"<p>La F\u00e9d\u00e9ration nationale des Ports et Docks CGT appelle \u00e0 2 heures de gr\u00e8ve vendredi 10 octobre pour demander la paix au Proche-Orient et d\u00e9noncer l&rsquo;attaque de la flottille de bateaux humanitaires en route pour Gaza. <\/p>\n<p>Ce n&rsquo;est pas la premi\u00e8re fois que les ports fran\u00e7ais feront gr\u00e8ve pour la paix. La F\u00e9d\u00e9ration Ports et Docks de la CGT appelle \u00e0 d\u00e9brayer entre midi et 14 heures, vendredi 10 octobre, pour \u00ab\u00a0la paix, la solidarit\u00e9 et l&rsquo;entraide entre les ports\u00a0\u00bb.<\/p>\n<p>Elle d\u00e9nonce \u00ab\u00a0l&rsquo;attaque de la flottille\u00a0\u00bb. Dans la nuit de mercredi \u00e0 jeudi, vingt des quarante-cinq navires en route pour Gaza ont \u00e9t\u00e9 arraisonn\u00e9s par l&rsquo;\u00c9tat h\u00e9breu. Des \u00e9lus fran\u00e7ais \u00e9taient \u00e0 bord. \u00ab\u00a0Alors que l&rsquo;aide humanitaire est plus que jamais urgente pour aider la population de Gaza qui, depuis des mois subit un g\u00e9nocide maintenant reconnu, le gouvernement d&rsquo;extr\u00eame-droite de Benyamin Netanyahou a pris une fois de plus une d\u00e9cision honteuse\u00a0\u00bb, r\u00e9agit la CGT, dans un communiqu\u00e9.<\/p>\n<p>\u00c0 \u00e9couter aussi   <img decoding=\"async\" src=\"https:\/\/www.europesays.com\/fr\/wp-content\/uploads\/2025\/10\/1759550729_986_560x315\" alt=\"Alma Dufour, d\u00e9put\u00e9e de la 4\u00e8me circonscription de la Seine-Maritime \u00e0 l'Assembl\u00e9e nationale.\" style=\"--_image-preview:url('data:image\/jpeg;base64,\/9j\/2wBDACgcHiMeGSgjISMtKygwPGRBPDc3PHtYXUlkkYCZlo+AjIqgtObDoKrarYqMyP\/L2u71\/\/\/\/m8H\/\/\/\/6\/+b9\/\/j\/2wBDASstLTw1PHZBQXb4pYyl+Pj4+Pj4+Pj4+Pj4+Pj4+Pj4+Pj4+Pj4+Pj4+Pj4+Pj4+Pj4+Pj4+Pj4+Pj4+Pj4+Pj\/wAARCAAXACoDASIAAhEBAxEB\/8QAGAAAAwEBAAAAAAAAAAAAAAAAAAECAwX\/xAAXEAEBAQEAAAAAAAAAAAAAAAAAAQIR\/8QAFgEBAQEAAAAAAAAAAAAAAAAAAAEC\/8QAFREBAQAAAAAAAAAAAAAAAAAAAAH\/2gAMAwEAAhEDEQA\/AOZFxEXGWz4Vi+FYDKxK9IBUaZAFq4VAVGemYCD\/2Q==');\" loading=\"lazy\" fetchpriority=\"low\" aria-hidden=\"true\" class=\"svelte-1pnmlwx rounded\" onload=\"this.__e=event\" onerror=\"this.__e=event\"\/>Contre la militarisation des ports<\/p>\n<p>La F\u00e9d\u00e9ration des Ports et Docks de la CGT a r\u00e9cemment particip\u00e9 \u00e0 la r\u00e9daction d&rsquo;une d\u00e9claration commune aux ports de plusieurs pays d&rsquo;Europe, \u00ab\u00a0condamnant le g\u00e9nocide\u00a0\u00bb et refusant \u00ab\u00a0la militarisation de nos ports\u00a0\u00bb.<\/p>\n<p>\u00ab\u00a0Le pouvoir politique a le devoir de r\u00e9agir pour qu&rsquo;enfin les r\u00e9solutions de l&rsquo;ONU soient respect\u00e9es, pour une Palestine libre et une solution \u00e0 deux \u00c9tats\u00a0\u00bb, poursuit le communiqu\u00e9.<\/p>\n<p>\u00c0 lire aussi   <img decoding=\"async\" src=\"https:\/\/www.europesays.com\/fr\/wp-content\/uploads\/2025\/10\/1759550730_415_560x315\" alt=\"Cavaliers sur le Terminal de France, \u00e0 Port 2000, Grand Port Maritime du Havre.\" style=\"--_image-preview:url('data:image\/jpeg;base64,\/9j\/2wBDACgcHiMeGSgjISMtKygwPGRBPDc3PHtYXUlkkYCZlo+AjIqgtObDoKrarYqMyP\/L2u71\/\/\/\/m8H\/\/\/\/6\/+b9\/\/j\/2wBDASstLTw1PHZBQXb4pYyl+Pj4+Pj4+Pj4+Pj4+Pj4+Pj4+Pj4+Pj4+Pj4+Pj4+Pj4+Pj4+Pj4+Pj4+Pj4+Pj4+Pj\/wAARCAAXACoDASIAAhEBAxEB\/8QAGAAAAgMAAAAAAAAAAAAAAAAAAAMBAgT\/xAAYEAEBAQEBAAAAAAAAAAAAAAAAAgEREv\/EABUBAQEAAAAAAAAAAAAAAAAAAAAB\/8QAFBEBAAAAAAAAAAAAAAAAAAAAAP\/aAAwDAQACEQMRAD8AiaNmmXKMylRpy1vTPlLZQG9HS\/Segwzpk6Agvi2aACep6AD\/2Q==');\" loading=\"lazy\" fetchpriority=\"low\" aria-hidden=\"true\" class=\"svelte-1pnmlwx rounded\" onload=\"this.__e=event\" onerror=\"this.__e=event\"\/><\/p>\n","protected":false},"excerpt":{"rendered":"La F\u00e9d\u00e9ration nationale des Ports et Docks CGT appelle \u00e0 2 heures de gr\u00e8ve vendredi 10 octobre pour&hellip;\n","protected":false},"author":2,"featured_media":437778,"comment_status":"","ping_status":"","sticky":false,"template":"","format":"standard","meta":{"footnotes":""},"categories":[9587],"tags":[1111,11,1777,674,1011,27,12,5161,25,9590],"class_list":{"0":"post-437777","1":"post","2":"type-post","3":"status-publish","4":"format-standard","5":"has-post-thumbnail","7":"category-rouen","8":"tag-actu","9":"tag-actualites","10":"tag-eu","11":"tag-europe","12":"tag-fr","13":"tag-france","14":"tag-news","15":"tag-normandie","16":"tag-republique-francaise","17":"tag-rouen"},"share_on_mastodon":{"url":"https:\/\/pubeurope.com\/@fr\/115313922823718971","error":""},"_links":{"self":[{"href":"https:\/\/www.europesays.com\/fr\/wp-json\/wp\/v2\/posts\/437777","targetHints":{"allow":["GET"]}}],"collection":[{"href":"https:\/\/www.europesays.com\/fr\/wp-json\/wp\/v2\/posts"}],"about":[{"href":"https:\/\/www.europesays.com\/fr\/wp-json\/wp\/v2\/types\/post"}],"author":[{"embeddable":true,"href":"https:\/\/www.europesays.com\/fr\/wp-json\/wp\/v2\/users\/2"}],"replies":[{"embeddable":true,"href":"https:\/\/www.europesays.com\/fr\/wp-json\/wp\/v2\/comments?post=437777"}],"version-history":[{"count":0,"href":"https:\/\/www.europesays.com\/fr\/wp-json\/wp\/v2\/posts\/437777\/revisions"}],"wp:featuredmedia":[{"embeddable":true,"href":"https:\/\/www.europesays.com\/fr\/wp-json\/wp\/v2\/media\/437778"}],"wp:attachment":[{"href":"https:\/\/www.europesays.com\/fr\/wp-json\/wp\/v2\/media?parent=437777"}],"wp:term":[{"taxonomy":"category","embeddable":true,"href":"https:\/\/www.europesays.com\/fr\/wp-json\/wp\/v2\/categories?post=437777"},{"taxonomy":"post_tag","embeddable":true,"href":"https:\/\/www.europesays.com\/fr\/wp-json\/wp\/v2\/tags?post=437777"}],"curies":[{"name":"wp","href":"https:\/\/api.w.org\/{rel}","templated":true}]}}