{"id":437779,"date":"2025-10-04T04:07:07","date_gmt":"2025-10-04T04:07:07","guid":{"rendered":"https:\/\/www.europesays.com\/fr\/437779\/"},"modified":"2025-10-04T04:07:07","modified_gmt":"2025-10-04T04:07:07","slug":"metropole-de-grenoble-un-adolescent-de-11-ans-gravement-blesse-apres-avoir-ete-percute-par-un-bus","status":"publish","type":"post","link":"https:\/\/www.europesays.com\/fr\/437779\/","title":{"rendered":"M\u00e9tropole de Grenoble. Un adolescent de 11 ans gravement bless\u00e9 apr\u00e8s avoir \u00e9t\u00e9 percut\u00e9 par un bus"},"content":{"rendered":"<p>Un gar\u00e7on de 11 ans et demi (et non 13 ans comme indiqu\u00e9 par erreur initialement) a \u00e9t\u00e9 percut\u00e9 par un bus &#8211; un Proximo assurant la ligne 21 -, appartenant \u00e0 la soci\u00e9t\u00e9 Perraud voyages sous trait\u00e9e par M R\u00e9so, dans des circonstances que les gendarmes de la compagnie de Grenoble devront \u00e9tablir formellement, ce jeudi 2 octobre peu avant 15 heures, sur la RD 106 D (dite route de Comboire) sur la commune de Claix.<\/p>\n<p>Ce contenu est bloqu\u00e9 car vous n&rsquo;avez pas accept\u00e9 les cookies et autres traceurs.<\/p>\n<p>En cliquant sur \u00ab J\u2019accepte \u00bb, les cookies et autres traceurs seront d\u00e9pos\u00e9s et vous pourrez visualiser les contenus  (<a href=\"\" class=\"consentModule_policy\" target=\"_blank\" title=\"Consulter la politique de protection des donn\u00e9es du fournisseur\">plus d&rsquo;informations<\/a>).<\/p>\n<p>En cliquant sur \u00ab J\u2019accepte tous les cookies \u00bb, vous autorisez des d\u00e9p\u00f4ts de cookies et autres traceurs pour le stockage de vos donn\u00e9es sur nos sites et applications \u00e0 des fins de personnalisation et de ciblage publicitaire.<\/p>\n<p class=\"consentModule_secondaryText\">Vous gardez la possibilit\u00e9 de retirer votre consentement \u00e0 tout moment en consultant notre <a href=\"https:\/\/www.ledauphine.com\/protection-des-donnees\" target=\"_blank\" title=\"Consulter notre politique de protection des donn\u00e9es\" rel=\"noopener\">politique de protection des donn\u00e9es<\/a>. <br \/>&#13;<br \/>\n            <a href=\"https:\/\/www.ledauphine.com\/faits-divers-justice\/2025\/10\/02\/javascript:Didomi.notice.show()\" class=\"consentModule_cmp\" target=\"_blank\" rel=\"noopener\">G\u00e9rer mes choix<\/a>&#13;\n        <\/p>\n<p>&#13;<br \/>\n                        J&rsquo;accepte&#13;<br \/>\n            J&rsquo;accepte tous les cookies&#13;\n        <\/p>\n<p>L&rsquo;accident s&rsquo;est produit \u00e0 la hauteur de l&rsquo;arr\u00eat \u00ab\u00a0Col de Comboire\u00a0\u00bb alors que le gar\u00e7on traversait la chauss\u00e9e sur un passage prot\u00e9g\u00e9 et que le bus circulait dans le sens Grenoble\/Claix, selon les premi\u00e8res constatations effectu\u00e9es sur place.<\/p>\n<p>Class\u00e9e en urgence absolue, la victime \u00e9tait consciente lorsqu&rsquo;elle a \u00e9t\u00e9 secourue par les sapeurs-pompiers et m\u00e9dicalis\u00e9e par une \u00e9quipe du Samu 38 avant d&rsquo;\u00eatre transport\u00e9e au CHU Grenoble Alpes o\u00f9 elle a \u00e9t\u00e9 admise au service d\u00e9chocage. Selon nos informations, elle serait sortie de l&rsquo;h\u00f4pital.<\/p>\n","protected":false},"excerpt":{"rendered":"Un gar\u00e7on de 11 ans et demi (et non 13 ans comme indiqu\u00e9 par erreur initialement) a \u00e9t\u00e9&hellip;\n","protected":false},"author":2,"featured_media":437780,"comment_status":"","ping_status":"","sticky":false,"template":"","format":"standard","meta":{"footnotes":""},"categories":[9566],"tags":[119,1111,11,2430,9600,112,113,1777,674,274,107,1011,27,2731,108,12,25],"class_list":{"0":"post-437779","1":"post","2":"type-post","3":"status-publish","4":"format-standard","5":"has-post-thumbnail","7":"category-grenoble","8":"tag-accident","9":"tag-actu","10":"tag-actualites","11":"tag-auvergne-rhone-alpes","12":"tag-claix","13":"tag-edition-grenoble-agglomeration","14":"tag-edition-gresivaudan-oisans","15":"tag-eu","16":"tag-europe","17":"tag-faits-divers-justice","18":"tag-fil-info","19":"tag-fr","20":"tag-france","21":"tag-grenoble","22":"tag-isere","23":"tag-news","24":"tag-republique-francaise"},"share_on_mastodon":{"url":"https:\/\/pubeurope.com\/@fr\/115313930667594040","error":""},"_links":{"self":[{"href":"https:\/\/www.europesays.com\/fr\/wp-json\/wp\/v2\/posts\/437779","targetHints":{"allow":["GET"]}}],"collection":[{"href":"https:\/\/www.europesays.com\/fr\/wp-json\/wp\/v2\/posts"}],"about":[{"href":"https:\/\/www.europesays.com\/fr\/wp-json\/wp\/v2\/types\/post"}],"author":[{"embeddable":true,"href":"https:\/\/www.europesays.com\/fr\/wp-json\/wp\/v2\/users\/2"}],"replies":[{"embeddable":true,"href":"https:\/\/www.europesays.com\/fr\/wp-json\/wp\/v2\/comments?post=437779"}],"version-history":[{"count":0,"href":"https:\/\/www.europesays.com\/fr\/wp-json\/wp\/v2\/posts\/437779\/revisions"}],"wp:featuredmedia":[{"embeddable":true,"href":"https:\/\/www.europesays.com\/fr\/wp-json\/wp\/v2\/media\/437780"}],"wp:attachment":[{"href":"https:\/\/www.europesays.com\/fr\/wp-json\/wp\/v2\/media?parent=437779"}],"wp:term":[{"taxonomy":"category","embeddable":true,"href":"https:\/\/www.europesays.com\/fr\/wp-json\/wp\/v2\/categories?post=437779"},{"taxonomy":"post_tag","embeddable":true,"href":"https:\/\/www.europesays.com\/fr\/wp-json\/wp\/v2\/tags?post=437779"}],"curies":[{"name":"wp","href":"https:\/\/api.w.org\/{rel}","templated":true}]}}