{"id":437781,"date":"2025-10-04T04:08:39","date_gmt":"2025-10-04T04:08:39","guid":{"rendered":"https:\/\/www.europesays.com\/fr\/437781\/"},"modified":"2025-10-04T04:08:39","modified_gmt":"2025-10-04T04:08:39","slug":"shein-a-grenoble-je-prefere-plutot-que-les-enseignes-quittent-le-centre-ville-estime-la-federation-des-commercants","status":"publish","type":"post","link":"https:\/\/www.europesays.com\/fr\/437781\/","title":{"rendered":"Shein \u00e0 Grenoble\u00a0: \u00ab\u00a0Je pr\u00e9f\u00e8re plut\u00f4t que les enseignes quittent le centre-ville\u00a0\u00bb, estime la f\u00e9d\u00e9ration des commer\u00e7ants"},"content":{"rendered":"<p> <img decoding=\"async\" src=\"https:\/\/www.europesays.com\/fr\/wp-content\/uploads\/2025\/10\/1759550919_819_1200x680\" alt=\"illustration agrandir l'image\" style=\"--_image-preview:url('data:image\/jpeg;base64,\/9j\/2wBDACgcHiMeGSgjISMtKygwPGRBPDc3PHtYXUlkkYCZlo+AjIqgtObDoKrarYqMyP\/L2u71\/\/\/\/m8H\/\/\/\/6\/+b9\/\/j\/2wBDASstLTw1PHZBQXb4pYyl+Pj4+Pj4+Pj4+Pj4+Pj4+Pj4+Pj4+Pj4+Pj4+Pj4+Pj4+Pj4+Pj4+Pj4+Pj4+Pj4+Pj\/wAARCAAXACoDASIAAhEBAxEB\/8QAFwAAAwEAAAAAAAAAAAAAAAAAAAECA\/\/EABcQAQEBAQAAAAAAAAAAAAAAAAABAhH\/xAAVAQEBAAAAAAAAAAAAAAAAAAAAAf\/EABQRAQAAAAAAAAAAAAAAAAAAAAD\/2gAMAwEAAhEDEQA\/AM8tM1EhwG00LWcqugVTxQBPCAQM4ABgBR\/\/2Q==');\" loading=\"eager\" fetchpriority=\"high\" aria-hidden=\"true\" class=\"svelte-1pnmlwx rounded\" onload=\"this.__e=event\" onerror=\"this.__e=event\"\/> Pour Emmanuel Lenoir, pr\u00e9sident de LabelVille \u00ab\u00a0Une enseigne qui s&rsquo;installe pour nous, c&rsquo;est toujours un plus, plut\u00f4t qu&rsquo;un local qui se vide\u00a0\u00bb \u00a9 Radio France &#8211; Soisic Pellet    <\/p>\n<p class=\"g-ici-body-regular-3 info svelte-1a514ib\">Diffus\u00e9 le vendredi 3 octobre 2025 \u00e0 7:47 <\/p>\n<p class=\"g-ici-body-regular-3 info svelte-1a514ib\">Publi\u00e9 le vendredi 3 octobre 2025 \u00e0 7:47 <\/p>\n<p class=\"g-ici-body-bold-1 standFirst svelte-g22axr\">Si l&rsquo;annonce de l&rsquo;arriv\u00e9e du g\u00e9ant de la \u00ab\u00a0fast fashion\u00a0\u00bb Shein en centre-ville de Grenoble h\u00e9risse le poil de certains commer\u00e7ants, Emmanuel Lenoir, le pr\u00e9sident de la f\u00e9d\u00e9ration d&rsquo;unions commer\u00e7ante LabelVille,  estime que c&rsquo;est plut\u00f4t un plus dans le contexte actuel.<\/p>\n<p>Le d\u00e9bat fait rage depuis que le g\u00e9ant chinois de la \u00ab\u00a0fast-fashion\u00a0\u00bb Shein a annonc\u00e9 l&rsquo;ouverture de 6 magasins en France dont un \u00e0 Grenoble, au sein des Galeries Lafayette qui sont ici d\u00e9tenues par le groupe\u00a0SGM (Soci\u00e9t\u00e9 des grands magasins). Certains commer\u00e7ants du centre-ville et des \u00e9lus voient d&rsquo;un mauvais \u0153il cette installation d&rsquo;une marque grande sp\u00e9cialiste des prix bas et de la mode \u00ab\u00a0jetable\u00a0\u00bb, situ\u00e9e \u00e0 l&rsquo;oppos\u00e9e d&rsquo;une industrie et d&rsquo;un commerce \u00ab\u00a0responsable\u00a0\u00bb. A contrario l&rsquo;invit\u00e9 de ICI matin Emmanuel Lenoir, qui pr\u00e9side la f\u00e9d\u00e9ration d&rsquo;associations de commer\u00e7ants grenoblois LabelVille, estime que dans la situation actuelle cette marque tr\u00e8s populaire sur internet \u00ab\u00a0peut amener du monde en centre-ville\u00a0\u00bb et que \u00ab\u00a0c&rsquo;est \u00e0 nous ensuite de faire le job pour profiter de cette \u00e9v\u00e8nement\u00a0\u00bb. En tout cas \u00ab\u00a0une enseigne qui s&rsquo;installe [&#8230;] c&rsquo;est toujours un plus, plut\u00f4t qu&rsquo;un local qui se vide\u00a0\u00bb.\u00a0\u00ab\u00a0Pas de clients, pas de business. \u00c7a c&rsquo;est notre r\u00e9alit\u00e9 au quotidien, ajoute-t-il. Aujourd&rsquo;hui, on est vraiment en survie\u00a0\u00bb.<\/p>\n<p> \u00c0 lire aussi   <img decoding=\"async\" src=\"https:\/\/www.europesays.com\/fr\/wp-content\/uploads\/2025\/10\/1759550919_541_200x200\" alt=\"Shein annonce l'ouverture de six boutiques en France (photo d'illustration)\" style=\"--_image-preview:url('data:image\/jpeg;base64,\/9j\/2wBDACgcHiMeGSgjISMtKygwPGRBPDc3PHtYXUlkkYCZlo+AjIqgtObDoKrarYqMyP\/L2u71\/\/\/\/m8H\/\/\/\/6\/+b9\/\/j\/2wBDASstLTw1PHZBQXb4pYyl+Pj4+Pj4+Pj4+Pj4+Pj4+Pj4+Pj4+Pj4+Pj4+Pj4+Pj4+Pj4+Pj4+Pj4+Pj4+Pj4+Pj\/wAARCAAqACoDASIAAhEBAxEB\/8QAGQAAAwEBAQAAAAAAAAAAAAAAAgMEAQAF\/8QAGxABAAIDAQEAAAAAAAAAAAAAAAECAxESEzH\/xAAWAQEBAQAAAAAAAAAAAAAAAAAAAQL\/xAAVEQEBAAAAAAAAAAAAAAAAAAAAEf\/aAAwDAQACEQMRAD8AbFNN+GWjRVp0zAXTuyJuH0SCrt3SX0b6NRFeSUuSyjLKPLKhd7l9hvYvYp3beydu2D18sossq8qLKInvIG3DAo4FoMDB\/9k=');\" loading=\"lazy\" fetchpriority=\"low\" aria-hidden=\"true\" class=\"svelte-1pnmlwx rounded\" onload=\"this.__e=event\" onerror=\"this.__e=event\"\/> <\/p>\n<ul class=\"SocialNetworks svelte-bt5901\">\n<li class=\"svelte-bt5901\"><\/li>\n<li class=\"svelte-bt5901\"><\/li>\n<li class=\"svelte-bt5901\"><\/li>\n<li class=\"svelte-bt5901\"><\/li>\n<li class=\"svelte-bt5901\"><\/li>\n<\/ul>\n","protected":false},"excerpt":{"rendered":"Pour Emmanuel Lenoir, pr\u00e9sident de LabelVille \u00ab\u00a0Une enseigne qui s&rsquo;installe pour nous, c&rsquo;est toujours un plus, plut\u00f4t qu&rsquo;un&hellip;\n","protected":false},"author":2,"featured_media":437782,"comment_status":"","ping_status":"","sticky":false,"template":"","format":"standard","meta":{"footnotes":""},"categories":[9566],"tags":[1111,11,2430,1777,674,1011,27,2731,12,25],"class_list":{"0":"post-437781","1":"post","2":"type-post","3":"status-publish","4":"format-standard","5":"has-post-thumbnail","7":"category-grenoble","8":"tag-actu","9":"tag-actualites","10":"tag-auvergne-rhone-alpes","11":"tag-eu","12":"tag-europe","13":"tag-fr","14":"tag-france","15":"tag-grenoble","16":"tag-news","17":"tag-republique-francaise"},"share_on_mastodon":{"url":"https:\/\/pubeurope.com\/@fr\/115313934995943811","error":""},"_links":{"self":[{"href":"https:\/\/www.europesays.com\/fr\/wp-json\/wp\/v2\/posts\/437781","targetHints":{"allow":["GET"]}}],"collection":[{"href":"https:\/\/www.europesays.com\/fr\/wp-json\/wp\/v2\/posts"}],"about":[{"href":"https:\/\/www.europesays.com\/fr\/wp-json\/wp\/v2\/types\/post"}],"author":[{"embeddable":true,"href":"https:\/\/www.europesays.com\/fr\/wp-json\/wp\/v2\/users\/2"}],"replies":[{"embeddable":true,"href":"https:\/\/www.europesays.com\/fr\/wp-json\/wp\/v2\/comments?post=437781"}],"version-history":[{"count":0,"href":"https:\/\/www.europesays.com\/fr\/wp-json\/wp\/v2\/posts\/437781\/revisions"}],"wp:featuredmedia":[{"embeddable":true,"href":"https:\/\/www.europesays.com\/fr\/wp-json\/wp\/v2\/media\/437782"}],"wp:attachment":[{"href":"https:\/\/www.europesays.com\/fr\/wp-json\/wp\/v2\/media?parent=437781"}],"wp:term":[{"taxonomy":"category","embeddable":true,"href":"https:\/\/www.europesays.com\/fr\/wp-json\/wp\/v2\/categories?post=437781"},{"taxonomy":"post_tag","embeddable":true,"href":"https:\/\/www.europesays.com\/fr\/wp-json\/wp\/v2\/tags?post=437781"}],"curies":[{"name":"wp","href":"https:\/\/api.w.org\/{rel}","templated":true}]}}