{"id":437783,"date":"2025-10-04T04:10:36","date_gmt":"2025-10-04T04:10:36","guid":{"rendered":"https:\/\/www.europesays.com\/fr\/437783\/"},"modified":"2025-10-04T04:10:36","modified_gmt":"2025-10-04T04:10:36","slug":"il-faut-anticiper-avant-la-loi-sur-la-fin-de-vie-le-chu-de-rennes-ouvre-le-debat-entre-soignants","status":"publish","type":"post","link":"https:\/\/www.europesays.com\/fr\/437783\/","title":{"rendered":"\u00ab\u00a0Il faut anticiper avant la loi sur la fin de vie\u00a0\u00bb : le CHU de Rennes ouvre le d\u00e9bat entre soignants"},"content":{"rendered":"<p>Le CHU de Rennes prend la parole et ouvre le d\u00e9bat sur un sujet de soci\u00e9t\u00e9\u00a0: la proposition de loi sur le droit \u00e0 l\u2019aide \u00e0 mourir, actuellement en discussion au Parlement. Vincent Morel, chef de l\u2019unit\u00e9 de soins palliatifs, au CHU de Rennes, est l&rsquo;invit\u00e9 d&rsquo;ICI Armorique ce vendredi.<\/p>\n<p>C&rsquo;est plut\u00f4t rare qu&rsquo;un h\u00f4pital prenne la parole sur un sujet de soci\u00e9t\u00e9, et d&rsquo;autant plus sur un sujet si sensible,\u00a0<a class=\"IciLink ici-link IciArticleLink g-ici-body-regular-1 underline brand svelte-lu7k6w\" href=\"https:\/\/www.francebleu.fr\/infos\/societe\/aide-a-mourir-et-soins-palliatifs-que-contiennent-les-deux-textes-soumis-au-vote-de-l-assemblee-nationale-5460368\" rel=\"nofollow noopener\" target=\"_blank\">celui de la fin de vie et de l&rsquo;euthanasie<\/a>. C&rsquo;est pourtant ce qu&rsquo;a d\u00e9cid\u00e9 de faire <strong>le CHU de Rennes, pour ouvrir le d\u00e9bat,<\/strong> et \u00eatre pr\u00eat le jour o\u00f9 la loi sera adopt\u00e9e par le Parlement fran\u00e7ais.<\/p>\n<p>C&rsquo;est ce qu&rsquo;explique <strong>Vincent Morel, chef du service des soins palliatifs au CHU de Rennes,<\/strong> invit\u00e9 d&rsquo;ICI Armorique ce vendredi. \u00ab\u00a0Il y a une discussion depuis de nombreuses ann\u00e9es par le Parlement pour aller vers une loi qui va d\u00e9p\u00e9naliser l&rsquo;aide \u00e0 mourir, et sans pr\u00e9jug\u00e9 du vote du Parlement, il s&rsquo;agit pour les soignants d&rsquo;anticiper\u00a0\u00bb, d\u00e9taille le m\u00e9decin.<\/p>\n<p>\u00ab\u00a0Je pense qu&rsquo;on n&rsquo;est plus dans le moment de dire si cette loi est opportune ou pas, <strong>il s&rsquo;agit de voir comment elle va modifier nos pratiques, comment il va falloir qu&rsquo;on s&rsquo;adapte, et c&rsquo;est tout le travail que l&rsquo;on d\u00e9veloppe au niveau du CHU de Rennes,<\/strong> pour commencer \u00e0 mobiliser les \u00e9quipes sur cette r\u00e9flexion avec toujours l&rsquo;id\u00e9e, pour les professionnels de sant\u00e9 de pouvoir accueillir au mieux les patients et donc de pouvoir avec eux aussi anticiper une \u00e9volution l\u00e9gislative.\u00a0\u00bb<\/p>\n<p>Le chef du service des soins palliatifs du CHU de Rennes poursuit sur la n\u00e9cessit\u00e9 de r\u00e9fl\u00e9chir \u00e0 la pratique pour les soignants.\u00a0\u00ab\u00a0Il va falloir qu&rsquo;on fasse avec cette loi. Cela va nous obliger \u00e0 r\u00e9fl\u00e9chir sur trois \u00e9l\u00e9ments. D&rsquo;abord un premier \u00e9l\u00e9ment qui est plus une approche sociologique, il faut comprendre pourquoi cette loi arrive, pourquoi la soci\u00e9t\u00e9 demande \u00e0 ouvrir un nouveau droit vers l&rsquo;aide \u00e0 mourir, donc il va falloir comprendre les enjeux, les questions, les points de tension, les points d&rsquo;accord, les points de d\u00e9saccord pour mieux \u00e9couter les patients. Il y a un deuxi\u00e8me \u00e9l\u00e9ment indispensable qui est une approche plus soignante, de fa\u00e7on \u00e0 ce qu&rsquo;on soit en capacit\u00e9 de pouvoir aussi bien d\u00e9crypter une personne qui ferait une demande de mourir. Il ne s&rsquo;agirait pas qu&rsquo;un patient, un jour, b\u00e9n\u00e9ficie de l&rsquo;aide \u00e0 mourir par faute d&rsquo;acc\u00e8s aux soins ou par faute d&rsquo;acc\u00e8s \u00e0 des \u00e9quipes comp\u00e9tentes. Et le troisi\u00e8me \u00e9l\u00e9ment pour les professionnels, c&rsquo;est de bien conna\u00eetre le dispositif juridique,\u00a0et c&rsquo;est pour \u00e7a qu&rsquo;on a commenc\u00e9 cette semaine \u00e0 r\u00e9fl\u00e9chir avec des professionnels de sant\u00e9 sur ce qui pourrait advenir.\u00a0\u00bb<\/p>\n<p>Concernant les soins palliatifs, <strong>\u00ab\u00a0j&rsquo;essaie de d\u00e9velopper cette nouvelle approche pr\u00e9ventive, parce qu&rsquo;on sait que si on d\u00e9bute pr\u00e9cocement les soins palliatifs, non seulement les personnes vont vivre mieux, mais elles vont vivre plus longtemps\u00a0\u00bb<\/strong>, poursuit le docteur Vincent Morel.<\/p>\n<p>Interrog\u00e9 sur le possible retard que la France pourrait avoir sur le traitement de cette question de la fin de vie, le chef du service des soins palliatifs du CHU de Rennes r\u00e9pond qu&rsquo;il n&rsquo;est pas dans la comparaison de ce que font les autres pays. \u00ab\u00a0J&rsquo;ai la chance d&rsquo;aller souvent au Qu\u00e9bec, o\u00f9 ils regardent d&rsquo;un \u0153il tr\u00e8s attentif notre d\u00e9veloppement des soins palliatifs. La loi Claeys-Leonetti qui refuse l&rsquo;acharnement th\u00e9rapeutique, et\u00a0nos pratiques s\u00e9datives qui permettent \u00e0 une personne de dormir pour ne pas souffrir alors qu&rsquo;elle va mourir.\u00a0\u00bb<\/p>\n<p>\u00ab\u00a0Par contre, il est vrai que pour l&rsquo;instant en France, on a surtout abord\u00e9 le champ des personnes qui vont mourir, et l\u00e0 on est capable de les soulager, de les \u00e9couter. Pour ce qui est des personnes qui veulent mourir, je ne pense pas qu&rsquo;on aborde ce sujet en retard, on l&rsquo;aborde dans la temporalit\u00e9 qui est la n\u00f4tre, je ne suis jamais pour faire un copier-coller, <strong>je suis pour aller voir les exp\u00e9riences qu&rsquo;il y a dans les pays \u00e0 c\u00f4t\u00e9, mais je suis aussi pour r\u00e9fl\u00e9chir de notre propre fa\u00e7on.\u00a0\u00bb<\/strong><\/p>\n","protected":false},"excerpt":{"rendered":"Le CHU de Rennes prend la parole et ouvre le d\u00e9bat sur un sujet de soci\u00e9t\u00e9\u00a0: la proposition&hellip;\n","protected":false},"author":2,"featured_media":437784,"comment_status":"","ping_status":"","sticky":false,"template":"","format":"standard","meta":{"footnotes":""},"categories":[2821],"tags":[1111,11,829,1777,674,1011,27,12,584,25],"class_list":{"0":"post-437783","1":"post","2":"type-post","3":"status-publish","4":"format-standard","5":"has-post-thumbnail","7":"category-rennes","8":"tag-actu","9":"tag-actualites","10":"tag-bretagne","11":"tag-eu","12":"tag-europe","13":"tag-fr","14":"tag-france","15":"tag-news","16":"tag-rennes","17":"tag-republique-francaise"},"share_on_mastodon":{"url":"https:\/\/pubeurope.com\/@fr\/115313942561425344","error":""},"_links":{"self":[{"href":"https:\/\/www.europesays.com\/fr\/wp-json\/wp\/v2\/posts\/437783","targetHints":{"allow":["GET"]}}],"collection":[{"href":"https:\/\/www.europesays.com\/fr\/wp-json\/wp\/v2\/posts"}],"about":[{"href":"https:\/\/www.europesays.com\/fr\/wp-json\/wp\/v2\/types\/post"}],"author":[{"embeddable":true,"href":"https:\/\/www.europesays.com\/fr\/wp-json\/wp\/v2\/users\/2"}],"replies":[{"embeddable":true,"href":"https:\/\/www.europesays.com\/fr\/wp-json\/wp\/v2\/comments?post=437783"}],"version-history":[{"count":0,"href":"https:\/\/www.europesays.com\/fr\/wp-json\/wp\/v2\/posts\/437783\/revisions"}],"wp:featuredmedia":[{"embeddable":true,"href":"https:\/\/www.europesays.com\/fr\/wp-json\/wp\/v2\/media\/437784"}],"wp:attachment":[{"href":"https:\/\/www.europesays.com\/fr\/wp-json\/wp\/v2\/media?parent=437783"}],"wp:term":[{"taxonomy":"category","embeddable":true,"href":"https:\/\/www.europesays.com\/fr\/wp-json\/wp\/v2\/categories?post=437783"},{"taxonomy":"post_tag","embeddable":true,"href":"https:\/\/www.europesays.com\/fr\/wp-json\/wp\/v2\/tags?post=437783"}],"curies":[{"name":"wp","href":"https:\/\/api.w.org\/{rel}","templated":true}]}}