{"id":437793,"date":"2025-10-04T04:16:13","date_gmt":"2025-10-04T04:16:13","guid":{"rendered":"https:\/\/www.europesays.com\/fr\/437793\/"},"modified":"2025-10-04T04:16:13","modified_gmt":"2025-10-04T04:16:13","slug":"vent-temperatures-records-quel-temps-en-octobre-a-nantes-les-previsions","status":"publish","type":"post","link":"https:\/\/www.europesays.com\/fr\/437793\/","title":{"rendered":"Vent, temp\u00e9ratures, records\u2026 Quel temps en octobre \u00e0 Nantes\u00a0? Les pr\u00e9visions"},"content":{"rendered":"<p>            Par<br \/>\n        <strong><br \/>\n            <a href=\"https:\/\/actu.fr\/auteur\/redaction-nantes\" title=\"Consulter tous les articles de R\u00e9daction Nantes\" target=\"_blank\" rel=\"noopener\">R\u00e9daction Nantes<\/a><br \/>\n        <\/strong><\/p>\n<p>        Publi\u00e9 le<\/p>\n<p>            4 oct. 2025 \u00e0 6h06        <\/p>\n<p>Fini le calme anticyclonique. Une <strong>d\u00e9pression nomm\u00e9e Amy<\/strong> sur les restes de l\u2019ouragan Humberto va ramener de la pluie et du vent sur la France \u00e0 partir du vendredi 3\u00a0octobre 2025 et le nord-ouest sera en premi\u00e8re ligne.<\/p>\n<p class=\" wall-content\">Pour ce mois d\u2019octobre\u00a02025, Nantes (Loire-Atlantique) pourrait, ainsi, bien \u00eatre le th\u00e9\u00e2tre de changements climatiques notables. D\u2019une part en raison de l\u2019influence de La Ni\u00f1a. Ce ph\u00e9nom\u00e8ne climatique qui refroidit les eaux de surface du Pacifique aura vraisemblablement des r\u00e9percussions sur l\u2019Europe de l\u2019Ouest. Selon Yann Amice, m\u00e9t\u00e9orologue \u00e0 Stream4Weather, qui a compil\u00e9 les mod\u00e8les m\u00e9t\u00e9o, Nantes devrait conna\u00eetre en ce mois d\u2019octobre des <strong>p\u00e9riodes de temps sec et doux<\/strong>, interrompues par des \u00e9pisodes plus instables.<\/p>\n<p class=\" wall-content\">Nantes sera ainsi en ce d\u00e9but de mois sous l\u2019influence des restes du cyclone Humberto, apportant des vents dynamiques et des averses \u00e9parses. Cependant, d\u00e8s la deuxi\u00e8me semaine, une dorsale anticyclonique devrait se former, entra\u00eenant des conditions m\u00e9t\u00e9orologiques plus calmes et ensoleill\u00e9es, avec <strong>des temp\u00e9ratures douces pour la saison<\/strong>. Cette tendance devrait se maintenir jusqu\u2019\u00e0 la mi-octobre.<\/p>\n<p class=\" wall-content\">Les mod\u00e8les pr\u00e9voient <strong>un temps plus chaud\u00a0que la moyenne<\/strong> \u00e0 Nantes en octobre.\u00a0Le nord-ouest du pays (Bretagne, Normandie et Hauts-de-France), ainsi que le sud-est, sont les zones o\u00f9 la probabilit\u00e9 de conna\u00eetre un temps plus chaud que la normale est la plus forte.<\/p>\n<p class=\" wall-content\">Vers la fin du mois d\u2019octobre, la situation pourrait devenir plus variable, avec un retour des perturbations atlantiques. Les Nantais devront s\u2019attendre \u00e0 <strong>une alternance de pluies et d\u2019\u00e9claircies<\/strong>, alors que des masses d\u2019air plus froides ou plus humides pourraient s\u2019inviter dans la r\u00e9gion.<\/p>\n<p>C\u2019est quoi un mois d\u2019octobre \u00ab\u2009normal\u2009\u00bb \u00e0 Nantes\u2009?<\/p>\n<p class=\" wall-content\">\u00c0 Nantes, le mois d\u2019octobre est <strong>un savant m\u00e9lange de douceur et de fra\u00eecheur automnale<\/strong>. La temp\u00e9rature moyenne avoisine les 13,5\u00a0\u00b0C, oscillant entre une maximale de 17,6\u00a0\u00b0C et une minimale de 9,5\u00a0\u00b0C. Cependant, le climat nantais n\u2019est pas \u00e0 l\u2019abri de quelques surprises.<\/p>\n<p class=\" wall-content\">En 2023, par exemple, le mercure a grimp\u00e9 jusqu\u2019\u00e0 30,4\u00a0\u00b0C le 9\u00a0octobre, tandis qu\u2019en 1997, une froide matin\u00e9e d\u2019octobre a vu le thermom\u00e8tre chuter \u00e0 -3,3\u00a0\u00b0C.<\/p>\n<p>Votre r\u00e9gion, votre actu !<\/p>\n<p>Recevez chaque jour les infos qui comptent pour vous.<\/p>\n<p>\t<a href=\"https:\/\/actu.fr\/newsletter\" class=\"ac-btn ac-btn--corner ac-btn--medium ac-btn--blue800\" target=\"_blank\" rel=\"noopener\">S&rsquo;incrire<\/a><\/p>\n<p class=\" wall-content\">Les pr\u00e9cipitations, quant \u00e0 elles, totalisent en moyenne 88,8 millim\u00e8tres sur le mois, r\u00e9parties sur environ 12\u00a0jours de pluie. Ainsi, il n\u2019est pas rare de voir alterner les journ\u00e9es humides et les p\u00e9riodes plus s\u00e8ches. Le vent, g\u00e9n\u00e9ralement mod\u00e9r\u00e9 avec une moyenne de 12\u00a0km\/h, peut parfois surprendre par sa force. <strong>En 1987, une rafale record de 115\u00a0km\/h avait balay\u00e9 la r\u00e9gion.<\/strong><\/p>\n<p class=\" wall-content\">Pour suivre<strong> la m\u00e9t\u00e9o au jour le jour<\/strong> \u00e0 Nantes, <a href=\"https:\/\/actu.fr\/meteo\/pays-de-la-loire\/nantes_44109\" target=\"_blank\" rel=\"noopener\">c\u2019est ici.<\/a> Vous y trouverez, avec les donn\u00e9es compil\u00e9es par\u00a0Stream4Weather,<strong> les temp\u00e9ratures maximales et minimales les plus extr\u00eames enregistr\u00e9es \u00e0 Nantes<\/strong> durant les derni\u00e8res 24\u00a0heures, ainsi que les cumuls de pluie et les plus fortes rafales de vent.<\/p>\n<p class=\" wall-content\">Vous y trouverez aussi ces <strong>\u00ab\u2009moyennes\u2009\u00bb \u00e0 Nantes<\/strong>. La r\u00e9f\u00e9rence de ces indicateurs est calcul\u00e9e sur un historique de 30\u00a0ans, sur la p\u00e9riode 1991-2020\u2009: combien a-t-il plu, \u00ab\u2009en moyenne\u2009\u00bb, durant ce mois \u00e0 Nantes, combien d\u2019heures d\u2019ensoleillement, etc.<\/p>\n<p class=\" wall-content\"><strong>Vous trouverez aussi les records<\/strong> (de chaleur, de froid, de pluie, de vent), cette fois sur une p\u00e9riode actualis\u00e9e au jour le jour, donc sur la p\u00e9riode 1991-2025.<\/p>\n<p class=\" wall-content\">Personnalisez votre actualit\u00e9 en ajoutant vos villes et m\u00e9dias en favori avec <a href=\"https:\/\/moncompte.actu.fr\" title=\"D\u00e9couvez Mon Actu\" rel=\"nofollow noopener\" data-trk=\"{&quot;cta&quot;:{&quot;action&quot;:&quot;https:\\\/\\\/moncompte.actu.fr&quot;,&quot;category&quot;:&quot;mon compte&quot;,&quot;from&quot;:&quot;article footer&quot;,&quot;name&quot;:&quot;Mon actu&quot;,&quot;type&quot;:&quot;cta&quot;}}\" target=\"_blank\">Mon Actu<\/a>.<\/p>\n","protected":false},"excerpt":{"rendered":"Par R\u00e9daction Nantes Publi\u00e9 le 4 oct. 2025 \u00e0 6h06 Fini le calme anticyclonique. Une d\u00e9pression nomm\u00e9e Amy&hellip;\n","protected":false},"author":2,"featured_media":437794,"comment_status":"","ping_status":"","sticky":false,"template":"","format":"standard","meta":{"footnotes":""},"categories":[2818],"tags":[1111,11,1129,1777,674,1011,27,2357,766,12,2636,25,104],"class_list":{"0":"post-437793","1":"post","2":"type-post","3":"status-publish","4":"format-standard","5":"has-post-thumbnail","7":"category-nantes","8":"tag-actu","9":"tag-actualites","10":"tag-climat","11":"tag-eu","12":"tag-europe","13":"tag-fr","14":"tag-france","15":"tag-meteo-france","16":"tag-nantes","17":"tag-news","18":"tag-pays-de-la-loire","19":"tag-republique-francaise","20":"tag-societe"},"share_on_mastodon":{"url":"https:\/\/pubeurope.com\/@fr\/115313966110169530","error":""},"_links":{"self":[{"href":"https:\/\/www.europesays.com\/fr\/wp-json\/wp\/v2\/posts\/437793","targetHints":{"allow":["GET"]}}],"collection":[{"href":"https:\/\/www.europesays.com\/fr\/wp-json\/wp\/v2\/posts"}],"about":[{"href":"https:\/\/www.europesays.com\/fr\/wp-json\/wp\/v2\/types\/post"}],"author":[{"embeddable":true,"href":"https:\/\/www.europesays.com\/fr\/wp-json\/wp\/v2\/users\/2"}],"replies":[{"embeddable":true,"href":"https:\/\/www.europesays.com\/fr\/wp-json\/wp\/v2\/comments?post=437793"}],"version-history":[{"count":0,"href":"https:\/\/www.europesays.com\/fr\/wp-json\/wp\/v2\/posts\/437793\/revisions"}],"wp:featuredmedia":[{"embeddable":true,"href":"https:\/\/www.europesays.com\/fr\/wp-json\/wp\/v2\/media\/437794"}],"wp:attachment":[{"href":"https:\/\/www.europesays.com\/fr\/wp-json\/wp\/v2\/media?parent=437793"}],"wp:term":[{"taxonomy":"category","embeddable":true,"href":"https:\/\/www.europesays.com\/fr\/wp-json\/wp\/v2\/categories?post=437793"},{"taxonomy":"post_tag","embeddable":true,"href":"https:\/\/www.europesays.com\/fr\/wp-json\/wp\/v2\/tags?post=437793"}],"curies":[{"name":"wp","href":"https:\/\/api.w.org\/{rel}","templated":true}]}}