{"id":437806,"date":"2025-10-04T04:24:10","date_gmt":"2025-10-04T04:24:10","guid":{"rendered":"https:\/\/www.europesays.com\/fr\/437806\/"},"modified":"2025-10-04T04:24:10","modified_gmt":"2025-10-04T04:24:10","slug":"mois-de-contrastes-pluie-vent-records-quelle-meteo-en-octobre-a-marseille-les-previsions","status":"publish","type":"post","link":"https:\/\/www.europesays.com\/fr\/437806\/","title":{"rendered":"Mois de contrastes\u2026 Pluie, vent, records, quelle m\u00e9t\u00e9o en octobre \u00e0 Marseille ? Les pr\u00e9visions"},"content":{"rendered":"<p>            Par<br \/>\n        <strong><br \/>\n            <a href=\"https:\/\/actu.fr\/auteur\/redaction-marseille\" title=\"Consulter tous les articles de R\u00e9daction Marseille\" target=\"_blank\" rel=\"noopener\">R\u00e9daction Marseille<\/a><br \/>\n        <\/strong><\/p>\n<p>        Publi\u00e9 le<\/p>\n<p>            4 oct. 2025 \u00e0 6h04        <\/p>\n<p>Lunettes de soleil\u2026 et parapluie. Que disent <a href=\"https:\/\/actu.fr\/provence-alpes-cote-d-azur\/marseille_13055\/meteo-dans-les-bouches-du-rhone-quel-est-ce-mysterieux-trou-apparu-dans-le-ciel_63226654.html\" target=\"_blank\" rel=\"noopener\">les pr\u00e9visions m\u00e9t\u00e9o<\/a> pour ce mois d\u2019octobre\u00a02025 \u00e0 <a href=\"https:\/\/actu.fr\/marseille\/\" target=\"_blank\" rel=\"noopener\">Marseille<\/a>\u2009? Yann Amice, m\u00e9t\u00e9orologue pour Stream4Weather, a compil\u00e9 les donn\u00e9es et les mod\u00e8les m\u00e9t\u00e9o.<\/p>\n<p>Une premi\u00e8re quinzaine agr\u00e9able<\/p>\n<p class=\" wall-content\">\u00c0 Marseille, ce mois d\u2019octobre\u00a02025 devrait voir une alternance <strong>entre p\u00e9riodes de temps sec et doux<\/strong>, et \u00e9pisodes plus instables, \u00ab\u2009typiques de cette saison de transition\u2009\u00bb. Le trimestre octobre-novembre-d\u00e9cembre\u00a02025 sera caract\u00e9ris\u00e9 par une tendance \u00e0 la survenue d\u2019un ph\u00e9nom\u00e8ne La Ni\u00f1a.<\/p>\n<p class=\" wall-content\">Une phase qui se d\u00e9finit \u00e0 partir de l\u2019analyse de l\u2019\u00e9volution de l\u2019anomalie (basse) de la temp\u00e9rature de surface de l\u2019oc\u00e9an (SST) dans le centre-est du Pacifique \u00e9quatorial, avec des seuils d\u2019intensit\u00e9 et de dur\u00e9e. Et La Ni\u00f1a qui provoque une circulation atmosph\u00e9rique perturb\u00e9e aura des impacts \u00e0 Marseille.<\/p>\n<p class=\" wall-content\">L\u2019Europe de l\u2019Ouest, y compris la r\u00e9gion m\u00e9diterran\u00e9enne, pourrait conna\u00eetre des conditions anticycloniques intercal\u00e9es avec <strong>des p\u00e9riodes de pluies intenses<\/strong>. La premi\u00e8re quinzaine de ce mois d\u2019octobre\u00a02025 devrait \u00eatre domin\u00e9e par un temps calme et sec, sous l\u2019effet d\u2019une dorsale atlantique.<\/p>\n<p>Une fin de mois plus instable<\/p>\n<p class=\" wall-content\">Des hautes pressions protectrices, qui pourraient n\u00e9anmoins c\u00e9der, car des intrusions d\u2019air instable sont tr\u00e8s probables \u00ab\u2009apportant des \u00e9pisodes de pluies intenses localis\u00e9es\u2009\u00bb, estime Yann Amice. Une dynamique pluvieuse renforc\u00e9e par la temp\u00e9rature encore \u00e9lev\u00e9e en mer M\u00e9diterran\u00e9e, qui reste un r\u00e9servoir d\u2019\u00e9nergie lors des descentes d\u2019air plus frais en altitude.<\/p>\n<p class=\" wall-content\">En milieu de mois d\u2019octobre\u00a02025, les mod\u00e8les m\u00e9t\u00e9o voient \u00e0 cette \u00e9ch\u00e9ance <strong>un blocage anticyclonique<\/strong> qui stabiliserait le temps avec des conditions g\u00e9n\u00e9ralement s\u00e8ches et plus chaudes que la normale. Mais cette accalmie sera de courte dur\u00e9e, car la fin octobre s\u2019annonce vraisemblablement encore tr\u00e8s instable. Des configurations atmosph\u00e9riques plus m\u00e9ridiennes pourraient favoriser le retour des pr\u00e9cipitations, avec un risque accru d\u2019orages, estime Yann Amice.<\/p>\n<p>\u00c0 quoi ressemble un mois d\u2019octobre \u00ab\u2009normal\u2009\u00bb \u00e0 Marseille\u2009?<\/p>\n<p class=\" wall-content\">Le mois d\u2019octobre dans la cit\u00e9 phoc\u00e9enne se caract\u00e9rise habituellement par une douceur agr\u00e9able, avec <strong>une temp\u00e9rature moyenne de 16,9\u00a0\u00b0C<\/strong>. Les journ\u00e9es sont souvent ensoleill\u00e9es, atteignant une moyenne de 20,9\u00a0\u00b0C, bien que <strong>les nuits puissent \u00eatre fra\u00eeches<\/strong>, avec des minimales autour de 13\u00a0\u00b0C. Le record de chaleur enregistr\u00e9 en octobre remonte au 2\u00a0octobre 1997, avec un impressionnant 30,9\u00a0\u00b0C, tandis que le record de froid, bien plus ancien, date du 30\u00a0octobre 1869, avec une temp\u00e9rature de -3\u00a0\u00b0C.<\/p>\n<p>Votre r\u00e9gion, votre actu !<\/p>\n<p>Recevez chaque jour les infos qui comptent pour vous.<\/p>\n<p>\t<a href=\"https:\/\/actu.fr\/newsletter\" class=\"ac-btn ac-btn--corner ac-btn--medium ac-btn--blue800\" target=\"_blank\" rel=\"noopener\">S&rsquo;incrire<\/a><\/p>\n<p class=\" wall-content\">Octobre est \u00e9galement un mois de transition vers des conditions plus humides, avec des pr\u00e9cipitations moyennes de 78,6 millim\u00e8tres et environ six jours de pluie significative. Les Marseillais savent que le mistral peut se lever, apportant des rafales de vent, comme ce fut le cas le 19\u00a0octobre 1994, o\u00f9 une rafale record de 94\u00a0km\/h a \u00e9t\u00e9 enregistr\u00e9e. Malgr\u00e9 ces caprices m\u00e9t\u00e9orologiques, l\u2019ensoleillement reste g\u00e9n\u00e9reux en octobre \u00e0 Marseille, et le vent moyen, autour de 10\u00a0km\/h, contribue \u00e0 maintenir une atmosph\u00e8re agr\u00e9able et vivifiante.<\/p>\n<p>Suivre la m\u00e9t\u00e9o \u00e0 Marseille<\/p>\n<p class=\" wall-content\">Pour suivre la m\u00e9t\u00e9o au jour le jour \u00e0 Marseille, c\u2019est <a href=\"https:\/\/actu.fr\/meteo\/provence-alpes-cote-d-azur\/marseille_13055\" target=\"_blank\" rel=\"noopener\">ici<\/a>. Vous y trouverez avec les donn\u00e9es compil\u00e9es par Stream4Weather les temp\u00e9ratures maximales et minimales les plus extr\u00eames enregistr\u00e9es \u00e0 Marseille durant les derni\u00e8res 24\u00a0heures, ainsi que les cumuls de pluie et les plus fortes rafales de vent.<\/p>\n<p class=\" wall-content\">Vous y trouverez aussi <strong>ces \u00ab\u2009moyennes\u2009\u00bb \u00e0 Marseille<\/strong>. La r\u00e9f\u00e9rence de ces indicateurs est calcul\u00e9e sur un historique de 30\u00a0ans, sur la p\u00e9riode 1991-2020\u2009: combien a-t-il plu, \u00ab\u2009en moyenne\u2009\u00bb durant ce mois \u00e0 Marseille, combien d\u2019heures d\u2019ensoleillement, etc.<\/p>\n<p class=\" wall-content\">Vous trouverez aussi les records (de chaleur, de froid, de pluie, de vent), cette fois sur une p\u00e9riode actualis\u00e9e au jour le jour, donc sur la p\u00e9riode 1991-2025.<\/p>\n<p class=\" wall-content\">Personnalisez votre actualit\u00e9 en ajoutant vos villes et m\u00e9dias en favori avec <a href=\"https:\/\/moncompte.actu.fr\" title=\"D\u00e9couvez Mon Actu\" rel=\"nofollow noopener\" data-trk=\"{&quot;cta&quot;:{&quot;action&quot;:&quot;https:\\\/\\\/moncompte.actu.fr&quot;,&quot;category&quot;:&quot;mon compte&quot;,&quot;from&quot;:&quot;article footer&quot;,&quot;name&quot;:&quot;Mon actu&quot;,&quot;type&quot;:&quot;cta&quot;}}\" target=\"_blank\">Mon Actu<\/a>.<\/p>\n","protected":false},"excerpt":{"rendered":"Par R\u00e9daction Marseille Publi\u00e9 le 4 oct. 2025 \u00e0 6h04 Lunettes de soleil\u2026 et parapluie. Que disent les&hellip;\n","protected":false},"author":2,"featured_media":188878,"comment_status":"","ping_status":"","sticky":false,"template":"","format":"standard","meta":{"footnotes":""},"categories":[2814],"tags":[1111,11,1777,674,1011,27,884,2487,2357,12,882,25],"class_list":{"0":"post-437806","1":"post","2":"type-post","3":"status-publish","4":"format-standard","5":"has-post-thumbnail","7":"category-marseille","8":"tag-actu","9":"tag-actualites","10":"tag-eu","11":"tag-europe","12":"tag-fr","13":"tag-france","14":"tag-marseille","15":"tag-meteo","16":"tag-meteo-france","17":"tag-news","18":"tag-provence-alpes-cote-dazur","19":"tag-republique-francaise"},"share_on_mastodon":{"url":"https:\/\/pubeurope.com\/@fr\/115313997561789249","error":""},"_links":{"self":[{"href":"https:\/\/www.europesays.com\/fr\/wp-json\/wp\/v2\/posts\/437806","targetHints":{"allow":["GET"]}}],"collection":[{"href":"https:\/\/www.europesays.com\/fr\/wp-json\/wp\/v2\/posts"}],"about":[{"href":"https:\/\/www.europesays.com\/fr\/wp-json\/wp\/v2\/types\/post"}],"author":[{"embeddable":true,"href":"https:\/\/www.europesays.com\/fr\/wp-json\/wp\/v2\/users\/2"}],"replies":[{"embeddable":true,"href":"https:\/\/www.europesays.com\/fr\/wp-json\/wp\/v2\/comments?post=437806"}],"version-history":[{"count":0,"href":"https:\/\/www.europesays.com\/fr\/wp-json\/wp\/v2\/posts\/437806\/revisions"}],"wp:featuredmedia":[{"embeddable":true,"href":"https:\/\/www.europesays.com\/fr\/wp-json\/wp\/v2\/media\/188878"}],"wp:attachment":[{"href":"https:\/\/www.europesays.com\/fr\/wp-json\/wp\/v2\/media?parent=437806"}],"wp:term":[{"taxonomy":"category","embeddable":true,"href":"https:\/\/www.europesays.com\/fr\/wp-json\/wp\/v2\/categories?post=437806"},{"taxonomy":"post_tag","embeddable":true,"href":"https:\/\/www.europesays.com\/fr\/wp-json\/wp\/v2\/tags?post=437806"}],"curies":[{"name":"wp","href":"https:\/\/api.w.org\/{rel}","templated":true}]}}