{"id":437811,"date":"2025-10-04T04:28:09","date_gmt":"2025-10-04T04:28:09","guid":{"rendered":"https:\/\/www.europesays.com\/fr\/437811\/"},"modified":"2025-10-04T04:28:09","modified_gmt":"2025-10-04T04:28:09","slug":"cette-joueuse-de-leure-va-disputer-lopen-de-france-avec-la-ligue-de-normandie","status":"publish","type":"post","link":"https:\/\/www.europesays.com\/fr\/437811\/","title":{"rendered":"cette joueuse de l&rsquo;Eure va disputer l&rsquo;Open de France avec la ligue de Normandie"},"content":{"rendered":"<p>            Par<br \/>\n        <strong><br \/>\n            <a href=\"https:\/\/actu.fr\/auteur\/redaction-impartial\" title=\"Consulter tous les articles de R\u00e9daction L&#039;Impartial\" rel=\"nofollow noopener\" target=\"_blank\">R\u00e9daction L&rsquo;Impartial<\/a><br \/>\n        <\/strong><\/p>\n<p>        Publi\u00e9 le<\/p>\n<p>            4 oct. 2025 \u00e0 6h00        <\/p>\n<p><b>Lilou Froment<\/b>, licenci\u00e9e au club des <b>Andelys<\/b> (<a href=\"https:\/\/actu.fr\/l-impartial\/\" rel=\"nofollow noopener\" target=\"_blank\">Eure<\/a>) de baseball et softball, poursuit son remarquable parcours sportif.<\/p>\n<p class=\" wall-content\">Apr\u00e8s avoir d\u00e9but\u00e9 le softball en 2020 lors de s\u00e9ances loisirs organis\u00e9es en interne, elle est s\u00e9lectionn\u00e9e pour porter les couleurs de la <b>ligue de Normandie<\/b> \u00e0 l\u2019Open de France f\u00e9minin de baseball, qui se tient ce week-end \u00e0 <b>Saint-L\u00f4<\/b> (<b>Manche<\/b>).<\/p>\n<p class=\" wall-content\">L\u2019\u00e9quipe normande affrontera des s\u00e9lections de l\u2019<b>Ile-de-France<\/b> et des <b>Hauts-de-France<\/b>.<\/p>\n<p>Les horaires des matchs<\/p>\n<p>Samedi 4 octobre : 11 h (Normandie \/ Ile de France) ; 13 h 30 (Ile de France \/ Hauts de France) ; 16 h (Hauts de France \/ Normandie).<br \/>&#13;<br \/>\nDimanche 5 octobre : 11 h demi-finale ; 14 h finale.<\/p>\n<p>Elle incarne l\u2019essor du baseball f\u00e9minin<\/p>\n<p class=\" wall-content\">Depuis ses premiers pas sur les terrains locaux, anim\u00e9e par l\u2019envie de partager la passion familiale, Lilou n\u2019a cess\u00e9 de progresser, alliant esprit d\u2019\u00e9quipe et d\u00e9termination.<\/p>\n<p class=\" wall-content\">Sa s\u00e9lection vient r\u00e9compenser un parcours et une passion partag\u00e9e au c\u0153ur du club des <a href=\"https:\/\/actu.fr\/normandie\/les-andelys_27016\" rel=\"nofollow noopener\" target=\"_blank\">Andelys<\/a>.<\/p>\n<p>Vid\u00e9os : en ce moment sur Actu<\/p>\n<p class=\" wall-content\">Avec sa pr\u00e9sence \u00e0 l\u2019Open de France f\u00e9minin et au sein d\u2019une \u00e9quipe o\u00f9 la solidarit\u00e9 normande prime, Lilou Froment incarne l\u2019essor du baseball f\u00e9minin r\u00e9gional.<\/p>\n<p>Votre r\u00e9gion, votre actu !<\/p>\n<p>Recevez chaque jour les infos qui comptent pour vous.<\/p>\n<p>\t<a href=\"https:\/\/actu.fr\/newsletter\" class=\"ac-btn ac-btn--corner ac-btn--medium ac-btn--blue800\" rel=\"nofollow noopener\" target=\"_blank\">S&rsquo;incrire<\/a><\/p>\n<p class=\" wall-content\">Son histoire t\u00e9moigne de la dynamique sportive et associative qui anime les clubs normands et inspire de nouvelles vocations.<\/p>\n<p>Trois questions \u00e0 Lilou Froment<\/p>\n<p class=\"ac-article-content__question wall-content\">Qu\u2019avez-vous ressenti en apprenant votre s\u00e9lection pour repr\u00e9senter la Ligue de Normandie \u00e0 l\u2019Open de France, et comment vous \u00eates-vous pr\u00e9par\u00e9e pour ce grand rendez-vous ?<\/p>\n<p class=\" wall-content\">J\u2019ai \u00e9t\u00e9 tr\u00e8s \u00e9tonn\u00e9e d\u2019\u00eatre choisie pour ce grand \u00e9v\u00e9nement, je ne pensais pas avoir le niveau. J\u2019avoue ne pas m\u2019\u00eatre pr\u00e9par\u00e9e plus que \u00e7a. Je me suis dit qu\u2019il fallait que j\u2019y aille en \u00e9tant moi-m\u00eame, et en prouvant de quoi je suis capable.<\/p>\n<p class=\"ac-article-content__question wall-content\">Quels sont vos objectifs personnels pour l\u2019Open de France, et y a-t-il un aspect du jeu que vous souhaitez particuli\u00e8rement mettre en avant ou am\u00e9liorer durant le tournoi ?<\/p>\n<p class=\" wall-content\">J\u2019aimerais essayer d\u2019\u00eatre plus concentr\u00e9e sur le terrain et prendre les choses au s\u00e9rieux, car je suis reconnue pour \u00eatre le clown de l\u2019\u00e9quipe de softball des Andelys. J\u2019aimerais am\u00e9liorer ma r\u00e9activit\u00e9 et mes r\u00e9flexes lors des matchs pour me permettre de r\u00e9aliser un maximum de jeu.<\/p>\n<p class=\"ac-article-content__question wall-content\">Comment envisagez-vous votre r\u00f4le au sein de l\u2019\u00e9quipe de Normandie et en quoi la dynamique de groupe vous aide-t-elle \u00e0 donner le meilleur de vous-m\u00eame lors de cette comp\u00e9tition ?<\/p>\n<p class=\" wall-content\">Je pense que je serai celle qui encourage et f\u00e9licite mes co\u00e9quipi\u00e8res quoi qu\u2019elles fassent, je serai toujours fi\u00e8re d\u2019elles. Pour moi, la dynamique de groupe c\u2019est b\u00e9n\u00e9fique, car \u00e7a t\u2019aide \u00e0 garder confiance en toi et \u00e0 te booster malgr\u00e9 tes erreurs ou tes r\u00e9ussites.<\/p>\n<p class=\" wall-content\">Personnalisez votre actualit\u00e9 en ajoutant vos villes et m\u00e9dias en favori avec <a href=\"https:\/\/moncompte.actu.fr\" title=\"D\u00e9couvez Mon Actu\" rel=\"nofollow noopener\" data-trk=\"{&quot;cta&quot;:{&quot;action&quot;:&quot;https:\\\/\\\/moncompte.actu.fr&quot;,&quot;category&quot;:&quot;mon compte&quot;,&quot;from&quot;:&quot;article footer&quot;,&quot;name&quot;:&quot;Mon actu&quot;,&quot;type&quot;:&quot;cta&quot;}}\" target=\"_blank\">Mon Actu<\/a>.<\/p>\n","protected":false},"excerpt":{"rendered":"Par R\u00e9daction L&rsquo;Impartial Publi\u00e9 le 4 oct. 2025 \u00e0 6h00 Lilou Froment, licenci\u00e9e au club des Andelys (Eure)&hellip;\n","protected":false},"author":2,"featured_media":437812,"comment_status":"","ping_status":"","sticky":false,"template":"","format":"standard","meta":{"footnotes":""},"categories":[1592],"tags":[1111,11,1777,674,1011,27,662,12,626,25,517,60],"class_list":{"0":"post-437811","1":"post","2":"type-post","3":"status-publish","4":"format-standard","5":"has-post-thumbnail","7":"category-ile-de-france","8":"tag-actu","9":"tag-actualites","10":"tag-eu","11":"tag-europe","12":"tag-fr","13":"tag-france","14":"tag-ile-de-france","15":"tag-news","16":"tag-paris","17":"tag-republique-francaise","18":"tag-sport","19":"tag-sports"},"share_on_mastodon":{"url":"https:\/\/pubeurope.com\/@fr\/115314013239343098","error":""},"_links":{"self":[{"href":"https:\/\/www.europesays.com\/fr\/wp-json\/wp\/v2\/posts\/437811","targetHints":{"allow":["GET"]}}],"collection":[{"href":"https:\/\/www.europesays.com\/fr\/wp-json\/wp\/v2\/posts"}],"about":[{"href":"https:\/\/www.europesays.com\/fr\/wp-json\/wp\/v2\/types\/post"}],"author":[{"embeddable":true,"href":"https:\/\/www.europesays.com\/fr\/wp-json\/wp\/v2\/users\/2"}],"replies":[{"embeddable":true,"href":"https:\/\/www.europesays.com\/fr\/wp-json\/wp\/v2\/comments?post=437811"}],"version-history":[{"count":0,"href":"https:\/\/www.europesays.com\/fr\/wp-json\/wp\/v2\/posts\/437811\/revisions"}],"wp:featuredmedia":[{"embeddable":true,"href":"https:\/\/www.europesays.com\/fr\/wp-json\/wp\/v2\/media\/437812"}],"wp:attachment":[{"href":"https:\/\/www.europesays.com\/fr\/wp-json\/wp\/v2\/media?parent=437811"}],"wp:term":[{"taxonomy":"category","embeddable":true,"href":"https:\/\/www.europesays.com\/fr\/wp-json\/wp\/v2\/categories?post=437811"},{"taxonomy":"post_tag","embeddable":true,"href":"https:\/\/www.europesays.com\/fr\/wp-json\/wp\/v2\/tags?post=437811"}],"curies":[{"name":"wp","href":"https:\/\/api.w.org\/{rel}","templated":true}]}}