{"id":437813,"date":"2025-10-04T04:29:10","date_gmt":"2025-10-04T04:29:10","guid":{"rendered":"https:\/\/www.europesays.com\/fr\/437813\/"},"modified":"2025-10-04T04:29:10","modified_gmt":"2025-10-04T04:29:10","slug":"vent-pluie-douceur-records-quel-temps-en-octobre-a-paris-ce-que-disent-les-previsions","status":"publish","type":"post","link":"https:\/\/www.europesays.com\/fr\/437813\/","title":{"rendered":"Vent, pluie, douceur, records\u2026 Quel temps en octobre \u00e0 Paris ? Ce que disent les pr\u00e9visions"},"content":{"rendered":"<p>            Par<br \/>\n        <strong><br \/>\n            <a href=\"https:\/\/actu.fr\/auteur\/redaction-paris\" title=\"Consulter tous les articles de R\u00e9daction Paris\" rel=\"nofollow noopener\" target=\"_blank\">R\u00e9daction Paris<\/a><br \/>\n        <\/strong><\/p>\n<p>        Publi\u00e9 le<\/p>\n<p>            4 oct. 2025 \u00e0 6h16        <\/p>\n<p>Apr\u00e8s une p\u00e9riode calme et anticyclonique, la <strong>m\u00e9t\u00e9o<\/strong> va s\u2019agiter durant ce week-end des samedi 4 et dimanche 5 octobre 2025.\u00a0En cause\u00a0? Une <a href=\"https:\/\/actu.fr\/meteo\/elle-est-d-une-puissance-exceptionnelle-la-tempete-amy-attendue-ce-vendredi-quelles-consequences-en-france_63248254.html\" rel=\"nofollow noopener\" target=\"_blank\">d\u00e9pression nomm\u00e9e Amy<\/a> par le Met Office britannique sur les restes de l\u2019ex-<a href=\"https:\/\/actu.fr\/societe\/une-bombe-meteo-l-ouragan-humberto-va-provoquer-une-tempete-majeure-en-europe-ce-week-end_63239341.html\" rel=\"nofollow noopener\" target=\"_blank\">ouragan Humberto<\/a> qui va se creuser tr\u00e8s rapidement sur l\u2019Atlantique et circuler au nord des \u00eeles Britanniques. <strong>Pluie et vent<\/strong> seront de retour sur le pays, et Paris ne sera pas \u00e0 l\u2019abri.\u00a0<\/p>\n<p>Les pr\u00e9visions m\u00e9t\u00e9o \u00e0 Paris pour le mois d\u2019octobre<\/p>\n<p class=\" wall-content\">Et le reste du mois d\u2019octobre\u00a0? Yann Amice, m\u00e9t\u00e9orologue \u00e0 <a href=\"https:\/\/stream4weather.webcam\/\" rel=\"nofollow noopener\" target=\"_blank\">Stream4Weather<\/a>, a fait \u00ab tourner \u00bb les mod\u00e8les m\u00e9t\u00e9o. R\u00e9sultat ? \u00ab Entre douceur anticyclonique et perturbations, ce mois s\u2019annonce riche en variations climatiques \u00bb, r\u00e9sume le sp\u00e9cialiste.<\/p>\n<p class=\" wall-content\">Apr\u00e8s un d\u00e9but du mois d\u2019octobre sous l\u2019influence de l\u2019ex-cyclone Humberto, avec du vent, de la pluie, et des temp\u00e9ratures en baisse et un ressenti frais sous l\u2019influence oc\u00e9anique, une accalmie se dessine ensuite \u00ab gr\u00e2ce \u00e0 la formation d\u2019une dorsale atlantique, apportant un temps sec et ensoleill\u00e9 sur la capitale \u00bb, r\u00e9sume Yann Amice. Ce r\u00e9pit pourrait se prolonger jusqu\u2019\u00e0 la mi-octobre, favorisant des journ\u00e9es douces mais des nuits fra\u00eeches, typiques des conditions anticycloniques.<\/p>\n<p class=\" wall-content\">Les mod\u00e8les pr\u00e9voient un temps plus chaud\u00a0que la moyenne sur l\u2019ensemble de la France durant ce mois d\u2019octobre\u00a0: le nord-ouest du pays (Bretagne, Normandie et Hauts-de-France), ainsi que le sud-est, sont les zones o\u00f9 la probabilit\u00e9 de conna\u00eetre un temps plus chaud que la normale est la plus forte.<\/p>\n<p class=\" wall-content\">Vers le milieu du mois, \u00e0 Paris, le sc\u00e9nario m\u00e9t\u00e9orologique devrait d\u2019ailleurs basculer vers un r\u00e9gime de blocage, caract\u00e9ris\u00e9 par une stabilisation atmosph\u00e9rique apportant des temp\u00e9ratures plus \u00e9lev\u00e9es que la normale et un temps sec. La fin du mois d\u2019octobre, elle, r\u00e9serve davantage de variabilit\u00e9 avec des s\u00e9quences perturb\u00e9es possibles, dues \u00e0 une circulation atmosph\u00e9rique plus m\u00e9ridienne. Cette p\u00e9riode pourrait apporter une alternance d\u2019averses et d\u2019\u00e9claircies, rappelant que l\u2019automne est bel et bien install\u00e9.<\/p>\n<p>\u00c0 quoi ressemble \u00ab\u00a0normalement\u00a0\u00bb un \u00a0mois d\u2019octobre \u00e0 Paris\u00a0?<\/p>\n<p class=\" wall-content\">Octobre \u00e0 Paris ? C\u2019est g\u00e9n\u00e9ralement une p\u00e9riode de transition douce entre les chaleurs de l\u2019\u00e9t\u00e9 et la fra\u00eecheur de l\u2019automne. Les temp\u00e9ratures moyennes oscillent autour de 13,2 \u00b0C, avec des maximales atteignant fr\u00e9quemment 16,5 \u00b0C et des minimales pouvant descendre \u00e0 9,9 \u00b0C. Toutefois, le mercure peut parfois surprendre, comme ce fut le cas le 1er octobre 2011, o\u00f9 le thermom\u00e8tre a grimp\u00e9 jusqu\u2019\u00e0 28,9 \u00b0C, ou encore cette froide journ\u00e9e du 29 octobre 1877, o\u00f9 il est descendu jusqu\u2019\u00e0 -3,8 \u00b0C.<\/p>\n<p class=\" wall-content\">Les pr\u00e9cipitations, en octobre, s\u2019accumulent en moyenne \u00e0 55,2 mm au cours du mois, r\u00e9parties sur environ 9,5 jours pluvieux, ce qui donne lieu \u00e0 de nombreux apr\u00e8s-midi humides ponctu\u00e9s par des averses. L\u2019ensoleillement, quant \u00e0 lui, se maintient autour de 118,6 heures, offrant aux Parisiens de belles journ\u00e9es lumineuses malgr\u00e9 la brume automnale.<\/p>\n<p>Votre r\u00e9gion, votre actu !<\/p>\n<p>Recevez chaque jour les infos qui comptent pour vous.<\/p>\n<p>\t<a href=\"https:\/\/actu.fr\/newsletter\" class=\"ac-btn ac-btn--corner ac-btn--medium ac-btn--blue800\" rel=\"nofollow noopener\" target=\"_blank\">S&rsquo;incrire<\/a><\/p>\n<p class=\" wall-content\">Le vent ? Il souffle g\u00e9n\u00e9ralement \u00e0 une vitesse mod\u00e9r\u00e9e de 10 km\/h, insufflant une sensation de fra\u00eecheur dans l\u2019air. Cependant, des fortes rafales ont d\u00e9j\u00e0 \u00e9t\u00e9 enregistr\u00e9es, comme le 30 octobre 2000, o\u00f9 elles ont atteint une vitesse record de 119 km\/h, secouant la capitale de mani\u00e8re spectaculaire.<\/p>\n<p>Comment suivre la m\u00e9t\u00e9o \u00e0 Paris<\/p>\n<p class=\" wall-content\">Pour suivre la m\u00e9t\u00e9o au jour le jour \u00e0 Paris, c\u2019est ici : <a href=\"https:\/\/actu.fr\/meteo\/ile-de-france\/paris_75056\" rel=\"nofollow noopener\" target=\"_blank\">https:\/\/actu.fr\/meteo\/ile-de-france\/paris_75056<\/a><\/p>\n<p class=\" wall-content\">Vous y trouverez, avec les donn\u00e9es compil\u00e9es par Stream4Weather, les temp\u00e9ratures maximales et minimales les plus extr\u00eames enregistr\u00e9es dans la capitale durant les derni\u00e8res 24 heures, ainsi que les cumuls de pluie et les plus fortes rafales de vent.<\/p>\n<p class=\" wall-content\">Vous y trouverez aussi les \u00ab\u00a0moyennes\u00a0\u00bb \u00e0 Paris. La r\u00e9f\u00e9rence de ces indicateurs est calcul\u00e9e sur un historique de 30 ans, sur la p\u00e9riode 1991-2020 : combien a-t-il plu, \u00ab\u00a0en moyenne\u00a0\u00bb, durant ce mois \u00e0 Paris, combien d\u2019heures d\u2019ensoleillement, etc.<br \/>Vous trouverez aussi les records (de chaleur, de froid, de pluie, de vent), cette fois sur une p\u00e9riode actualis\u00e9e au jour le jour, donc sur la p\u00e9riode 1991-2025.<\/p>\n<p class=\" wall-content\">Personnalisez votre actualit\u00e9 en ajoutant vos villes et m\u00e9dias en favori avec <a href=\"https:\/\/moncompte.actu.fr\" title=\"D\u00e9couvez Mon Actu\" rel=\"nofollow noopener\" data-trk=\"{&quot;cta&quot;:{&quot;action&quot;:&quot;https:\\\/\\\/moncompte.actu.fr&quot;,&quot;category&quot;:&quot;mon compte&quot;,&quot;from&quot;:&quot;article footer&quot;,&quot;name&quot;:&quot;Mon actu&quot;,&quot;type&quot;:&quot;cta&quot;}}\" target=\"_blank\">Mon Actu<\/a>.<\/p>\n","protected":false},"excerpt":{"rendered":"Par R\u00e9daction Paris Publi\u00e9 le 4 oct. 2025 \u00e0 6h16 Apr\u00e8s une p\u00e9riode calme et anticyclonique, la m\u00e9t\u00e9o&hellip;\n","protected":false},"author":2,"featured_media":437814,"comment_status":"","ping_status":"","sticky":false,"template":"","format":"standard","meta":{"footnotes":""},"categories":[1888],"tags":[1111,1928,11,1927,1777,674,1011,27,2487,12,1926,626,1925,25],"class_list":{"0":"post-437813","1":"post","2":"type-post","3":"status-publish","4":"format-standard","5":"has-post-thumbnail","7":"category-paris","8":"tag-actu","9":"tag-actu-paris","10":"tag-actualites","11":"tag-actualites-paris","12":"tag-eu","13":"tag-europe","14":"tag-fr","15":"tag-france","16":"tag-meteo","17":"tag-news","18":"tag-news-paris","19":"tag-paris","20":"tag-paris-news","21":"tag-republique-francaise"},"share_on_mastodon":{"url":"https:\/\/pubeurope.com\/@fr\/115314017155889587","error":""},"_links":{"self":[{"href":"https:\/\/www.europesays.com\/fr\/wp-json\/wp\/v2\/posts\/437813","targetHints":{"allow":["GET"]}}],"collection":[{"href":"https:\/\/www.europesays.com\/fr\/wp-json\/wp\/v2\/posts"}],"about":[{"href":"https:\/\/www.europesays.com\/fr\/wp-json\/wp\/v2\/types\/post"}],"author":[{"embeddable":true,"href":"https:\/\/www.europesays.com\/fr\/wp-json\/wp\/v2\/users\/2"}],"replies":[{"embeddable":true,"href":"https:\/\/www.europesays.com\/fr\/wp-json\/wp\/v2\/comments?post=437813"}],"version-history":[{"count":0,"href":"https:\/\/www.europesays.com\/fr\/wp-json\/wp\/v2\/posts\/437813\/revisions"}],"wp:featuredmedia":[{"embeddable":true,"href":"https:\/\/www.europesays.com\/fr\/wp-json\/wp\/v2\/media\/437814"}],"wp:attachment":[{"href":"https:\/\/www.europesays.com\/fr\/wp-json\/wp\/v2\/media?parent=437813"}],"wp:term":[{"taxonomy":"category","embeddable":true,"href":"https:\/\/www.europesays.com\/fr\/wp-json\/wp\/v2\/categories?post=437813"},{"taxonomy":"post_tag","embeddable":true,"href":"https:\/\/www.europesays.com\/fr\/wp-json\/wp\/v2\/tags?post=437813"}],"curies":[{"name":"wp","href":"https:\/\/api.w.org\/{rel}","templated":true}]}}