{"id":437815,"date":"2025-10-04T04:30:18","date_gmt":"2025-10-04T04:30:18","guid":{"rendered":"https:\/\/www.europesays.com\/fr\/437815\/"},"modified":"2025-10-04T04:30:18","modified_gmt":"2025-10-04T04:30:18","slug":"affaires-et-boules-puantes-en-route-vers-une-campagne-electorale-des-plus-sales","status":"publish","type":"post","link":"https:\/\/www.europesays.com\/fr\/437815\/","title":{"rendered":"Affaires et \u00ab boules puantes \u00bb\u2026 En route vers une campagne \u00e9lectorale des plus \u00ab sales \u00bb ?"},"content":{"rendered":"<p class=\"mb-4 text-lg md:leading-8 break-words\"><strong>PUGILAT &#8211; Depuis plusieurs mois, les diff\u00e9rents candidats d\u00e9clar\u00e9s \u00e0 la Mairie de Paris s\u2019attaquent vigoureusement sur les affaires et \u00ab boules puantes \u00bb\u2026 au d\u00e9triment de leurs propositions et programmes invisibilis\u00e9s<\/strong><\/p>\n<p class=\"mb-4 text-lg md:leading-8 break-words\">Quelle politique pour <a href=\"https:\/\/www.20minutes.fr\/paris\/?at_medium=RSS%20feed&amp;at_campaign=ynews&amp;utm_source=yahoo&amp;utm_medium=rss&amp;utm_campaign=news_feed&amp;utm_content=in_article_link\" rel=\"nofollow noopener\" target=\"_blank\" data-ylk=\"slk:Paris;elm:context_link;itc:0;sec:content-canvas\" class=\"link \">Paris<\/a> \u00e0 partir de 2026 ? Alors que la plupart des candidats \u00e0 <a href=\"https:\/\/www.20minutes.fr\/municipales\/?at_medium=RSS%20feed&amp;at_campaign=ynews&amp;utm_source=yahoo&amp;utm_medium=rss&amp;utm_campaign=news_feed&amp;utm_content=in_article_link\" rel=\"nofollow noopener\" target=\"_blank\" data-ylk=\"slk:l\u2019\u00e9lection municipale;elm:context_link;itc:0;sec:content-canvas\" class=\"link \">l\u2019\u00e9lection municipale<\/a> de l\u2019ann\u00e9e prochaine dans la capitale sont connus, il est encore, aujourd\u2019hui, difficile d\u2019y voir clair dans les programmes et orientations de chacun. Si plusieurs d\u2019entre eux avancent leurs pions depuis plusieurs semaines, ceux-ci semblent invisibilis\u00e9s par les \u00e9changes d\u2019invectives et d\u2019accusations de toutes sortes entre diff\u00e9rents camps.<\/p>\n<p class=\"mb-4 text-lg md:leading-8 break-words\">Si l\u2019ambiance au <a href=\"https:\/\/www.20minutes.fr\/dossier\/conseil_de_paris?at_medium=RSS%20feed&amp;at_campaign=ynews&amp;utm_source=yahoo&amp;utm_medium=rss&amp;utm_campaign=news_feed&amp;utm_content=in_article_link\" rel=\"nofollow noopener\" target=\"_blank\" data-ylk=\"slk:Conseil de Paris;elm:context_link;itc:0;sec:content-canvas\" class=\"link \">Conseil de Paris<\/a> a souvent \u00e9t\u00e9 \u00e9lectrique, voire \u00e9touffante ces derni\u00e8res ann\u00e9es, on aurait pu penser que l\u2019absence d\u2019Anne Hidalgo aurait pu all\u00e9ger l\u2019atmosph\u00e8re <a href=\"https:\/\/www.20minutes.fr\/paris\/4114324-20241008-paris-rachida-dati-retour-conseil-paris-previent-deja-anne-hidalgo-annonce-prete-degainer?at_medium=RSS%20feed&amp;at_campaign=ynews&amp;utm_source=yahoo&amp;utm_medium=rss&amp;utm_campaign=news_feed&amp;utm_content=in_article_link\" rel=\"nofollow noopener\" target=\"_blank\" data-ylk=\"slk:de ses \u00e9changes, souvent violents, avec Rachida Dati;elm:context_link;itc:0;sec:content-canvas\" class=\"link \">de ses \u00e9changes, souvent violents, avec Rachida Dati<\/a>. Au contraire, ces derniers mois ont montr\u00e9 que la conqu\u00eate de l\u2019H\u00f4tel de ville pourrait donner lieu \u00e0 une campagne \u00ab sale \u00bb.<\/p>\n<p>Tous les ingr\u00e9dients pour une campagne explosive<\/p>\n<p class=\"mb-4 text-lg md:leading-8 break-words\">Certes, le contexte national (et international), riche et angoissant, ne laisse que peu de bande passante pour la vie politique locale dans la t\u00eate des Parisiens. Tous les camps s\u2019accordent sur ce point. Seules arrivent \u00e0 \u00e9merger les affaires et \u00ab boules puantes \u00bb. Enqu\u00eate pour corruption visant Francis Szpiner en avril, signalement au parquet de Paris des \u00ab bijoux cach\u00e9s \u00bb de Rachida Dati en juin, d\u00e9voilement des frais de repr\u00e9sentation d\u2019Anne Hidalgo en septembre suivi de ceux d\u2019Eric Lejoindre et de l\u2019annonce des dates du proc\u00e8s de Rachida Dati pour corruption \u00e0 la fin du mois\u2026 Les dossiers s\u2019encha\u00eenent, chaque adversaire r\u00e9pond et se(&#8230;)<\/p>\n<p class=\"mb-4 text-lg md:leading-8 break-words\"><a href=\"https:\/\/www.20minutes.fr\/paris\/4177017-20251004-municipales-2026-paris-affaires-boules-puantes-route-vers-campagne-electorale-plus-sales?at_medium=RSS%20feed&amp;at_campaign=ynews&amp;utm_source=yahoo&amp;utm_medium=rss&amp;utm_campaign=news_feed&amp;utm_content=read_more_link&quot;\" rel=\"nofollow noopener\" target=\"_blank\" data-ylk=\"slk:Lire la suite sur 20minutes;elm:context_link;itc:0;sec:content-canvas\" class=\"link \">Lire la suite sur 20minutes<\/a><\/p>\n<p>\u00c0 lire aussi :<br \/><a href=\"https:\/\/www.20minutes.fr\/paris\/4123451-20241127-municipales-2026-paris-retrait-anne-hidalgo-aiguise-ambitions-couteaux?at_medium=RSS%20feed&amp;at_campaign=ynews&amp;utm_source=yahoo&amp;utm_medium=rss&amp;utm_campaign=news_feed&amp;utm_content=related_content_link\" rel=\"nofollow noopener\" target=\"_blank\" data-ylk=\"slk:Municipales 2026 \u00e0 Paris : Le retrait d\u2019Anne Hidalgo aiguise les ambitions et les couteaux;elm:context_link;itc:0;sec:content-canvas\" class=\"link \">Municipales 2026 \u00e0 Paris : Le retrait d\u2019Anne Hidalgo aiguise les ambitions et les couteaux<\/a><br \/><a href=\"https:\/\/www.20minutes.fr\/paris\/4160146-20250625-municipales-2026-rachida-dati-peut-sourire-lfi-sophia-chikirou-viennent-bordeliser-union-voulue-gauche?at_medium=RSS%20feed&amp;at_campaign=ynews&amp;utm_source=yahoo&amp;utm_medium=rss&amp;utm_campaign=news_feed&amp;utm_content=related_content_link\" rel=\"nofollow noopener\" target=\"_blank\" data-ylk=\"slk:Municipales 2026 : Rachida Dati peut sourire, la LFI et Sophia Chikirou viennent bord\u00e9liser l\u2019union voulue \u00e0 gauche;elm:context_link;itc:0;sec:content-canvas\" class=\"link \">Municipales 2026 : Rachida Dati peut sourire, la LFI et Sophia Chikirou viennent bord\u00e9liser l\u2019union voulue \u00e0 gauche<\/a><\/p>\n","protected":false},"excerpt":{"rendered":"PUGILAT &#8211; Depuis plusieurs mois, les diff\u00e9rents candidats d\u00e9clar\u00e9s \u00e0 la Mairie de Paris s\u2019attaquent vigoureusement sur les&hellip;\n","protected":false},"author":2,"featured_media":437816,"comment_status":"","ping_status":"","sticky":false,"template":"","format":"standard","meta":{"footnotes":""},"categories":[1888],"tags":[1111,1928,11,1927,56513,2617,1777,674,1011,53449,27,2381,12,1926,626,1925,417,25],"class_list":{"0":"post-437815","1":"post","2":"type-post","3":"status-publish","4":"format-standard","5":"has-post-thumbnail","7":"category-paris","8":"tag-actu","9":"tag-actu-paris","10":"tag-actualites","11":"tag-actualites-paris","12":"tag-boules-puantes","13":"tag-conseil-de-paris","14":"tag-eu","15":"tag-europe","16":"tag-fr","17":"tag-frais-de-representation","18":"tag-france","19":"tag-mairie-de-paris","20":"tag-news","21":"tag-news-paris","22":"tag-paris","23":"tag-paris-news","24":"tag-rachida-dati","25":"tag-republique-francaise"},"share_on_mastodon":{"url":"https:\/\/pubeurope.com\/@fr\/115314021318387093","error":""},"_links":{"self":[{"href":"https:\/\/www.europesays.com\/fr\/wp-json\/wp\/v2\/posts\/437815","targetHints":{"allow":["GET"]}}],"collection":[{"href":"https:\/\/www.europesays.com\/fr\/wp-json\/wp\/v2\/posts"}],"about":[{"href":"https:\/\/www.europesays.com\/fr\/wp-json\/wp\/v2\/types\/post"}],"author":[{"embeddable":true,"href":"https:\/\/www.europesays.com\/fr\/wp-json\/wp\/v2\/users\/2"}],"replies":[{"embeddable":true,"href":"https:\/\/www.europesays.com\/fr\/wp-json\/wp\/v2\/comments?post=437815"}],"version-history":[{"count":0,"href":"https:\/\/www.europesays.com\/fr\/wp-json\/wp\/v2\/posts\/437815\/revisions"}],"wp:featuredmedia":[{"embeddable":true,"href":"https:\/\/www.europesays.com\/fr\/wp-json\/wp\/v2\/media\/437816"}],"wp:attachment":[{"href":"https:\/\/www.europesays.com\/fr\/wp-json\/wp\/v2\/media?parent=437815"}],"wp:term":[{"taxonomy":"category","embeddable":true,"href":"https:\/\/www.europesays.com\/fr\/wp-json\/wp\/v2\/categories?post=437815"},{"taxonomy":"post_tag","embeddable":true,"href":"https:\/\/www.europesays.com\/fr\/wp-json\/wp\/v2\/tags?post=437815"}],"curies":[{"name":"wp","href":"https:\/\/api.w.org\/{rel}","templated":true}]}}