{"id":437817,"date":"2025-10-04T04:31:10","date_gmt":"2025-10-04T04:31:10","guid":{"rendered":"https:\/\/www.europesays.com\/fr\/437817\/"},"modified":"2025-10-04T04:31:10","modified_gmt":"2025-10-04T04:31:10","slug":"affaires-et-boules-puantes-en-route-vers-une-campagne-electorale-des-plus-sales-2","status":"publish","type":"post","link":"https:\/\/www.europesays.com\/fr\/437817\/","title":{"rendered":"Affaires et \u00ab\u00a0boules puantes\u00a0\u00bb\u2026 En route vers une campagne \u00e9lectorale des plus \u00ab\u00a0sales\u00a0\u00bb\u00a0?"},"content":{"rendered":"<p>Quelle politique pour <a href=\"https:\/\/www.20minutes.fr\/paris\/\" class=\"c-link c-link--is-underlined\" target=\"_blank\" rel=\"noopener\">Paris<\/a> \u00e0 partir de\u00a02026\u00a0? Alors que la plupart des candidats \u00e0 <a href=\"https:\/\/www.20minutes.fr\/municipales\/\" class=\"c-link c-link--is-underlined\" target=\"_blank\" rel=\"noopener\">l\u2019\u00e9lection municipale<\/a> de l\u2019ann\u00e9e prochaine dans la capitale sont connus, il est encore, aujourd\u2019hui, difficile d\u2019y voir clair dans les programmes et orientations de chacun. Si plusieurs d\u2019entre eux avancent leurs pions depuis plusieurs semaines, ceux-ci semblent invisibilis\u00e9s par les \u00e9changes d\u2019invectives et d\u2019accusations de toutes sortes entre diff\u00e9rents camps.<\/p>\n<p>Si l\u2019ambiance au <a href=\"https:\/\/www.20minutes.fr\/dossier\/conseil_de_paris\" class=\"c-link c-link--is-underlined\" target=\"_blank\" rel=\"noopener\">Conseil de Paris<\/a> a souvent \u00e9t\u00e9 \u00e9lectrique, voire \u00e9touffante ces derni\u00e8res ann\u00e9es, on aurait pu penser que l\u2019absence d\u2019Anne Hidalgo aurait pu all\u00e9ger l\u2019atmosph\u00e8re <a href=\"https:\/\/www.20minutes.fr\/paris\/4114324-20241008-paris-rachida-dati-retour-conseil-paris-previent-deja-anne-hidalgo-annonce-prete-degainer\" class=\"c-link c-link--is-underlined\" target=\"_blank\" rel=\"noopener\">de ses \u00e9changes, souvent violents, avec Rachida Dati<\/a>. Au contraire, ces derniers mois ont montr\u00e9 que la conqu\u00eate de l\u2019H\u00f4tel de ville pourrait donner lieu \u00e0 une campagne \u00ab\u00a0sale\u00a0\u00bb.<\/p>\n<p>Tous les ingr\u00e9dients pour une campagne explosive<\/p>\n<p>Certes, le contexte national (et international), riche et angoissant, ne laisse que peu de bande passante pour la vie politique locale dans la t\u00eate des Parisiens. Tous les camps s\u2019accordent sur ce point. Seules arrivent \u00e0 \u00e9merger les affaires et \u00ab\u00a0boules puantes\u00a0\u00bb. Enqu\u00eate pour corruption visant <a href=\"https:\/\/www.20minutes.fr\/justice\/4149063-20250417-paris-senateur-francis-szpiner-vise-enquete-faveurs-sexuelles-echange-logement\" class=\"c-link c-link--is-underlined\" target=\"_blank\" rel=\"noopener\">Francis Szpiner<\/a> en avril, signalement au parquet de Paris des \u00ab\u00a0<a href=\"https:\/\/www.20minutes.fr\/politique\/4148094-20250410-rachida-dati-oublie-declarer-bijoux-luxe-haute-autorite-transparence\" class=\"c-link c-link--is-underlined\" target=\"_blank\" rel=\"noopener\">bijoux cach\u00e9s<\/a>\u00a0\u00bb de Rachida Dati en juin, d\u00e9voilement des <a href=\"https:\/\/www.20minutes.fr\/paris\/4173832-20250918-robes-dior-voyages-dispendieux-anne-hidalgo-epinglee-depenses-manque-transparence\" class=\"c-link c-link--is-underlined\" target=\"_blank\" rel=\"noopener\">frais de repr\u00e9sentation d\u2019Anne Hidalgo<\/a> en septembre suivi de ceux d\u2019Eric Lejoindre et de l\u2019annonce <a href=\"https:\/\/www.20minutes.fr\/justice\/4175912-20250929-rachida-dati-proces-corruption-affaire-carlos-ghosn-lieu-septembre-2026\" class=\"c-link c-link--is-underlined\" target=\"_blank\" rel=\"noopener\">des dates du proc\u00e8s de Rachida Dati<\/a> pour corruption \u00e0 la fin du mois\u2026 Les dossiers s\u2019encha\u00eenent, chaque adversaire r\u00e9pond et se d\u00e9cha\u00eene.<\/p>\n<\/p>\n<p>\u00ab\u00a0C\u2019est \u00e0 l\u2019image du Conseil de Paris depuis\u00a02020. Rachida Dati a choisi la strat\u00e9gie de bord\u00e9lisation et d\u2019agressivit\u00e9 sur tous les sujets et envers tout le monde\u00a0\u00bb, nous explique un exp\u00e9riment\u00e9 \u00e9lu parisien qui ne voit dans cette p\u00e9riode pr\u00e9\u00e9lectorale qu\u2019un prolongement.<\/p>\n<p>\u00ab\u00a0Il est vrai qu\u2019\u00e0 partir de\u00a02020 et le renouvellement de nos rangs, nous avons choisi d\u2019incarner une opposition \u00ab\u00a0tonique\u00a0\u00bb, conc\u00e8de <a href=\"https:\/\/www.20minutes.fr\/paris\/4061119-20231107-anne-hidalgo-tahiti-epine-pied-fin-mandat\" class=\"c-link c-link--is-underlined\" target=\"_blank\" rel=\"noopener\">David Alphand<\/a>, co-pr\u00e9sident du groupe Changer Paris avec la ministre de la Culture, l\u2019opposition n\u2019a que peu de pouvoir si ce n\u2019est celui du verbe. C\u2019est par l\u00e0 que nous avons choisi d\u2019instaurer un rapport de force.\u00a0\u00bb<\/p>\n<p>Le prolongement des affrontements Dati-Hidalgo (mais sans cette derni\u00e8re)<\/p>\n<p>Ainsi, et selon notre \u00e9lu qui pr\u00e9f\u00e8re garder l\u2019anonymat, le retrait d\u2019<a href=\"https:\/\/www.20minutes.fr\/dossier\/anne_hidalgo\" class=\"c-link c-link--is-underlined\" target=\"_blank\" rel=\"noopener\">Anne Hidalgo<\/a>, plut\u00f4t que de calmer les esprits, a pour cons\u00e9quence d\u2019enflammer les d\u00e9bats et les \u00e9changes\u00a0: \u00ab\u00a0Avec son d\u00e9part, beaucoup y voient l\u2019opportunit\u00e9 de leur vie. De plus, alors que Rachida Dati \u00e9tait la grande favorite, ses d\u00e9boires judiciaires et la remise en cause de sa candidature chez les macronistes, l\u2019affaiblissent et rebattent les cartes. Donc on a de nouveaux candidats tr\u00e8s ambitieux qui s\u2019attaquent \u00e0 la favorite, bless\u00e9e et plus agressive que jamais.\u00a0\u00bb<\/p>\n<p>Ainsi, la maire du 7e\u00a0arrondissement de Paris a choisi de poursuivre la strat\u00e9gie \u00ab\u00a0anti-Hidalgo\u00a0\u00bb. Les trois candidats d\u00e9clar\u00e9s \u00e0 gauche (l\u2019\u00e9cologiste <a href=\"https:\/\/www.20minutes.fr\/politique\/david-belliard\/\" class=\"c-link c-link--is-underlined\" target=\"_blank\" rel=\"noopener\">David Belliard<\/a>, le communiste <a href=\"https:\/\/www.20minutes.fr\/paris\/4122482-20241121-municipales-2026-paris-ian-brossat-pret-mener-gauche-unie-cas-depart-anne-hidalgo\" class=\"c-link c-link--is-underlined\" target=\"_blank\" rel=\"noopener\">Ian Brossat<\/a> et le socialiste Emmanuel Gr\u00e9goire) sont tous issus de la majorit\u00e9 municipale. Aussi, d\u00e9barrass\u00e9e de la reine-maire, Rachida Dati applique donc la m\u00eame recette \u00e0 ses dauphins qu\u2019elle tient pour comptables de son bilan.<\/p>\n<p>Ainsi David Alphand n\u2019h\u00e9site pas \u00e0 assimiler directement (Eric Lejoindre, maire du 18e\u00a0arrondissement est aussi directeur de campagne d\u2019Emmanuel Gr\u00e9goire), ou indirectement, les trois candidats aux <a href=\"https:\/\/www.20minutes.fr\/politique\/4176981-20251003-pantalon-ski-menu-enfant-bols-achats-defrayes-plus-etonnants-maires-arrondissement-paris\" target=\"_blank\" class=\"c-link c-link--is-underlined\" rel=\"noopener\">dossiers des frais de mandat<\/a>, d\u00e9non\u00e7ant \u00ab\u00a0de mauvaises habitudes prises lorsque l\u2019on reste trop longtemps au pouvoir\u00a0\u00bb.<\/p>\n<p>La notori\u00e9t\u00e9 de Dati (et ses affaires) au c\u0153ur du probl\u00e8me<\/p>\n<p>Aussi agressive soit-elle, les opposants \u00e0 Rachida Dati ne baissent pas les armes. Au contraire. Habitu\u00e9s \u00e0 ferrailler avec elle au Conseil de Paris, ils savent lui rendre les coups. Emmanuel Gr\u00e9goire en premier lieu\u00a0: \u00ab\u00a0Le comportement du camp Dati n\u2019est pas une surprise. La strat\u00e9gie de cr\u00e9er des affaires dans les affaires est un moyen pour elle de tout m\u00e9langer et de faire passer l\u2019id\u00e9e que \u00ab\u00a0grosso modo\u00a0\u00bb, tout le monde est corrompu et qu\u2019il ne s\u2019agit pas d\u2019une singularit\u00e9 de sa propre candidature\u00a0\u00bb, explique l\u2019ancien premier adjoint d\u2019Anne Hidalgo qui pense que \u00ab\u00a0\u00e7a va continuer comme \u00e7a jusqu\u2019\u00e0 la fin de la campagne\u00a0\u00bb.<\/p>\n<p>Une id\u00e9e rejet\u00e9e par David Alphand qui retourne l\u2019accusation\u00a0: \u00ab\u00a0David Belliard et Emmanuel Gr\u00e9goire n\u2019ont gu\u00e8re d\u2019\u00e9cho sur leurs propositions. Donc ils tapent sur Rachida Dati pour faire parler d\u2019eux. Regardez la diff\u00e9rence du nombre de vues sur leurs tweets quand ils parlent de leur programme et quand ils tapent sur Rachida Dati. On est de l\u2019ordre d\u2019un pour dix. Alors ils exploitent le filon\u2026\u00a0\u00bb<\/p>\n<p>L\u2019arriv\u00e9e de LFI ne risque pas d\u2019apaiser les d\u00e9bats<\/p>\n<p>Chaque camp rejette ainsi la faute sur l\u2019autre. Difficile donc d\u2019imaginer l\u2019atmosph\u00e8re se d\u00e9tendre. D\u2019autant qu\u2019une nouvelle candidature pourrait contribuer \u00e0 faire monter la temp\u00e9rature d\u2019un cran\u00a0: celle de <a href=\"https:\/\/www.20minutes.fr\/politique\/4176685-20251002-municipales-paris-investiture-lfi-peut-encore-echapper-sophia-chikirou\" class=\"c-link c-link--is-underlined\" target=\"_blank\" rel=\"noopener\">Sophia Chikirou<\/a>, pressentie pour porter la candidature LFI en\u00a02026. \u00ab\u00a0On est sur le m\u00eame cr\u00e9neau que Rachida Dati, commente notre v\u00e9t\u00e9ran de la politique municipale, une personnalit\u00e9 tr\u00e8s forte, agressive, et qui a aussi une mise en examen sur le dos. Elle pourrait faire des \u00e9tincelles dans tous les sens.\u00a0\u00bb<\/p>\n<p><a href=\"https:\/\/www.20minutes.fr\/paris\/\" class=\"c-link c-btn c-btn--primary\" target=\"_blank\" rel=\"noopener\">Retrouvez toute l&rsquo;actualit\u00e9 de Paris ici<\/a><\/p>\n<p>Si l\u2019insoumise est, par nature, une opposante \u00e0 Rachida Dati, aux macronistes et aux r\u00e9publicains, il est certain qu\u2019elle s\u2019accrochera aussi avec Emmanuel Gr\u00e9goire qui est le seul des candidats de gauche \u00e0 refuser une alliance avec le parti de Jean-Luc M\u00e9lenchon, \u00e0 l\u2019image de la position d\u2019une partie du PS au niveau national.<\/p>\n<p>Un fait dont veut profiter l\u2019actuel porte-parole du PS \u00e0 l\u2019Assembl\u00e9e nationale\u00a0: \u00ab\u00a0Une confrontation et des attaques contre moi\u00a0? Elles donneront un cadre de confrontation et une certaine visibilit\u00e9 m\u00e9diatique. Je ne le crains pas, j\u2019y aspire.\u00a0\u00bb<\/p>\n<p>D\u2019autres candidats pourraient en profiter<\/p>\n<p>S\u2019il n\u2019a pas peur de croiser le fer, d\u2019autres pourraient profiter de ces passes d\u2019armes pour construire leur candidature et se positionner en alternative. Le RN d\u2019abord. Encore tr\u00e8s discret dans cette campagne, et plus g\u00e9n\u00e9ralement \u00e0 Paris, Thierry Mariani, qui sort tout juste de la l\u00e9gislative partielle dans la 2e circonscription (<a href=\"https:\/\/www.20minutes.fr\/paris\/4175743-20250928-legislative-paris-michel-barnier-elu-depute\" target=\"_blank\" class=\"c-link c-link--is-underlined\" rel=\"noopener\">remport\u00e9e par Michel Barnier<\/a>), suit de pr\u00e8s tous les travers signal\u00e9s nous assure une membre de son \u00e9quipe, sans pour autant se manifester. Alors qu\u2019il \u00ab\u00a0travaille sur son programme et \u00e0 la construction des listes d\u2019arrondissement qu\u2019il souhaite pr\u00e9senter avant la fin de l\u2019ann\u00e9e\u00a0\u00bb, le parti d\u2019extr\u00eame droite confie voir dans ses \u00e9changes \u00ab\u00a0le lot de chaque fin de r\u00e8gne\u00a0\u00bb et ne pas vouloir entrer dans ce \u00ab\u00a0genre de bataille\u00a0\u00bb.<\/p>\n<p>Plus avanc\u00e9 dans sa campagne, <a href=\"https:\/\/www.20minutes.fr\/politique\/4156453-20250602-municipales-2026-paris-soutenu-edouard-philippe-pierre-yves-bournazel-declare-candidat\" class=\"c-link c-link--is-underlined\" target=\"_blank\" rel=\"noopener\">Pierre-Yves Bournazel<\/a> (Horizons) assure qu\u2019il ne faudra pas non plus compter sur lui pour participer au pugilat. Lui qui se pose en \u00ab\u00a0candidat anti-pagaille\u00a0\u00bb, voit peut-\u00eatre, avec les d\u00e9boires de Rachida Dati (et le refus de soutien de nombreux macronistes) et la difficile union \u00e0 gauche une opportunit\u00e9 extraordinaire de tirer son \u00e9pingle du jeu. \u00ab\u00a0Les sujets d\u2019\u00e9thique sont importants mais ils doivent tenir sur des propositions et des engagements, pas sur des r\u00e8glements de compte, nous assure-t-il, je construis cette campagne sur un changement positif de Paris. Je souhaite donner une image apais\u00e9e et constructive, sans opposition syst\u00e9matique. Pendant qu\u2019on assiste \u00e0 ces strat\u00e9gies d\u2019attaque et de contre-attaque, je pr\u00e9f\u00e8re tendre la main.\u00a0\u00bb<\/p>\n","protected":false},"excerpt":{"rendered":"Quelle politique pour Paris \u00e0 partir de\u00a02026\u00a0? Alors que la plupart des candidats \u00e0 l\u2019\u00e9lection municipale de l\u2019ann\u00e9e&hellip;\n","protected":false},"author":2,"featured_media":437818,"comment_status":"","ping_status":"","sticky":false,"template":"","format":"standard","meta":{"footnotes":""},"categories":[1888],"tags":[11,2618,416,30253,2761,1777,674,1011,27,3540,35698,662,3081,32356,8335,12,626,4484,417,2556,1306,25,18834,39672],"class_list":{"0":"post-437817","1":"post","2":"type-post","3":"status-publish","4":"format-standard","5":"has-post-thumbnail","7":"category-paris","8":"tag-actualites","9":"tag-anne-hidalgo","10":"tag-assemblee-nationale","11":"tag-david-belliard","12":"tag-elections-municipales-2026","13":"tag-eu","14":"tag-europe","15":"tag-fr","16":"tag-france","17":"tag-horizons","18":"tag-ian-brossat","19":"tag-ile-de-france","20":"tag-jean-luc-melenchon","21":"tag-les-ecologistes-eelv","22":"tag-les-republicains-lr","23":"tag-news","24":"tag-paris","25":"tag-parti-socialiste-ps","26":"tag-rachida-dati","27":"tag-rassemblement-national-rn","28":"tag-regions","29":"tag-republique-francaise","30":"tag-sophia-chikirou","31":"tag-thierry-mariani"},"share_on_mastodon":{"url":"https:\/\/pubeurope.com\/@fr\/115314025033926173","error":""},"_links":{"self":[{"href":"https:\/\/www.europesays.com\/fr\/wp-json\/wp\/v2\/posts\/437817","targetHints":{"allow":["GET"]}}],"collection":[{"href":"https:\/\/www.europesays.com\/fr\/wp-json\/wp\/v2\/posts"}],"about":[{"href":"https:\/\/www.europesays.com\/fr\/wp-json\/wp\/v2\/types\/post"}],"author":[{"embeddable":true,"href":"https:\/\/www.europesays.com\/fr\/wp-json\/wp\/v2\/users\/2"}],"replies":[{"embeddable":true,"href":"https:\/\/www.europesays.com\/fr\/wp-json\/wp\/v2\/comments?post=437817"}],"version-history":[{"count":0,"href":"https:\/\/www.europesays.com\/fr\/wp-json\/wp\/v2\/posts\/437817\/revisions"}],"wp:featuredmedia":[{"embeddable":true,"href":"https:\/\/www.europesays.com\/fr\/wp-json\/wp\/v2\/media\/437818"}],"wp:attachment":[{"href":"https:\/\/www.europesays.com\/fr\/wp-json\/wp\/v2\/media?parent=437817"}],"wp:term":[{"taxonomy":"category","embeddable":true,"href":"https:\/\/www.europesays.com\/fr\/wp-json\/wp\/v2\/categories?post=437817"},{"taxonomy":"post_tag","embeddable":true,"href":"https:\/\/www.europesays.com\/fr\/wp-json\/wp\/v2\/tags?post=437817"}],"curies":[{"name":"wp","href":"https:\/\/api.w.org\/{rel}","templated":true}]}}