{"id":437824,"date":"2025-10-04T04:35:20","date_gmt":"2025-10-04T04:35:20","guid":{"rendered":"https:\/\/www.europesays.com\/fr\/437824\/"},"modified":"2025-10-04T04:35:20","modified_gmt":"2025-10-04T04:35:20","slug":"etats-unis-et-israel-des-democraties-minees-par-leurs-propres-dirigeants","status":"publish","type":"post","link":"https:\/\/www.europesays.com\/fr\/437824\/","title":{"rendered":"Etats-Unis et Isra\u00ebl, des d\u00e9mocraties min\u00e9es par leurs propres dirigeants"},"content":{"rendered":"<p>        Lire\u00a0plus\u00a0tard      <\/p>\n<p><a aria-label=\"Nous suivre sur Google News\" href=\"https:\/\/news.google.com\/publications\/CAAqBwgKMJe4nQkw3dFs?hl=fr&amp;gl=FR&amp;ceid=FR%3Afr\" target=\"_blank\" data-piano=\"Page_Article,Sous_date_publi,Nous_suivre_sur_google_news,1er_clic,action\" class=\"btn btn--small btn--tertiary btn--icon-only\" rel=\"nofollow noopener\"><\/p>\n<p>      Google Actualit\u00e9s<br \/>\n  <\/a><\/p>\n<p>  Partager<\/p>\n<p>        Facebook<\/p>\n<p>        Bluesky<\/p>\n<p>        E-mail<\/p>\n<p>        Copier le lien<\/p>\n<p>      Envoyer<\/p>\n<p>      S\u2019abonner pour lire    <\/p>\n<p class=\"node__paragraphe antonia-750r text-grey-800 pb-24 pb-md-32\">\nDeux sc\u00e8nes, deux continents, une m\u00eame d\u00e9rive\u00a0: aux Etats-Unis comme en Isra\u00ebl, des d\u00e9mocraties solides se trouvent min\u00e9es par leurs propres dirigeants, d\u00e9cid\u00e9s \u00e0 plier les institutions \u00e0 leurs caprices. <a href=\"https:\/\/www.nouvelobs.com\/monde\/20250926.OBS108075\/je-n-ai-pas-peur-l-ex-chef-du-fbi-james-comey-inculpe-une-premiere-concretisation-des-promesses-de-vengeance-de-trump.html\" rel=\"nofollow noopener\" target=\"_blank\">L\u2019inculpation de James Comey<\/a>, ex-directeur du FBI, la police f\u00e9d\u00e9rale am\u00e9ricaine, par le minist\u00e8re de la Justice de Donald Trump, et la nomination de David Zini \u00e0 la t\u00eate du Shin Bet, les services secrets int\u00e9rieurs isra\u00e9liens, par Benyamin Netanyahou, dessinent une ligne commune\u00a0: la neutralisation des contre-pouvoirs au profit du clan.<\/p>\n<p class=\"node__paragraphe antonia-750r text-grey-800 pb-8\">\nA Washington, Donald Trump a obtenu ce qu\u2019il r\u00e9clamait depuis huit ans\u00a0: la mise en accusation de son ennemi qui avait instruit l\u2019enqu\u00eate sur les ing\u00e9rences russes aux Etats-Unis. James Comey est inculp\u00e9 pour avoir menti au Congr\u00e8s lors d\u2019une audition vieille de cinq ans. L\u2019acte d\u2019accusation tient e\u2026<\/p>\n<p class=\"latino-100m text-blue-400\">Article r\u00e9serv\u00e9 aux abonn\u00e9s.<\/p>\n<p>          Se connecter<\/p>\n<p class=\"text-center antonia-1850c\" style=\"margin-bottom:4px;\">Envie de lire la suite ?<\/p>\n<p class=\"text-center antonia-800c pb-16\">Tous nos articles en int\u00e9gralit\u00e9 d\u00e8s\u00a01\u20ac<\/p>\n<p>        S&rsquo;abonner<\/p>\n<p class=\"text-grey-700 or\">ou<\/p>\n<p>            <img width=\"164\" height=\"20\" src=\"data:image\/svg+xml,%3Csvg%20xmlns%3D%27http%3A%2F%2Fwww.w3.org%2F2000%2Fsvg%27%20fill%3D%22%23e4e4e4%22%20viewBox%3D%270%200%20282%2054%27%20width%3D%22282%22%20height%3D%2254%22%3E%3Cpath%20d%3D%27M0%200h282v54H0z%27%2F%3E%3C%2Fsvg%3E\"  class=\"js-swg-placeholder\" alt=\"Subscribe with Google\" loading=\"lazy\" decoding=\"async\"\/><\/p>\n<p>          D\u00e9couvrir toutes nos offres<\/p>\n","protected":false},"excerpt":{"rendered":"Lire\u00a0plus\u00a0tard Google Actualit\u00e9s Partager Facebook Bluesky E-mail Copier le lien Envoyer S\u2019abonner pour lire Deux sc\u00e8nes, deux continents,&hellip;\n","protected":false},"author":2,"featured_media":437825,"comment_status":"","ping_status":"","sticky":false,"template":"","format":"standard","meta":{"footnotes":""},"categories":[1589],"tags":[17,11,56515,13789,14068,73,1866,664,56514,56516,74,12,32123,14069,1864,1865,1863,308],"class_list":{"0":"post-437824","1":"post","2":"type-post","3":"status-publish","4":"format-standard","5":"has-post-thumbnail","7":"category-etats-unis","8":"tag-17","9":"tag-actualites","10":"tag-democraties","11":"tag-dirigeants","12":"tag-etats","13":"tag-etats-unis","14":"tag-etats-unis-damerique","15":"tag-israel","16":"tag-la-chronique-de-sara-daniel","17":"tag-minees","18":"tag-monde","19":"tag-news","20":"tag-propres","21":"tag-unis","22":"tag-united-states","23":"tag-united-states-of-america","24":"tag-us","25":"tag-usa"},"share_on_mastodon":{"url":"https:\/\/pubeurope.com\/@fr\/115314040753317136","error":""},"_links":{"self":[{"href":"https:\/\/www.europesays.com\/fr\/wp-json\/wp\/v2\/posts\/437824","targetHints":{"allow":["GET"]}}],"collection":[{"href":"https:\/\/www.europesays.com\/fr\/wp-json\/wp\/v2\/posts"}],"about":[{"href":"https:\/\/www.europesays.com\/fr\/wp-json\/wp\/v2\/types\/post"}],"author":[{"embeddable":true,"href":"https:\/\/www.europesays.com\/fr\/wp-json\/wp\/v2\/users\/2"}],"replies":[{"embeddable":true,"href":"https:\/\/www.europesays.com\/fr\/wp-json\/wp\/v2\/comments?post=437824"}],"version-history":[{"count":0,"href":"https:\/\/www.europesays.com\/fr\/wp-json\/wp\/v2\/posts\/437824\/revisions"}],"wp:featuredmedia":[{"embeddable":true,"href":"https:\/\/www.europesays.com\/fr\/wp-json\/wp\/v2\/media\/437825"}],"wp:attachment":[{"href":"https:\/\/www.europesays.com\/fr\/wp-json\/wp\/v2\/media?parent=437824"}],"wp:term":[{"taxonomy":"category","embeddable":true,"href":"https:\/\/www.europesays.com\/fr\/wp-json\/wp\/v2\/categories?post=437824"},{"taxonomy":"post_tag","embeddable":true,"href":"https:\/\/www.europesays.com\/fr\/wp-json\/wp\/v2\/tags?post=437824"}],"curies":[{"name":"wp","href":"https:\/\/api.w.org\/{rel}","templated":true}]}}