{"id":437847,"date":"2025-10-04T04:50:19","date_gmt":"2025-10-04T04:50:19","guid":{"rendered":"https:\/\/www.europesays.com\/fr\/437847\/"},"modified":"2025-10-04T04:50:19","modified_gmt":"2025-10-04T04:50:19","slug":"cyclisme-cro-race-paul-magnier-une-belle-entree-en-matiere-ravi-de-conclure","status":"publish","type":"post","link":"https:\/\/www.europesays.com\/fr\/437847\/","title":{"rendered":"Cyclisme. CRO Race &#8211; Paul Magnier : \u00abUne belle entr\u00e9e en mati\u00e8re&#8230; ravi de conclure\u00bb"},"content":{"rendered":"<p>Nouveau sprint et nouvelle victoire pour le Fran\u00e7ais <strong>Paul Magnier<\/strong> (Soudal Quick-Step) ! Ce mardi d\u00e9butait la 10e \u00e9dition de la <strong><a href=\"https:\/\/www.cyclismactu.net\/..\/news-cyclisme-route-cro-race-paul-magnier-s-offre-danny-van-poppel-sur-1ere-etape-90381.html\" target=\"_blank\" rel=\"noopener\">CRO Race<\/a><\/strong> avec une premi\u00e8re \u00e9tape destin\u00e9e aux sprinteurs entre Split et Sinj. Au terme des 62,5 kilom\u00e8tres de course, le coureur fran\u00e7ais de 21 ans est venu s&rsquo;adjuger son onzi\u00e8me bouquet cette saison devant le champion des Pays-Bas, <strong>Danny Van Poppel <\/strong>(Red Bull-BORA-Hansgrohe), et l\u2019Isra\u00e9lien <strong>Oded Kogut<\/strong> (Israel-Premier Tech). \u00c0 la suite de sa brillante victoire, le natif de Laredo s&rsquo;est exprim\u00e9 dans le communiqu\u00e9 de son \u00e9quipe.<\/p>\n<p>Vid\u00e9o &#8211; Le r\u00e9sum\u00e9 de la 1\u00e8re \u00e9tape de la CRO Race Lire la suite de l&rsquo;article&#13;<\/p>\n<p>\u00a0<\/p>\n<p>&#13;<br \/>\n\u00ab\u00a0Le mois de septembre a \u00e9t\u00e9 excellent&#8230;\u00a0\u00bb&#13;<\/p>\n<p>\u00ab\u00a0Je suis content d&rsquo;avoir remport\u00e9 une nouvelle victoire, pour la premi\u00e8re participation de l&rsquo;\u00e9quipe ici, car le mois de septembre a \u00e9t\u00e9 excellent et je suis heureux de le conclure ainsi\u00a0\u00bb, d\u00e9bute <strong>Magnier<\/strong>. \u00ab\u00a0Je tiens \u00e0 remercier les gars, ils ont fait un travail fantastique, tout comme en Slovaquie. C&rsquo;\u00e9tait une belle entr\u00e9e en mati\u00e8re et je suis ravi d&rsquo;avoir pu la conclure. J&rsquo;appr\u00e9cie d&rsquo;\u00eatre ici en Croatie, c&rsquo;est un pays magnifique, les jambes sont bonnes, nous sommes tous motiv\u00e9s et nous esp\u00e9rons nous battre pour d&rsquo;autres victoires cette semaine\u00a0\u00bb, conclut <strong>Paul Magnier<\/strong>.<\/p>\n<p>CRO Race &#8211; Classement de la 1\u00e8 \u00e9tape CRO Race &#8211; Classement g\u00e9n\u00e9ral provisoire apr\u00e8s la 1\u00e8 \u00e9tape<\/p>\n","protected":false},"excerpt":{"rendered":"Nouveau sprint et nouvelle victoire pour le Fran\u00e7ais Paul Magnier (Soudal Quick-Step) ! Ce mardi d\u00e9butait la 10e&hellip;\n","protected":false},"author":2,"featured_media":437848,"comment_status":"","ping_status":"","sticky":false,"template":"","format":"standard","meta":{"footnotes":""},"categories":[1411],"tags":[55583,1154,207,211,1011,27,209,60,210,212,208,213],"class_list":{"0":"post-437847","1":"post","2":"type-post","3":"status-publish","4":"format-standard","5":"has-post-thumbnail","7":"category-cyclisme","8":"tag-cro-race","9":"tag-cycling","10":"tag-cyclisme","11":"tag-ffc","12":"tag-fr","13":"tag-france","14":"tag-route","15":"tag-sports","16":"tag-tour-de-france","17":"tag-uci","18":"tag-velo","19":"tag-world-tour"},"share_on_mastodon":{"url":"https:\/\/pubeurope.com\/@fr\/115314099712375249","error":""},"_links":{"self":[{"href":"https:\/\/www.europesays.com\/fr\/wp-json\/wp\/v2\/posts\/437847","targetHints":{"allow":["GET"]}}],"collection":[{"href":"https:\/\/www.europesays.com\/fr\/wp-json\/wp\/v2\/posts"}],"about":[{"href":"https:\/\/www.europesays.com\/fr\/wp-json\/wp\/v2\/types\/post"}],"author":[{"embeddable":true,"href":"https:\/\/www.europesays.com\/fr\/wp-json\/wp\/v2\/users\/2"}],"replies":[{"embeddable":true,"href":"https:\/\/www.europesays.com\/fr\/wp-json\/wp\/v2\/comments?post=437847"}],"version-history":[{"count":0,"href":"https:\/\/www.europesays.com\/fr\/wp-json\/wp\/v2\/posts\/437847\/revisions"}],"wp:featuredmedia":[{"embeddable":true,"href":"https:\/\/www.europesays.com\/fr\/wp-json\/wp\/v2\/media\/437848"}],"wp:attachment":[{"href":"https:\/\/www.europesays.com\/fr\/wp-json\/wp\/v2\/media?parent=437847"}],"wp:term":[{"taxonomy":"category","embeddable":true,"href":"https:\/\/www.europesays.com\/fr\/wp-json\/wp\/v2\/categories?post=437847"},{"taxonomy":"post_tag","embeddable":true,"href":"https:\/\/www.europesays.com\/fr\/wp-json\/wp\/v2\/tags?post=437847"}],"curies":[{"name":"wp","href":"https:\/\/api.w.org\/{rel}","templated":true}]}}