{"id":437849,"date":"2025-10-04T04:51:12","date_gmt":"2025-10-04T04:51:12","guid":{"rendered":"https:\/\/www.europesays.com\/fr\/437849\/"},"modified":"2025-10-04T04:51:12","modified_gmt":"2025-10-04T04:51:12","slug":"om-au-milieu-cinq-hommes-forts-pour-deux-places-lequipe","status":"publish","type":"post","link":"https:\/\/www.europesays.com\/fr\/437849\/","title":{"rendered":"OM &#8211; Au milieu, cinq hommes forts pour deux places &#8211; L&#039;\u00c9quipe"},"content":{"rendered":"<ol>\n<li><a href=\"https:\/\/news.google.com\/rss\/articles\/CBMiwAFBVV95cUxQMTBYaGQzQ0hPeXZUMTlOOGhJZmJ0VHJ0anlNdndWSEh0TGZGMDlVU2dKeTQxQWx2SkduWFpHbk10NnQxSlVSZVE5NUNCd0dOQjZsYURDUFZURVZfNjdTTG5ISi0yWS01UlM3bTA0bG00TjAxMmRGVzlQeEZqdHRFOU04VHdWUEFPeFhUcnhSdEdLSV95ZUhuSHE2Zm5BcXZQb1E1VXM1ODI5ajlQX0g2VEpCWHJ0TnV0MGRqNDZzaVA?oc=5\" target=\"_blank\" rel=\"nofollow noopener\">OM &#8211; Au milieu, cinq hommes forts pour deux places<\/a>&nbsp;&nbsp;L&rsquo;\u00c9quipe<\/li>\n<li><a href=\"https:\/\/news.google.com\/rss\/articles\/CBMikAFBVV95cUxQblktNDQwTkNCNlpSQlZGSkpieDZQNHBMVVRuNjkxWjRiZTVtU3IxSjJsRlFMdFlVbDhaaElUbGUtVl9Tdkk0a3hWYUxUZUFpcVduLXhXRTZDTW5PM1VuaHplcUlLWHl6MDYyLXVCSzkxZ0djSVV3MU1TcWtZUlZEd3k2VWMyRFhwLWJHdlpTcG4?oc=5\" target=\"_blank\" rel=\"nofollow noopener\">OM : Arthur Vermeeren d\u00e9voile son mod\u00e8le<\/a>&nbsp;&nbsp;Foot Mercato<\/li>\n<li><a href=\"https:\/\/news.google.com\/rss\/articles\/CBMiwAFBVV95cUxNTVBMc2NBZ294MkxvOXFnTkN6eGFzRE8tOEtaU3E3cUo2OU4wRG5PWjE2T0dxbGtkUFZFWlBlRVppdngxYnFvM0NNb3l1RGt1MW5JQXo0cUJCSDA3R1pKcFJGQl9CTHg5T3l1aXhPMDJ2c3huNXQ2NHd4MFBnajNiOTl3OC1ULTRKTWNRa21jSWxfVzk1ZzhyT2NibnROTENHRmh4Ti04V2pESDJMYzV6U2FJcVhScGxZV003elpDY1E?oc=5\" target=\"_blank\" rel=\"nofollow noopener\">Vermeeren : \u00abLe plus important, c&rsquo;est le collectif\u00bb &#8211; Foot &#8211; Ligue 1 &#8211; OM<\/a>&nbsp;&nbsp;Orange Actualit\u00e9s | Sports<\/li>\n<li><a href=\"https:\/\/news.google.com\/rss\/articles\/CBMiyAFBVV95cUxPdjBSTUhudmtWbkMtLWtaWE91TzFvX3paekY5SVR1VGlhc1FjQ01MZ0J1enpiNlhLMElBQTdCaEJhTUxPNGQ0NnFKc2FQelhVTERGTF9FQ3kzQW9sczRQVW1xbXhhNV92Q1ljNTJvN2k4S0dVaWlzVHZFQ01hMlBicDhDVWdxYWVxdmNCRzJBVzVBcXdEZklRMlhqNk1DZHByM0U3N2FfWU1QaWZyRlYzV2xCQmxKdlZlRW1tMU40NktlQ0t3blcwdQ?oc=5\" target=\"_blank\" rel=\"nofollow noopener\">Ligue 1 &#8211; Vermeeren : \u00ab\u00a0Mon mod\u00e8le : Andr\u00e9s Iniesta\u00a0\u00bb<\/a>&nbsp;&nbsp;beIN SPORTS<\/li>\n<li><a href=\"https:\/\/news.google.com\/rss\/articles\/CBMirgFBVV95cUxQclEzck9DUUh1YUxORHNfcmFoRENmSzdDaXBPTFhrUFdCZDlzNktyN2czUFFRblFQNHBocDFDZjlqTnN6YnhYUW1TLVRQcUs3WDd6WHk0NjdrV0ppb1pGNnZQakduYWtVdi1TSVNKSEEwc1g1bVhqalN5dUQ0ZVIzdGZOanR0ZUwzd1RBazJUQ2ZhRkN6Qnd5YjM3aDQwTFZaX0FVX19VbUZMTUNOeGc?oc=5\" target=\"_blank\" rel=\"nofollow noopener\">OM &#8211; Arthur Vermeeren : \u00ab Contre l\u2019Ajax, j\u2019ai pu enfin me montrer \u00bb<\/a>&nbsp;&nbsp;Le Phoc\u00e9en<\/li>\n<\/ol>\n","protected":false},"excerpt":{"rendered":"OM &#8211; Au milieu, cinq hommes forts pour deux places&nbsp;&nbsp;L&rsquo;\u00c9quipe OM : Arthur Vermeeren d\u00e9voile son mod\u00e8le&nbsp;&nbsp;Foot Mercato&hellip;\n","protected":false},"author":2,"featured_media":437850,"comment_status":"","ping_status":"","sticky":false,"template":"","format":"standard","meta":{"footnotes":""},"categories":[1410],"tags":[63,1011,27,60],"class_list":{"0":"post-437849","1":"post","2":"type-post","3":"status-publish","4":"format-standard","5":"has-post-thumbnail","7":"category-football","8":"tag-football","9":"tag-fr","10":"tag-france","11":"tag-sports"},"share_on_mastodon":{"url":"https:\/\/pubeurope.com\/@fr\/115314103637004908","error":""},"_links":{"self":[{"href":"https:\/\/www.europesays.com\/fr\/wp-json\/wp\/v2\/posts\/437849","targetHints":{"allow":["GET"]}}],"collection":[{"href":"https:\/\/www.europesays.com\/fr\/wp-json\/wp\/v2\/posts"}],"about":[{"href":"https:\/\/www.europesays.com\/fr\/wp-json\/wp\/v2\/types\/post"}],"author":[{"embeddable":true,"href":"https:\/\/www.europesays.com\/fr\/wp-json\/wp\/v2\/users\/2"}],"replies":[{"embeddable":true,"href":"https:\/\/www.europesays.com\/fr\/wp-json\/wp\/v2\/comments?post=437849"}],"version-history":[{"count":0,"href":"https:\/\/www.europesays.com\/fr\/wp-json\/wp\/v2\/posts\/437849\/revisions"}],"wp:featuredmedia":[{"embeddable":true,"href":"https:\/\/www.europesays.com\/fr\/wp-json\/wp\/v2\/media\/437850"}],"wp:attachment":[{"href":"https:\/\/www.europesays.com\/fr\/wp-json\/wp\/v2\/media?parent=437849"}],"wp:term":[{"taxonomy":"category","embeddable":true,"href":"https:\/\/www.europesays.com\/fr\/wp-json\/wp\/v2\/categories?post=437849"},{"taxonomy":"post_tag","embeddable":true,"href":"https:\/\/www.europesays.com\/fr\/wp-json\/wp\/v2\/tags?post=437849"}],"curies":[{"name":"wp","href":"https:\/\/api.w.org\/{rel}","templated":true}]}}