{"id":437853,"date":"2025-10-04T04:54:10","date_gmt":"2025-10-04T04:54:10","guid":{"rendered":"https:\/\/www.europesays.com\/fr\/437853\/"},"modified":"2025-10-04T04:54:10","modified_gmt":"2025-10-04T04:54:10","slug":"psychanalyste-patrick-vincelet-sera-present-au-salon-des-ecrivains-normands","status":"publish","type":"post","link":"https:\/\/www.europesays.com\/fr\/437853\/","title":{"rendered":"Psychanalyste, Patrick Vincelet sera pr\u00e9sent au Salon des \u00e9crivains normands"},"content":{"rendered":"<p>            Par<br \/>\n        <strong><br \/>\n            <a href=\"https:\/\/actu.fr\/auteur\/guillaume-jeanne\" title=\"Consulter tous les articles de Guillaume Jeanne\" target=\"_blank\" rel=\"noopener\">Guillaume Jeanne<\/a><br \/>\n        <\/strong><\/p>\n<p>        Publi\u00e9 le<\/p>\n<p>            4 oct. 2025 \u00e0 6h16        <\/p>\n<p>Dimanche 5 octobre 2025, la Soci\u00e9t\u00e9 des \u00c9crivains Normands propose un<b> Salon litt\u00e9raire<\/b> \u00e0 <a href=\"https:\/\/actu.fr\/normandie\/bagnoles-de-l-orne-normandie_61483\" target=\"_blank\" rel=\"noopener\">Bagnoles (Orne),<\/a> avec <a href=\"https:\/\/actu.fr\/normandie\/bagnoles-de-l-orne-normandie_61483\/alain-letondeur-de-flers-au-salon-des-ecrivains-normands-dimanche-a-bagnoles_61743741.html\" target=\"_blank\" rel=\"noopener\">26 auteurs et autrices. <\/a><\/p>\n<p class=\" wall-content\">Le prix de la nouvelle de Bagnoles sera remis lors de cet \u00e9v\u00e9nement.<\/p>\n<p class=\" wall-content\">Parmi eux, <b>Patrick Vincelet,<\/b> <b>psychanalyste. <\/b>\u00ab J\u2019arriverai la veille pour profiter de la ville \u00bb.<\/p>\n<p class=\" wall-content\">Habitant du Perche, il vient de sortir deux livres.<\/p>\n<p class=\" wall-content\">Le Moi-peau se d\u00e9loque. \u00ab Le Moi-peau est un concept psychanalytique signifiant que chaque personnalit\u00e9 est unique et g\u00e8re comme il peut ou veut, et est amen\u00e9e \u00e0 changer de vie, \u00e0\u00a0trouver un sens dans la vie \u00bb.<\/p>\n<p>Vid\u00e9os : en ce moment sur Actu<\/p>\n<p class=\" wall-content\">Les gens du peu, les gens de peu et l\u2019anorexie soci\u00e9tale.<\/p>\n<blockquote class=\"ac-article-quote wall-content\">\n<p>C\u2019est un essai. J\u2019ai apport\u00e9 beaucoup de r\u00e9flexion, de lectures, de r\u00e9f\u00e9rences et ce projet s\u2019inscrit dans mon \u00e9thique personnelle du sens de la vie.<\/p>\n<p>Patrick Vincelet<\/p><\/blockquote>\n<p>Votre r\u00e9gion, votre actu !<\/p>\n<p>Recevez chaque jour les infos qui comptent pour vous.<\/p>\n<p>\t<a href=\"https:\/\/actu.fr\/newsletter\" class=\"ac-btn ac-btn--corner ac-btn--medium ac-btn--blue800\" target=\"_blank\" rel=\"noopener\">S&rsquo;incrire<\/a><br \/>\nListe des auteurs<\/p>\n<p class=\" wall-content\">Sont \u00e9galement attendus : Les \u00c9ditions in-octavo (romans, romans policiers, po\u00e9sie), Les \u00c9ditions du Roi Barbu (livres jeunesse, livres bilingues, th\u00e9\u00e2tre), Thierry Lepesteur (romans, romans policiers), B\u00e9atrice Pannier (nouvelles, bien-\u00eatre, t\u00e9moignages), Jacques Brochard (romans), Claude Vancour (po\u00e9sie), L\u00e9o Caro (romans d\u2019espionnage), Martine Alani (nouvelles, romans), Marie-Paule Guillemard (po\u00e9sie, nouvelles), Luc Guillemard (nouvelles), Christian Laballery (po\u00e9sie), Lericolais Gis\u00e8le (romans), Phliponneau Crugnola (litt\u00e9rature jeunesse).<\/p>\n<p class=\" wall-content\">Mais aussi : Leclancher Jacky (romans), Letondeur Alain (romans), Delaunay Michel (romans, po\u00e9sie), H\u00e9bert Marc (romans), Guillois Bernard (po\u00e9sie, humour, th\u00e9\u00e2tre), Lesieur Ren\u00e9e (romans, po\u00e9sie), Dansan Jacques (po\u00e9sie), Etienne Charles (romans), La Carbona Francis (romans), H\u00e9tet-Escalard (romans), Seguin Marie (litt\u00e9rature jeunesse), Thiesse Mireille (livres Histoire).<\/p>\n<p>Dimanche 5 octobre, 10 h \u2013 18 h, centre d\u2019animation de Bagnoles. Entr\u00e9e gratuite.<\/p>\n<p class=\" wall-content\">Personnalisez votre actualit\u00e9 en ajoutant vos villes et m\u00e9dias en favori avec <a href=\"https:\/\/moncompte.actu.fr\" title=\"D\u00e9couvez Mon Actu\" rel=\"nofollow noopener\" data-trk=\"{&quot;cta&quot;:{&quot;action&quot;:&quot;https:\\\/\\\/moncompte.actu.fr&quot;,&quot;category&quot;:&quot;mon compte&quot;,&quot;from&quot;:&quot;article footer&quot;,&quot;name&quot;:&quot;Mon actu&quot;,&quot;type&quot;:&quot;cta&quot;}}\" target=\"_blank\">Mon Actu<\/a>.<\/p>\n","protected":false},"excerpt":{"rendered":"Par Guillaume Jeanne Publi\u00e9 le 4 oct. 2025 \u00e0 6h16 Dimanche 5 octobre 2025, la Soci\u00e9t\u00e9 des \u00c9crivains&hellip;\n","protected":false},"author":2,"featured_media":437854,"comment_status":"","ping_status":"","sticky":false,"template":"","format":"standard","meta":{"footnotes":""},"categories":[1357],"tags":[1379,58,59,1011,27,1380,104,34364],"class_list":{"0":"post-437853","1":"post","2":"type-post","3":"status-publish","4":"format-standard","5":"has-post-thumbnail","7":"category-livres","8":"tag-books","9":"tag-divertissement","10":"tag-entertainment","11":"tag-fr","12":"tag-france","13":"tag-livres","14":"tag-societe","15":"tag-station-thermale-bagnoles-de-lorne"},"share_on_mastodon":{"url":"https:\/\/pubeurope.com\/@fr\/115314115449768614","error":""},"_links":{"self":[{"href":"https:\/\/www.europesays.com\/fr\/wp-json\/wp\/v2\/posts\/437853","targetHints":{"allow":["GET"]}}],"collection":[{"href":"https:\/\/www.europesays.com\/fr\/wp-json\/wp\/v2\/posts"}],"about":[{"href":"https:\/\/www.europesays.com\/fr\/wp-json\/wp\/v2\/types\/post"}],"author":[{"embeddable":true,"href":"https:\/\/www.europesays.com\/fr\/wp-json\/wp\/v2\/users\/2"}],"replies":[{"embeddable":true,"href":"https:\/\/www.europesays.com\/fr\/wp-json\/wp\/v2\/comments?post=437853"}],"version-history":[{"count":0,"href":"https:\/\/www.europesays.com\/fr\/wp-json\/wp\/v2\/posts\/437853\/revisions"}],"wp:featuredmedia":[{"embeddable":true,"href":"https:\/\/www.europesays.com\/fr\/wp-json\/wp\/v2\/media\/437854"}],"wp:attachment":[{"href":"https:\/\/www.europesays.com\/fr\/wp-json\/wp\/v2\/media?parent=437853"}],"wp:term":[{"taxonomy":"category","embeddable":true,"href":"https:\/\/www.europesays.com\/fr\/wp-json\/wp\/v2\/categories?post=437853"},{"taxonomy":"post_tag","embeddable":true,"href":"https:\/\/www.europesays.com\/fr\/wp-json\/wp\/v2\/tags?post=437853"}],"curies":[{"name":"wp","href":"https:\/\/api.w.org\/{rel}","templated":true}]}}