{"id":437855,"date":"2025-10-04T04:55:51","date_gmt":"2025-10-04T04:55:51","guid":{"rendered":"https:\/\/www.europesays.com\/fr\/437855\/"},"modified":"2025-10-04T04:55:51","modified_gmt":"2025-10-04T04:55:51","slug":"soizic-est-non-coupable-de-la-mort-de-martial-le-lycee-est-en-feu-le-resume-de-lepisode-2042-du-mardi-30-septembre-2025","status":"publish","type":"post","link":"https:\/\/www.europesays.com\/fr\/437855\/","title":{"rendered":"Soizic est non coupable de la mort de Martial, Le lyc\u00e9e est en feu&#8230; Le r\u00e9sum\u00e9 de l&rsquo;\u00e9pisode 2042 du mardi 30 septembre 2025"},"content":{"rendered":"<p><b>Mardi 30\u00a0septembre 2025<\/b> <b>dans l&rsquo;\u00e9pisode 2042 de <\/b><b>Demain nous appartient <\/b><b>sur TF1<\/b>, que <a href=\"https:\/\/www.programme-tv.net\/news\/series-tv\/388378-exclu-demain-nous-appartient-robinson-stevenin-et-kamel-isker-surface-arrivent-dans-le-feuilleton-et-vont-bouleverser-le-destin-de-la-famille-roussel\/\" data-api-deeplink=\"teleloisirs:\/\/news\/388378\" target=\"_blank\" rel=\"noopener\">deux com\u00e9diens bien connus du grand et petit \u00e9cran vont bient\u00f4t rejoindre<\/a>&#8230; Michel Pratz, <a href=\"https:\/\/www.programme-tv.net\/news\/series-tv\/388424-demain-nous-appartient-en-avance-soraya-tente-le-tout-pour-le-tout-pour-innocenter-soizic-le-resume-de-l-episode-2041-du-lundi-29-septembre-2025\/\" data-api-deeplink=\"teleloisirs:\/\/news\/388424\" target=\"_blank\" rel=\"noopener\">que Soraya a r\u00e9ussi \u00e0 convaincre par des moyens franchement limites<\/a>, t\u00e9moigne au proc\u00e8s de Soizic. Interrog\u00e9 par Rapha\u00eblle, il revient sur ses rapports conflictuels avec Martial, avec qui il \u00e9tait en affaires. En cause : les retards de paiement et son attitude m\u00e9prisante. Le jour de la mort de ce dernier, Pratz avoue avoir eu une altercation un peu plus violente que d&rsquo;habitude avec lui. Il avoue m\u00eame l&rsquo;avoir pouss\u00e9 involontairement sur une poutre en acier.<\/p>\n<p>Demain nous appartient en avance : Le temps de la r\u00e9conciliation entre Roxane et \u00c9rica ?<\/p>\n<p>\u00c9rica d\u00e9barque chez Bart avec les croissants. Une attention qui ne provoque pas un enthousiasme d\u00e9lirant chez Roxane. Quand elle demande \u00e0 Sara et sa femme si elles ont visit\u00e9 la maison qu&rsquo;elle a rep\u00e9r\u00e9e, elles r\u00e9pondent ne pas l&rsquo;avoir encore fait. Puis elle se propose de les aider \u00e0 remplir leur dossier des indemnit\u00e9s de relogement. Sara accepte et dit \u00e0 Roxane de s&rsquo;y atteler avec \u00c9rica ! Peu apr\u00e8s, \u00c9rica a finalis\u00e9 le dossier, Roxane n&rsquo;a plus qu&rsquo;\u00e0 l&rsquo;envoyer \u00e0 son ancien propri\u00e9taire. Elle en profite pour confronter Roxane \u00e0 propos de leur relation et lui propose de repartir du bon pied. Au lyc\u00e9e, \u00c9rica est au t\u00e9l\u00e9phone avec Bart. Elle lui dit qu&rsquo;elle pense que la r\u00e9conciliation est en vue avec Roxane. Puis les deux amoureux s&rsquo;\u00e9changent des mots tendres. Quand elle se retourne, elle tombe sur Marceau qui se moque de ces niaiseries. Elle met les choses au clair avec son fils : elle a bien compris qu&rsquo;il n&rsquo;est pas content d&rsquo;\u00eatre \u00e0 S\u00e8te mais cela doit cesser. De retour de la visite de la maison, Sara est clairement excit\u00e9e, Roxane beaucoup moins. Et elle l&rsquo;avoue : si elle est aussi peu enthousiaste, c&rsquo;est parce que la maison en question a \u00e9t\u00e9 d\u00e9nich\u00e9e par \u00c9rica.<\/p>\n<p>                        Demain nous appartient en avance : Soizic est acquitt\u00e9e !<\/p>\n<p>Appel\u00e9 \u00e0 la barre, Wiiliam explique le m\u00e9canisme de contusion pulmonaire et comment cette blessure peut provoquer une d\u00e9faillance respiratoire des heures apr\u00e8s un choc thoracique. Il atteste par ailleurs qu&rsquo;une collision violente contre une poutre pourrait bien engendrer un tel traumatisme. Rapha\u00eblle indique alors que l&rsquo;altercation avec Pratz puis l&rsquo;heure de la mort de Martial co\u00efncident avec l&rsquo;hypoth\u00e8se de la contusion pulmonaire. Puis Rapha\u00eblle montre la localisation des bleus retrouv\u00e9s sur les jambes de Martial. Elle montre qu&rsquo;il \u00e9tait d\u00e9j\u00e0 \u00e0 terre lorsque le v\u00e9hicule l&rsquo;a percut\u00e9. Soizic a fait donc marche arri\u00e8re sans se douter qu&rsquo;il \u00e9tait au sol, derri\u00e8re. Elle ne l&rsquo;a pas tu\u00e9. Rapha\u00eblle demande donc son acquittement. Dans les couloirs du tribunal, Fran\u00e7ois, Alain, Soraya et Rapha\u00eblle se demandent si la d\u00e9fense va convaincre. Quelques instants apr\u00e8s, le verdict tombe : Soizic est d\u00e9clar\u00e9e non coupable \u00e0 l&rsquo;unanimit\u00e9 ! \u00c0 cette annonce, oscillant entre soulagement et col\u00e8re, Fran\u00e7ois quitte la salle. Quand Rapha\u00eblle dit \u00e0 Soizic que son calvaire est fini, l&rsquo;ex-accus\u00e9e a du mal \u00e0 le croire. Soizic voit alors Adam arriver dans la salle, les larmes de soulagement montent \u00e0 leurs yeux. Assis devant le tribunal, troubl\u00e9, Fran\u00e7ois voit Michel Pratz \u00eatre emmen\u00e9 par la police. Soraya est au t\u00e9l\u00e9phone avec Gabriel : tous deux sont conscients d&rsquo;avoir retourn\u00e9 le proc\u00e8s et sauv\u00e9 Soizic. Tout \u00e0 leur bonheur, ils se reparlent de leur envie d&rsquo;avoir un b\u00e9b\u00e9. En fin de journ\u00e9e, Alain, Adam et Gloria d\u00e9cident de f\u00eater l&rsquo;acquittement de Soizic. Quand son fils lui propose de partir tous les trois en voyage, histoire de se retrouver, Fran\u00e7ois ne r\u00e9pond pas. Et au moment de trinquer pour Soizic, l\u00e0 encore Fran\u00e7ois affiche son trouble. De leur c\u00f4t\u00e9, Soraya, Gabriel, Martin et Rapha\u00eblle boivent aussi pour c\u00e9l\u00e9brer leur victoire.<\/p>\n<p>            Demain nous appartient en avance : Jack d\u00e9couvre qui est le nouveau petit ami de Judith<\/p>\n<p>Aux halles, Judith en veut \u00e0 Noor. <a href=\"https:\/\/www.programme-tv.net\/news\/series-tv\/388355-demain-nous-appartient-en-avance-jordan-jaloux-du-nouveau-mec-de-judith-l-aveu-terrible-de-soizic-qui-va-la-condamner-le-resume-de-l-episode-2040-du-vendredi-26-septembre-2025\/\" data-api-deeplink=\"teleloisirs:\/\/news\/388355\" target=\"_blank\" rel=\"noopener\">Son plan pour rendre Jordan jaloux<\/a> a trop bien fonctionn\u00e9 : il lui fait la gueule ! Noor invite alors \u00e0 Judith \u00e0 tout dire \u00e0 Jordan. Mais ce n&rsquo;est pas si simple ! Alors qu&rsquo;il am\u00e8ne une livraison d&rsquo;hu\u00eetres au Spoon, Alex discute avec Audrey de la situation entre Judith et Jordan. Il pense que, pour faire repartir le couple, il faudrait un petit coup de pouce. Elle sugg\u00e8re qu&rsquo;il faut les laisser g\u00e9rer tout \u00e7a sans intervention. Au parc, Jack r\u00e9vise, discr\u00e8tement install\u00e9 non loin d&rsquo;une all\u00e9e. Il voit d\u00e9barquer Judith. Elle est au t\u00e9l\u00e9phone avec le fameux \u00ab\u00a0J\u00e9rem\u00a0\u00bb. Quelle n&rsquo;est pas sa surprise quand il r\u00e9alise que ce \u00ab\u00a0copain\u00a0\u00bb en question est en r\u00e9alit\u00e9 Noor ! Peu apr\u00e8s, Jack d\u00e9barque au Spoon o\u00f9 se trouvent d\u00e9j\u00e0 Jordan et Audrey. Il leur annonce savoir qui est J\u00e9rem !<\/p>\n<p>                        Demain nous appartient en avance : Le lyc\u00e9e est en feu !<\/p>\n<p>En fin de journ\u00e9e, c&rsquo;est un Marceau encore \u00e9nerv\u00e9 contre sa m\u00e8re et d\u00e9prim\u00e9 d&rsquo;\u00eatre \u00e0 S\u00e8te qui retrouve une Violette d\u00e9cid\u00e9e \u00e0 lui remonter le moral. Alors qu&rsquo;ils quittent l&rsquo;\u00e9tablissement, ils voient de la fum\u00e9e. Puis une porte d&rsquo;o\u00f9 sortent des flammes. Il y a un incendie au lyc\u00e9e ! M\u00e9lody fait sortir les \u00e9l\u00e8ves. Elle prend un extincteur et, s&rsquo;\u00e9chinant \u00e0 le mettre en route, respire de la fum\u00e9e. Elle tousse, encore et encore. Elle s&rsquo;effondre \u00e0 terre.<\/p>\n","protected":false},"excerpt":{"rendered":"Mardi 30\u00a0septembre 2025 dans l&rsquo;\u00e9pisode 2042 de Demain nous appartient sur TF1, que deux com\u00e9diens bien connus du&hellip;\n","protected":false},"author":2,"featured_media":437856,"comment_status":"","ping_status":"","sticky":false,"template":"","format":"standard","meta":{"footnotes":""},"categories":[1356],"tags":[244,3598,5247,58,59,1011,27,5250,5249,5248,5246,5252,252,199,5251,1364],"class_list":{"0":"post-437855","1":"post","2":"type-post","3":"status-publish","4":"format-standard","5":"has-post-thumbnail","7":"category-television","8":"tag-commentaire","9":"tag-demain-nous-appartient","10":"tag-demain-nous-appartient-en-avance","11":"tag-divertissement","12":"tag-entertainment","13":"tag-fr","14":"tag-france","15":"tag-lorie","16":"tag-mytf1-max","17":"tag-ru00e9sumu00e9-demain-nous-appartient","18":"tag-ru00e9sumu00e9-en-avance-demain-nous-appartient","19":"tag-su00e9ries-mania","20":"tag-television","21":"tag-tf1","22":"tag-tu00e9lu00e9-loisirs","23":"tag-tv"},"share_on_mastodon":{"url":"https:\/\/pubeurope.com\/@fr\/115314123508989431","error":""},"_links":{"self":[{"href":"https:\/\/www.europesays.com\/fr\/wp-json\/wp\/v2\/posts\/437855","targetHints":{"allow":["GET"]}}],"collection":[{"href":"https:\/\/www.europesays.com\/fr\/wp-json\/wp\/v2\/posts"}],"about":[{"href":"https:\/\/www.europesays.com\/fr\/wp-json\/wp\/v2\/types\/post"}],"author":[{"embeddable":true,"href":"https:\/\/www.europesays.com\/fr\/wp-json\/wp\/v2\/users\/2"}],"replies":[{"embeddable":true,"href":"https:\/\/www.europesays.com\/fr\/wp-json\/wp\/v2\/comments?post=437855"}],"version-history":[{"count":0,"href":"https:\/\/www.europesays.com\/fr\/wp-json\/wp\/v2\/posts\/437855\/revisions"}],"wp:featuredmedia":[{"embeddable":true,"href":"https:\/\/www.europesays.com\/fr\/wp-json\/wp\/v2\/media\/437856"}],"wp:attachment":[{"href":"https:\/\/www.europesays.com\/fr\/wp-json\/wp\/v2\/media?parent=437855"}],"wp:term":[{"taxonomy":"category","embeddable":true,"href":"https:\/\/www.europesays.com\/fr\/wp-json\/wp\/v2\/categories?post=437855"},{"taxonomy":"post_tag","embeddable":true,"href":"https:\/\/www.europesays.com\/fr\/wp-json\/wp\/v2\/tags?post=437855"}],"curies":[{"name":"wp","href":"https:\/\/api.w.org\/{rel}","templated":true}]}}