{"id":437857,"date":"2025-10-04T04:56:23","date_gmt":"2025-10-04T04:56:23","guid":{"rendered":"https:\/\/www.europesays.com\/fr\/437857\/"},"modified":"2025-10-04T04:56:23","modified_gmt":"2025-10-04T04:56:23","slug":"radio-intensite-des-travaux-avenue-de-la-prairie-a-epernon","status":"publish","type":"post","link":"https:\/\/www.europesays.com\/fr\/437857\/","title":{"rendered":"RADIO INTENSITE | Des travaux avenue de la Prairie \u00e0 Epernon"},"content":{"rendered":"\n<p lang=\"fr-FR\" align=\"JUSTIFY\">La circulation est interdite pendant trois jours avenue de la Prairie \u00e0 Epernon. Le D\u00e9partement d&rsquo;Eure-et-Loir proc\u00e8de \u00e0 la r\u00e9fection de la couche de roulement entre le rond-point du stade et le carrefour de la pharmacie et du tabac. Le chantier se d\u00e9roule lundi 29 et mardi 30 septembre et mercredi 1er octobre. Une d\u00e9viation par les rues P\u00e9ju, Saint-Denis et la route de Gallardon est propos\u00e9e.<\/p>\n","protected":false},"excerpt":{"rendered":"La circulation est interdite pendant trois jours avenue de la Prairie \u00e0 Epernon. Le D\u00e9partement d&rsquo;Eure-et-Loir proc\u00e8de \u00e0&hellip;\n","protected":false},"author":2,"featured_media":437858,"comment_status":"","ping_status":"","sticky":false,"template":"","format":"standard","meta":{"footnotes":""},"categories":[1355],"tags":[47,56518,4107,5380,58,59,56517,1939,1011,27,1361,873,35435,209,1097,2086],"class_list":{"0":"post-437857","1":"post","2":"type-post","3":"status-publish","4":"format-standard","5":"has-post-thumbnail","7":"category-musique","8":"tag-actualite","9":"tag-avenue-de-la-prairie","10":"tag-chantier","11":"tag-deviation","12":"tag-divertissement","13":"tag-entertainment","14":"tag-epernon","15":"tag-eure-et-loir","16":"tag-fr","17":"tag-france","18":"tag-music","19":"tag-musique","20":"tag-radio-intensite","21":"tag-route","22":"tag-trafic","23":"tag-travaux"},"share_on_mastodon":{"url":"https:\/\/pubeurope.com\/@fr\/115314123566334369","error":""},"_links":{"self":[{"href":"https:\/\/www.europesays.com\/fr\/wp-json\/wp\/v2\/posts\/437857","targetHints":{"allow":["GET"]}}],"collection":[{"href":"https:\/\/www.europesays.com\/fr\/wp-json\/wp\/v2\/posts"}],"about":[{"href":"https:\/\/www.europesays.com\/fr\/wp-json\/wp\/v2\/types\/post"}],"author":[{"embeddable":true,"href":"https:\/\/www.europesays.com\/fr\/wp-json\/wp\/v2\/users\/2"}],"replies":[{"embeddable":true,"href":"https:\/\/www.europesays.com\/fr\/wp-json\/wp\/v2\/comments?post=437857"}],"version-history":[{"count":0,"href":"https:\/\/www.europesays.com\/fr\/wp-json\/wp\/v2\/posts\/437857\/revisions"}],"wp:featuredmedia":[{"embeddable":true,"href":"https:\/\/www.europesays.com\/fr\/wp-json\/wp\/v2\/media\/437858"}],"wp:attachment":[{"href":"https:\/\/www.europesays.com\/fr\/wp-json\/wp\/v2\/media?parent=437857"}],"wp:term":[{"taxonomy":"category","embeddable":true,"href":"https:\/\/www.europesays.com\/fr\/wp-json\/wp\/v2\/categories?post=437857"},{"taxonomy":"post_tag","embeddable":true,"href":"https:\/\/www.europesays.com\/fr\/wp-json\/wp\/v2\/tags?post=437857"}],"curies":[{"name":"wp","href":"https:\/\/api.w.org\/{rel}","templated":true}]}}