{"id":437891,"date":"2025-10-04T05:18:04","date_gmt":"2025-10-04T05:18:04","guid":{"rendered":"https:\/\/www.europesays.com\/fr\/437891\/"},"modified":"2025-10-04T05:18:04","modified_gmt":"2025-10-04T05:18:04","slug":"grenoble-alpes-collectif-lance-un-plebiscite-pour-sa-tete-de-liste-2","status":"publish","type":"post","link":"https:\/\/www.europesays.com\/fr\/437891\/","title":{"rendered":"Grenoble Alpes collectif lance un \u00ab\u00a0pl\u00e9biscite\u00a0\u00bb pour sa t\u00eate de liste"},"content":{"rendered":"<p>Une t\u00eate de liste choi\u00adsie par les inter\u00adnautes\u00a0? C\u2019est, dans les grandes lignes, la pro\u00adpo\u00adsi\u00adtion ori\u00adgi\u00adnale por\u00adt\u00e9e par la liste Grenoble Alpes Collectif, <a style=\"cursor: pointer !important; user-select: none !important;\" href=\"https:\/\/www.placegrenet.fr\/2025\/09\/24\/le-grenoble-alpes-collectif-lance-sa-campagne-pour-les-municipales-de-grenoble-autour-dune-liste-citoyenne\/660100\" target=\"_blank\" rel=\"noopener nofollow\">can\u00addi\u00addate d\u00e9cla\u00adr\u00e9e<\/a> aux \u00e9lec\u00adtions muni\u00adci\u00adpales de Grenoble de mars 2026.\u00a0Apr\u00e8s avoir pr\u00e9\u00adsent\u00e9 ses pre\u00admiers \u00e9l\u00e9\u00adments pro\u00adgram\u00adma\u00adtiques en sep\u00adtembre 2025, le Gac lance ainsi un \u00ab\u00a0pl\u00e9\u00adbis\u00adcite\u00a0\u00bb, sous la forme d\u2019une <a href=\"https:\/\/plebiscite.grenoblealpescollectif.fr\/\" target=\"_blank\" rel=\"noopener nofollow\">pla\u00adte\u00adforme Internet<\/a> o\u00f9 les Grenoblois peuvent pro\u00adpo\u00adser des per\u00adsonnes comme poten\u00adtielles t\u00eates de\u00a0liste.<\/p>\n<p><a href=\"https:\/\/www.europesays.com\/fr\/wp-content\/uploads\/2025\/10\/Elections-europ\u00e9ennes-4-bureau-de-vote-Bajati\u00e8re-26-mai-2019-cr\u00e9dit-S\u00e9verine-Cattiaux.jpg\" target=\"_blank\" rel=\"noopener\"><img fetchpriority=\"high\" decoding=\"async\" aria-describedby=\"caption-attachment-244649\" class=\"wp-image-244649 size-full\" src=\"data:image\/svg+xml,%3Csvg%20xmlns=\" http:=\"\" alt=\"Grenoble Alpes collectif lance un pl\u00e9biscite pour sa t\u00eate de liste aux municipales de mars 2026. \u00a9 S\u00e9verine Cattiaux - Place Gre'net\" width=\"800\" height=\"600\" data-lazy- data-lazy- data-lazy-src=\"https:\/\/www.europesays.com\/fr\/wp-content\/uploads\/2025\/10\/Elections-europ\u00e9ennes-4-bureau-de-vote-Bajati\u00e8re-26-mai-2019-cr\u00e9dit-S\u00e9verine-Cattiaux.jpg\"\/><\/a><\/p>\n<p id=\"caption-attachment-244649\" class=\"wp-caption-text\">Le Grenoble Alpes col\u00adlec\u00adtif est en lice pour les muni\u00adci\u00adpales de mars 2026. \u00a9 S\u00e9verine Cattiaux \u2013 Place Gre\u2019net<\/p>\n<p>\u00ab\u00a0On pense qu\u2019il faut ouvrir la poli\u00adtique, par\u00adta\u00adger le pou\u00advoir. Que les \u00e9lus doivent orga\u00adni\u00adser la d\u00e9ci\u00adsion mais par la prendre \u00e0 la place des gens\u00a0\u00bb, explique Thomas Simon, porte-parole du Grenoble Alpes Collectif.<\/p>\n<p>D\u2019o\u00f9 cette d\u00e9marche de pl\u00e9\u00adbis\u00adcite, qui per\u00admet en outre de faire venir de nou\u00advelles per\u00adsonnes sur la sc\u00e8ne poli\u00adtique. \u00ab\u00a0Beaucoup de gens ne se sentent pas l\u00e9gi\u00adtimes. Nous, on a envie de don\u00adner de la puis\u00adsance \u00e0 des gens pour qu\u2019ils se sentent de deve\u00adnir \u00e9lus, et de les faire mon\u00adter le plus haut pos\u00adsible\u00a0!\u00a0\u00bb, ajoute-t-il.<\/p>\n<p>Le prin\u00adcipe est on ne peut plus simple\u00a0: celui ou celle qui sou\u00adhaite pr\u00e9\u00adsen\u00adter ou sou\u00adte\u00adnir une can\u00addi\u00adda\u00adture s\u2019ins\u00adcrit sur le site d\u00e9di\u00e9, puis peut pro\u00adpo\u00adser un nom (assorti d\u2019une des\u00adcrip\u00adtion) ou sim\u00adple\u00adment d\u00e9cou\u00advrir les pro\u00adfils d\u00e9j\u00e0 pr\u00e9\u00adsents sur la pla\u00adte\u00adforme pour cli\u00adquer en faveur de l\u2019un d\u2019entre eux. Pr\u00e9cision impor\u00adtante\u00a0: il est inter\u00addit de pr\u00e9\u00adsen\u00adter sa propre candidature.<\/p>\n","protected":false},"excerpt":{"rendered":"Une t\u00eate de liste choi\u00adsie par les inter\u00adnautes\u00a0? C\u2019est, dans les grandes lignes, la pro\u00adpo\u00adsi\u00adtion ori\u00adgi\u00adnale por\u00adt\u00e9e par&hellip;\n","protected":false},"author":2,"featured_media":435581,"comment_status":"","ping_status":"","sticky":false,"template":"","format":"standard","meta":{"footnotes":""},"categories":[9566],"tags":[1111,11,2430,1777,674,1011,27,2731,12,25],"class_list":{"0":"post-437891","1":"post","2":"type-post","3":"status-publish","4":"format-standard","5":"has-post-thumbnail","7":"category-grenoble","8":"tag-actu","9":"tag-actualites","10":"tag-auvergne-rhone-alpes","11":"tag-eu","12":"tag-europe","13":"tag-fr","14":"tag-france","15":"tag-grenoble","16":"tag-news","17":"tag-republique-francaise"},"share_on_mastodon":{"url":"https:\/\/pubeurope.com\/@fr\/115314209901239259","error":""},"_links":{"self":[{"href":"https:\/\/www.europesays.com\/fr\/wp-json\/wp\/v2\/posts\/437891","targetHints":{"allow":["GET"]}}],"collection":[{"href":"https:\/\/www.europesays.com\/fr\/wp-json\/wp\/v2\/posts"}],"about":[{"href":"https:\/\/www.europesays.com\/fr\/wp-json\/wp\/v2\/types\/post"}],"author":[{"embeddable":true,"href":"https:\/\/www.europesays.com\/fr\/wp-json\/wp\/v2\/users\/2"}],"replies":[{"embeddable":true,"href":"https:\/\/www.europesays.com\/fr\/wp-json\/wp\/v2\/comments?post=437891"}],"version-history":[{"count":0,"href":"https:\/\/www.europesays.com\/fr\/wp-json\/wp\/v2\/posts\/437891\/revisions"}],"wp:featuredmedia":[{"embeddable":true,"href":"https:\/\/www.europesays.com\/fr\/wp-json\/wp\/v2\/media\/435581"}],"wp:attachment":[{"href":"https:\/\/www.europesays.com\/fr\/wp-json\/wp\/v2\/media?parent=437891"}],"wp:term":[{"taxonomy":"category","embeddable":true,"href":"https:\/\/www.europesays.com\/fr\/wp-json\/wp\/v2\/categories?post=437891"},{"taxonomy":"post_tag","embeddable":true,"href":"https:\/\/www.europesays.com\/fr\/wp-json\/wp\/v2\/tags?post=437891"}],"curies":[{"name":"wp","href":"https:\/\/api.w.org\/{rel}","templated":true}]}}