{"id":437900,"date":"2025-10-04T05:23:12","date_gmt":"2025-10-04T05:23:12","guid":{"rendered":"https:\/\/www.europesays.com\/fr\/437900\/"},"modified":"2025-10-04T05:23:12","modified_gmt":"2025-10-04T05:23:12","slug":"tout-le-mois-doctobre-a-strasbourg-captain-bretzel-propose-des-croisieres-sur-le-theme-de-loktoberfest","status":"publish","type":"post","link":"https:\/\/www.europesays.com\/fr\/437900\/","title":{"rendered":"Tout le mois d\u2019octobre \u00e0 Strasbourg, Captain Bretzel propose des croisi\u00e8res sur le th\u00e8me de l\u2019Oktoberfest"},"content":{"rendered":"<p>            Par<br \/>\n        <strong><br \/>\n            <a href=\"https:\/\/actu.fr\/auteur\/ivan-capecchi\" title=\"Consulter tous les articles de Ivan CAPECCHI\" target=\"_blank\" rel=\"noopener\">Ivan CAPECCHI<\/a><br \/>\n        <\/strong><\/p>\n<p>        Publi\u00e9 le<\/p>\n<p>            4 oct. 2025 \u00e0 7h02        <\/p>\n<p>Durant tout le mois d\u2019octobre, <strong>Captain Bretzel<\/strong> propose des <strong>croisi\u00e8res priv\u00e9es de deux heures<\/strong> \u00e0 bord de l\u2019<strong>Ill Even<\/strong>, transform\u00e9 pour l\u2019occasion en <strong>biergarten flottant<\/strong>. Jusqu\u2019\u00e0 <strong>11 personnes<\/strong> peuvent embarquer pour d\u00e9couvrir <a href=\"https:\/\/actu.fr\/strasbourg\/\" target=\"_blank\" rel=\"noopener\">Strasbourg<\/a> depuis l\u2019eau tout en profitant d\u2019une ambiance inspir\u00e9e de l\u2019<a href=\"https:\/\/actu.fr\/tag\/oktoberfest\" target=\"_blank\" rel=\"noopener\">Oktoberfest<\/a>.<\/p>\n<p>Un litre de bi\u00e8re par passager<\/p>\n<p class=\" wall-content\">Chaque passager re\u00e7oit <strong>un litre de bi\u00e8re<\/strong> et un <strong>bretzel<\/strong>.<\/p>\n<p class=\" wall-content\">Le capitaine prend en charge la navigation et la <a href=\"https:\/\/actu.fr\/tag\/musique\" target=\"_blank\" rel=\"noopener\">musique<\/a>.<\/p>\n<p class=\" wall-content\">Le bateau dispose de <strong>si\u00e8ges<\/strong>, d\u2019une <strong>table<\/strong>, d\u2019un <strong>syst\u00e8me audio<\/strong> et d\u2019une <strong>couverture amovible pour se prot\u00e9ger du soleil ou de la pluie<\/strong>.<\/p>\n<p>Petite France, Palais Rohan\u2026 plusieurs lieux embl\u00e9matiques approch\u00e9s<\/p>\n<p class=\" wall-content\">L\u2019itin\u00e9raire passe par plusieurs lieux embl\u00e9matiques : <a href=\"https:\/\/actu.fr\/tag\/petite-france\" target=\"_blank\" rel=\"noopener\">Petite France<\/a>, <strong>Palais Rohan<\/strong>, <strong>centre-ville historique<\/strong> et <strong>institutions europ\u00e9ennes<\/strong>.\u00a0<\/p>\n<p class=\" wall-content\">La prestation co\u00fbte <strong>520 \u20ac pour deux heures<\/strong>, skipper inclus. <a href=\"https:\/\/www.captainbretzel.eu\/\" target=\"_blank\" rel=\"noopener\">R\u00e9servations en ligne<\/a> ou sur place.<\/p>\n<p>Votre r\u00e9gion, votre actu !<\/p>\n<p>Recevez chaque jour les infos qui comptent pour vous.<\/p>\n<p>\t<a href=\"https:\/\/actu.fr\/newsletter\" class=\"ac-btn ac-btn--corner ac-btn--medium ac-btn--blue800\" target=\"_blank\" rel=\"noopener\">S&rsquo;incrire<\/a><\/p>\n<p>Adresse :<br \/>Navig Plaisance \u2013 Captain Bretzel<br \/>49 quai des Alpes \/ pied de la Tour \u00c9lithis \u2013 tram C et E Winston Churchill (parking Quai des Alpes).<\/p>\n<p class=\" wall-content\">Personnalisez votre actualit\u00e9 en ajoutant vos villes et m\u00e9dias en favori avec <a href=\"https:\/\/moncompte.actu.fr\" title=\"D\u00e9couvez Mon Actu\" rel=\"nofollow noopener\" data-trk=\"{&quot;cta&quot;:{&quot;action&quot;:&quot;https:\\\/\\\/moncompte.actu.fr&quot;,&quot;category&quot;:&quot;mon compte&quot;,&quot;from&quot;:&quot;article footer&quot;,&quot;name&quot;:&quot;Mon actu&quot;,&quot;type&quot;:&quot;cta&quot;}}\" target=\"_blank\">Mon Actu<\/a>.<\/p>\n","protected":false},"excerpt":{"rendered":"Par Ivan CAPECCHI Publi\u00e9 le 4 oct. 2025 \u00e0 7h02 Durant tout le mois d\u2019octobre, Captain Bretzel propose&hellip;\n","protected":false},"author":2,"featured_media":437901,"comment_status":"","ping_status":"","sticky":false,"template":"","format":"standard","meta":{"footnotes":""},"categories":[2820],"tags":[1111,11,2380,1777,674,1011,27,775,1652,873,12,41611,25,640],"class_list":{"0":"post-437900","1":"post","2":"type-post","3":"status-publish","4":"format-standard","5":"has-post-thumbnail","7":"category-strasbourg","8":"tag-actu","9":"tag-actualites","10":"tag-croisiere","11":"tag-eu","12":"tag-europe","13":"tag-fr","14":"tag-france","15":"tag-grand-est","16":"tag-loisirs-culture","17":"tag-musique","18":"tag-news","19":"tag-oktoberfest","20":"tag-republique-francaise","21":"tag-strasbourg"},"share_on_mastodon":{"url":"https:\/\/pubeurope.com\/@fr\/115314229519124651","error":""},"_links":{"self":[{"href":"https:\/\/www.europesays.com\/fr\/wp-json\/wp\/v2\/posts\/437900","targetHints":{"allow":["GET"]}}],"collection":[{"href":"https:\/\/www.europesays.com\/fr\/wp-json\/wp\/v2\/posts"}],"about":[{"href":"https:\/\/www.europesays.com\/fr\/wp-json\/wp\/v2\/types\/post"}],"author":[{"embeddable":true,"href":"https:\/\/www.europesays.com\/fr\/wp-json\/wp\/v2\/users\/2"}],"replies":[{"embeddable":true,"href":"https:\/\/www.europesays.com\/fr\/wp-json\/wp\/v2\/comments?post=437900"}],"version-history":[{"count":0,"href":"https:\/\/www.europesays.com\/fr\/wp-json\/wp\/v2\/posts\/437900\/revisions"}],"wp:featuredmedia":[{"embeddable":true,"href":"https:\/\/www.europesays.com\/fr\/wp-json\/wp\/v2\/media\/437901"}],"wp:attachment":[{"href":"https:\/\/www.europesays.com\/fr\/wp-json\/wp\/v2\/media?parent=437900"}],"wp:term":[{"taxonomy":"category","embeddable":true,"href":"https:\/\/www.europesays.com\/fr\/wp-json\/wp\/v2\/categories?post=437900"},{"taxonomy":"post_tag","embeddable":true,"href":"https:\/\/www.europesays.com\/fr\/wp-json\/wp\/v2\/tags?post=437900"}],"curies":[{"name":"wp","href":"https:\/\/api.w.org\/{rel}","templated":true}]}}