{"id":437902,"date":"2025-10-04T05:24:10","date_gmt":"2025-10-04T05:24:10","guid":{"rendered":"https:\/\/www.europesays.com\/fr\/437902\/"},"modified":"2025-10-04T05:24:10","modified_gmt":"2025-10-04T05:24:10","slug":"nice-danse-contemporain-paris-cote-dazur","status":"publish","type":"post","link":"https:\/\/www.europesays.com\/fr\/437902\/","title":{"rendered":"Nice danse contemporain\u2026 &#8211; Paris C\u00f4te d&rsquo;Azur"},"content":{"rendered":"<p><img decoding=\"async\" src=\"https:\/\/www.europesays.com\/fr\/wp-content\/uploads\/2025\/10\/nice-danse.jpg\" title=\"\" alt=\"\"\/><\/p>\n<p>Danseuse \u00c9toile et ancienne directrice de la danse de l\u2019Op\u00e9ra de Paris. Elle int\u00e8gre le corps de ballet en 1989 et devient \u00e9toile en 1998, \u00e0 25 ans. A c\u00f4t\u00e9 des ballets classiques, elle a ainsi dans\u00e9 sur les cr\u00e9ations contemporaines de Mats Ek, Trisha Brown, Angelin Preljocaj ou encore Saburo Teshigawara&#8230; Sa r\u00e9v\u00e9rence une fois tir\u00e9e, elle a su mettre cet \u00e9clectisme \u00e0 profit en tant que directrice de la danse de 2016 \u00e0 2022.<\/p>\n<p>\u00ab\u00a0C\u2019est un v\u00e9ritable privil\u00e8ge de retrouver l\u2019H\u00f4tel du Couvent pour pr\u00e9senter la saison 2 du festival. Ce lieu exceptionnel, charg\u00e9 d\u2019histoire et d\u2019\u00e2me, est une source d\u2019inspiration puissante. Comme toujours, mon d\u00e9sir profond est de rester au plus pr\u00e8s du public, de vous faire vivre une exp\u00e9rience immersive, ou chaque instant vous emporte au c\u0153ur du spectacle. Pour cette nouvelle \u00e9dition, j\u2019ai choisi 4 artistes aux personnalit\u00e9s fortes, aux danses et aux styles bien distincts. Chacun apporte son univers, son \u00e9nergie, sa sensibilit\u00e9. Ensemble, nous allons cr\u00e9er un spectacle unique, fa\u00e7onn\u00e9 par nos rencontres, notre cr\u00e9ativit\u00e9, et surtout par l\u2019atmosph\u00e8re si particuli\u00e8re de ce lieu hors du temps. Merci de faire partie de cette aventure. On a h\u00e2te de vous retrouver.\u00a0\u00bb\u00a0<\/p>\n<p>Aur\u00e9lie Dupont<\/p>\n","protected":false},"excerpt":{"rendered":"Danseuse \u00c9toile et ancienne directrice de la danse de l\u2019Op\u00e9ra de Paris. Elle int\u00e8gre le corps de ballet&hellip;\n","protected":false},"author":2,"featured_media":437903,"comment_status":"","ping_status":"","sticky":false,"template":"","format":"standard","meta":{"footnotes":""},"categories":[2819],"tags":[1111,47,11,1777,674,1011,27,1110,1031,12,2401,882,25],"class_list":{"0":"post-437902","1":"post","2":"type-post","3":"status-publish","4":"format-standard","5":"has-post-thumbnail","7":"category-nice","8":"tag-actu","9":"tag-actualite","10":"tag-actualites","11":"tag-eu","12":"tag-europe","13":"tag-fr","14":"tag-france","15":"tag-informations","16":"tag-magazine","17":"tag-news","18":"tag-nice","19":"tag-provence-alpes-cote-dazur","20":"tag-republique-francaise"},"share_on_mastodon":{"url":"https:\/\/pubeurope.com\/@fr\/115314233840491920","error":""},"_links":{"self":[{"href":"https:\/\/www.europesays.com\/fr\/wp-json\/wp\/v2\/posts\/437902","targetHints":{"allow":["GET"]}}],"collection":[{"href":"https:\/\/www.europesays.com\/fr\/wp-json\/wp\/v2\/posts"}],"about":[{"href":"https:\/\/www.europesays.com\/fr\/wp-json\/wp\/v2\/types\/post"}],"author":[{"embeddable":true,"href":"https:\/\/www.europesays.com\/fr\/wp-json\/wp\/v2\/users\/2"}],"replies":[{"embeddable":true,"href":"https:\/\/www.europesays.com\/fr\/wp-json\/wp\/v2\/comments?post=437902"}],"version-history":[{"count":0,"href":"https:\/\/www.europesays.com\/fr\/wp-json\/wp\/v2\/posts\/437902\/revisions"}],"wp:featuredmedia":[{"embeddable":true,"href":"https:\/\/www.europesays.com\/fr\/wp-json\/wp\/v2\/media\/437903"}],"wp:attachment":[{"href":"https:\/\/www.europesays.com\/fr\/wp-json\/wp\/v2\/media?parent=437902"}],"wp:term":[{"taxonomy":"category","embeddable":true,"href":"https:\/\/www.europesays.com\/fr\/wp-json\/wp\/v2\/categories?post=437902"},{"taxonomy":"post_tag","embeddable":true,"href":"https:\/\/www.europesays.com\/fr\/wp-json\/wp\/v2\/tags?post=437902"}],"curies":[{"name":"wp","href":"https:\/\/api.w.org\/{rel}","templated":true}]}}