{"id":437904,"date":"2025-10-04T05:25:11","date_gmt":"2025-10-04T05:25:11","guid":{"rendered":"https:\/\/www.europesays.com\/fr\/437904\/"},"modified":"2025-10-04T05:25:11","modified_gmt":"2025-10-04T05:25:11","slug":"deux-morts-narcotrafic-quartier-sensible-ce-que-lon-sait","status":"publish","type":"post","link":"https:\/\/www.europesays.com\/fr\/437904\/","title":{"rendered":"deux morts, narcotrafic, quartier sensible\u2026 ce que l\u2019on sait"},"content":{"rendered":"<p>Outre les deux morts, dont les identit\u00e9s sont en cours de v\u00e9rification selon le parquet, la <a href=\"https:\/\/www.laprovence.com\/article\/faits-divers-justice\/7257857501762814\/deux-morts-et-plusieurs-blesses-dans-une-fusillade-dans-un-quartier-sensible-de-nice\" target=\"_blank\" rel=\"noopener\">fusillade <\/a>a fait cinq bless\u00e9s. Parmi eux, deux graves selon la <a href=\"https:\/\/www.laprovence.com\/article\/societe\/2927775964612814\/a-marseille-un-millier-de-personnes-devant-la-prefecture-en-soutien-a-la-flottille-pour-gaza\" target=\"_blank\" rel=\"noopener\">pr\u00e9fecture <\/a>et une personne \u00ab\u00a0tr\u00e8s gri\u00e8vement bless\u00e9e\u00a0\u00bb, selon le parquet.<\/p>\n<p>Le p\u00e9rim\u00e8tre a \u00e9t\u00e9 s\u00e9curis\u00e9 et une cellule m\u00e9dico-psychologique a \u00e9t\u00e9 mise en place pour les riverains.<\/p>\n<p>Les auteurs de la fusillade sont encore recherch\u00e9s, a pr\u00e9cis\u00e9 le pr\u00e9fet, Laurent Hottiaux, qui s\u2019est rendu sur place. Il a annonc\u00e9 que des renforts seraient mobilis\u00e9s \u00e0 partir de samedi pour s\u00e9curiser le quartier.<\/p>\n<p>La fusillade, \u00ab\u00a0tr\u00e8s vraisemblablement\u00a0\u00bb li\u00e9e au narcotrafic, indique le procureur Damien Martinelli, a eu lieu en d\u00e9but de soir\u00e9e dans ce quartier de 8.000 habitants dans l\u2019ouest de Nice, proche de l\u2019autoroute, mais enclav\u00e9 et r\u00e9guli\u00e8rement marqu\u00e9 par des violences pour le contr\u00f4le de points de deal.<\/p>\n<p>Lors du dernier incident en date, un jeune homme avait \u00e9t\u00e9 bless\u00e9 \u00e0 une jambe mercredi par des tirs dans le quartier.<\/p>\n<p>Et en juillet\u00a02024, sept personnes d\u2019une m\u00eame famille, dont trois enfants et un adolescent, avaient p\u00e9ri dans un <a href=\"https:\/\/www.laprovence.com\/article\/region\/7150373284217714\/suspicion-d-incendie-criminel-dans-un-garage-automobile-de-salon-pres-d-un-million-d-euros-partis-en-fumee\" target=\"_blank\" rel=\"noopener\">incendie criminel<\/a> visant un autre \u00e9tage sur fond de trafic de drogues dans l\u2019un des immeubles des Moulins.<\/p>\n<p>Apr\u00e8s la fusillade de vendredi, une enqu\u00eate pour homicides volontaires en bande organis\u00e9e et tentatives d\u2019homicide volontaire en bande organis\u00e9e a \u00e9t\u00e9 ouverte et confi\u00e9e \u00e0 la police judiciaire des Alpes-Maritimes.<\/p>\n<p>300 personnes incarc\u00e9r\u00e9es<\/p>\n<p>Venu \u00e9galement sur place, le maire <a href=\"https:\/\/www.laprovence.com\/article\/politique\/6037396857746514\/christian-estrosi-veut-donner-a-une-place-le-nom-de-nicolas-sarkozy-et-cree-une-polemique-a-nice\" target=\"_blank\" rel=\"noopener\">Christian Estrosi<\/a> (Horizons), a fustig\u00e9 un \u00ab\u00a0d\u00e9sint\u00e9r\u00eat de l\u2019\u00c9tat pour cette cit\u00e9 des Moulins\u00a0\u00bb. \u00ab\u00a0C\u2019est une fois de trop, nous avons le sentiment quelques fois d\u2019\u00eatre totalement abandonn\u00e9s\u00a0\u00bb, a-t-il ajout\u00e9.<\/p>\n<p>\u00c9voquant les efforts et les investissements de Nice en mati\u00e8re de police municipale et de vid\u00e9osurveillance, il a insist\u00e9\u00a0: \u00ab\u00a0\u00c7a n\u2019est pas une raison pour nous envoyer moins d\u2019effectifs\u00a0\u00bb de police nationale ou de magistrats.<\/p>\n<p>Le pr\u00e9fet a refus\u00e9 d\u2019entrer dans la pol\u00e9mique en expliquant que trois points de deal avaient \u00e9t\u00e9 d\u00e9mantel\u00e9s ces derniers jours dans le quartier des Moulins et que pr\u00e8s de 300 personnes avaient \u00e9t\u00e9 incarc\u00e9r\u00e9es depuis six mois en lien avec les trafics de stup\u00e9fiants aux Moulins et \u00e0 l\u2019Ariane, un autre quartier sensible dans le nord-est de Nice.<\/p>\n<p>\u00ab\u00a0Stop, \u00e7a suffit, Nice ne doit pas devenir <a href=\"https:\/\/www.laprovence.com\/bouches-du-rhone\/marseille-13055\" target=\"_blank\" rel=\"noopener\">Marseille<\/a>\u00ab\u00a0, a \u00e9crit sur X \u00c9ric Ciotti, rival UDR-RN de M. Estrosi pour l\u2019\u00e9lection municipale de mars.<\/p>\n<p>\u00ab\u00a0Face \u00e0 cette spirale infernale, une \u00e9ni\u00e8me annonce de renforts policiers qui resteront quelques jours.. avant de repartir. Ceux qui ont permis cette situation \u00e0 Nice et \u00e0 Paris doivent partir\u00a0\u00bb, a-t-il insist\u00e9.<\/p>\n<p>Si les violences li\u00e9es au narcotrafic n\u2019atteignent pas \u00e0 Nice le niveau de celles de Marseille ou de la r\u00e9gion parisienne, elles restent pr\u00e9sentes. En avril, un homme de 28\u00a0ans a \u00e9t\u00e9 tu\u00e9 par balles dans le quartier Pasteur, un autre quartier sensible dans l\u2019est de la ville.<\/p>\n","protected":false},"excerpt":{"rendered":"Outre les deux morts, dont les identit\u00e9s sont en cours de v\u00e9rification selon le parquet, la fusillade a&hellip;\n","protected":false},"author":2,"featured_media":437905,"comment_status":"","ping_status":"","sticky":false,"template":"","format":"standard","meta":{"footnotes":""},"categories":[2819],"tags":[17,1111,11,4070,1777,674,274,1011,27,3832,5184,8721,12,2401,882,5775,25,35446],"class_list":{"0":"post-437904","1":"post","2":"type-post","3":"status-publish","4":"format-standard","5":"has-post-thumbnail","7":"category-nice","8":"tag-17","9":"tag-actu","10":"tag-actualites","11":"tag-deux","12":"tag-eu","13":"tag-europe","14":"tag-faits-divers-justice","15":"tag-fr","16":"tag-france","17":"tag-fusillade","18":"tag-morts","19":"tag-narcotrafic","20":"tag-news","21":"tag-nice","22":"tag-provence-alpes-cote-dazur","23":"tag-quartier","24":"tag-republique-francaise","25":"tag-sensible"},"share_on_mastodon":{"url":"https:\/\/pubeurope.com\/@fr\/115314237309594175","error":""},"_links":{"self":[{"href":"https:\/\/www.europesays.com\/fr\/wp-json\/wp\/v2\/posts\/437904","targetHints":{"allow":["GET"]}}],"collection":[{"href":"https:\/\/www.europesays.com\/fr\/wp-json\/wp\/v2\/posts"}],"about":[{"href":"https:\/\/www.europesays.com\/fr\/wp-json\/wp\/v2\/types\/post"}],"author":[{"embeddable":true,"href":"https:\/\/www.europesays.com\/fr\/wp-json\/wp\/v2\/users\/2"}],"replies":[{"embeddable":true,"href":"https:\/\/www.europesays.com\/fr\/wp-json\/wp\/v2\/comments?post=437904"}],"version-history":[{"count":0,"href":"https:\/\/www.europesays.com\/fr\/wp-json\/wp\/v2\/posts\/437904\/revisions"}],"wp:featuredmedia":[{"embeddable":true,"href":"https:\/\/www.europesays.com\/fr\/wp-json\/wp\/v2\/media\/437905"}],"wp:attachment":[{"href":"https:\/\/www.europesays.com\/fr\/wp-json\/wp\/v2\/media?parent=437904"}],"wp:term":[{"taxonomy":"category","embeddable":true,"href":"https:\/\/www.europesays.com\/fr\/wp-json\/wp\/v2\/categories?post=437904"},{"taxonomy":"post_tag","embeddable":true,"href":"https:\/\/www.europesays.com\/fr\/wp-json\/wp\/v2\/tags?post=437904"}],"curies":[{"name":"wp","href":"https:\/\/api.w.org\/{rel}","templated":true}]}}