{"id":437908,"date":"2025-10-04T05:28:12","date_gmt":"2025-10-04T05:28:12","guid":{"rendered":"https:\/\/www.europesays.com\/fr\/437908\/"},"modified":"2025-10-04T05:28:12","modified_gmt":"2025-10-04T05:28:12","slug":"les-previsions-meteo-du-samedi-04-octobre-a-bordeaux","status":"publish","type":"post","link":"https:\/\/www.europesays.com\/fr\/437908\/","title":{"rendered":"Les pr\u00e9visions m\u00e9t\u00e9o du samedi 04 octobre \u00e0 Bordeaux"},"content":{"rendered":"<p>Aujourd\u2019hui \u00e0 Bordeaux, pr\u00e9pare-toi \u00e0 un temps instable qui se renforcera en seconde partie de journ\u00e9e. Les temp\u00e9ratures oscilleront entre 18 et 21\u00b0C, avec un ressenti parfois l\u00e9g\u00e8rement plus frais \u00e0 cause du vent.<\/p>\n<p style=\"font-size:16px\"><strong>Ce matin<\/strong>, le ciel restera <strong>couvert<\/strong>, mais on pourra d\u00e9j\u00e0 apercevoir une l\u00e9g\u00e8re tendance \u00e0 l\u2019am\u00e9lioration. Le vent du sud-ouest souffle \u00e0 25 km\/h avec des rafales autour de 40 km\/h, donnant un ressenti de 15\u00b0C. Le risque de pluie est faible, autour de 25 %.<\/p>\n<p style=\"font-size:16px\"><strong>L\u2019apr\u00e8s-midi<\/strong>, le temps devient plus perturb\u00e9. Le ciel sera tr\u00e8s nuageux avec de courtes \u00e9claircies et quelques <strong>averses intermittentes<\/strong>. Le mercure atteindra 21\u00b0C, mais avec le vent d\u2019ouest et des rafales jusqu\u2019\u00e0 45 km\/h, le ressenti grimpera \u00e0 23\u00b0C. Le risque de pluie atteint 50 %.<\/p>\n<p><img fetchpriority=\"high\" decoding=\"async\" width=\"1024\" height=\"576\" src=\"https:\/\/www.europesays.com\/fr\/wp-content\/uploads\/2025\/10\/nuageux-1024x576.png\" alt=\"\" class=\"wp-image-84530\" style=\"width:688px;height:auto\"  \/>Temps instable aujourd\u2019hui sur Bordeaux.<\/p>\n<p style=\"font-size:16px\"><strong>Le soir<\/strong>, les averses continueront mais deviendront progressivement plus rares. Le vent d\u2019ouest reste soutenu, rafales de 40 km\/h, et le thermom\u00e8tre redescend \u00e0 15\u00b0C (ressenti 13\u00b0C).<\/p>\n<p style=\"font-size:16px\"><strong>La nuit<\/strong> sera tr\u00e8s nuageuse, avec quelques \u00e9claircies et sans pr\u00e9cipitations. Les temp\u00e9ratures chutent \u00e0 13\u00b0C, ressenties 11\u00b0C, avec un vent moins marqu\u00e9.<\/p>\n<p style=\"font-size:16px\">Bref, garde ton parapluie \u00e0 port\u00e9e de main, mais tu pourras aussi profiter de quelques <strong>\u00e9claircies entre les nuages<\/strong>.<\/p>\n<p style=\"font-size:16px\">\u00c0 lire aussi : <a href=\"https:\/\/www.bougerabordeaux.com\/actu\/news\/bordeaux-une-campagne-inedite-pour-inciter-les-jeunes-au-don-de-plasma\/\" target=\"_blank\" rel=\"noreferrer noopener nofollow\">Bordeaux : une campagne in\u00e9dite pour inciter les jeunes au don de plasma !<\/a><\/p>\n","protected":false},"excerpt":{"rendered":"Aujourd\u2019hui \u00e0 Bordeaux, pr\u00e9pare-toi \u00e0 un temps instable qui se renforcera en seconde partie de journ\u00e9e. Les temp\u00e9ratures&hellip;\n","protected":false},"author":2,"featured_media":437909,"comment_status":"","ping_status":"","sticky":false,"template":"","format":"standard","meta":{"footnotes":""},"categories":[2817],"tags":[1111,11,1997,1777,674,1011,27,12,2219,25],"class_list":{"0":"post-437908","1":"post","2":"type-post","3":"status-publish","4":"format-standard","5":"has-post-thumbnail","7":"category-bordeaux","8":"tag-actu","9":"tag-actualites","10":"tag-bordeaux","11":"tag-eu","12":"tag-europe","13":"tag-fr","14":"tag-france","15":"tag-news","16":"tag-nouvelle-aquitaine","17":"tag-republique-francaise"},"share_on_mastodon":{"url":"https:\/\/pubeurope.com\/@fr\/115314249714469567","error":""},"_links":{"self":[{"href":"https:\/\/www.europesays.com\/fr\/wp-json\/wp\/v2\/posts\/437908","targetHints":{"allow":["GET"]}}],"collection":[{"href":"https:\/\/www.europesays.com\/fr\/wp-json\/wp\/v2\/posts"}],"about":[{"href":"https:\/\/www.europesays.com\/fr\/wp-json\/wp\/v2\/types\/post"}],"author":[{"embeddable":true,"href":"https:\/\/www.europesays.com\/fr\/wp-json\/wp\/v2\/users\/2"}],"replies":[{"embeddable":true,"href":"https:\/\/www.europesays.com\/fr\/wp-json\/wp\/v2\/comments?post=437908"}],"version-history":[{"count":0,"href":"https:\/\/www.europesays.com\/fr\/wp-json\/wp\/v2\/posts\/437908\/revisions"}],"wp:featuredmedia":[{"embeddable":true,"href":"https:\/\/www.europesays.com\/fr\/wp-json\/wp\/v2\/media\/437909"}],"wp:attachment":[{"href":"https:\/\/www.europesays.com\/fr\/wp-json\/wp\/v2\/media?parent=437908"}],"wp:term":[{"taxonomy":"category","embeddable":true,"href":"https:\/\/www.europesays.com\/fr\/wp-json\/wp\/v2\/categories?post=437908"},{"taxonomy":"post_tag","embeddable":true,"href":"https:\/\/www.europesays.com\/fr\/wp-json\/wp\/v2\/tags?post=437908"}],"curies":[{"name":"wp","href":"https:\/\/api.w.org\/{rel}","templated":true}]}}