{"id":437910,"date":"2025-10-04T05:29:14","date_gmt":"2025-10-04T05:29:14","guid":{"rendered":"https:\/\/www.europesays.com\/fr\/437910\/"},"modified":"2025-10-04T05:29:14","modified_gmt":"2025-10-04T05:29:14","slug":"le-lou-en-deplacement-a-bordeaux-ce-samedi","status":"publish","type":"post","link":"https:\/\/www.europesays.com\/fr\/437910\/","title":{"rendered":"le LOU en d\u00e9placement \u00e0 Bordeaux ce samedi"},"content":{"rendered":"<p itemprop=\"description\"><strong>Apr\u00e8s sa lourde d\u00e9faite \u00e0 Pau le week-end dernier, le LOU Rugby voyage de nouveau dans le sud-ouest ce samedi \u00e0 21h pour le compte de la 5e journ\u00e9e de TOP 14.<\/strong><\/p>\n<p>Et c\u2019est un d\u00e9placement compliqu\u00e9, \u00e0 Bordeaux chez le champion d\u2019Europe en titre, qui attend les Rouge et Noir. \u00ab\u00a0C\u2019est une \u00e9quipe tr\u00e8s dangereuse. Il faudra \u00eatre pr\u00eat \u00e0 d\u00e9fendre car ils savent tout faire\u00a0\u00bb, a fait remarquer Alan Basson Zondagh, l\u2019entraineur des 3\/4 \u00a0en conf\u00e9rence de presse d\u2019avant-match. \u00ab\u00a0Ils ont de gros joueurs sur le terrain, ils vont attaquer ce match \u00e0 pleine vitesse\u00a0\u00bb, a poursuivi le technicien.\u00a0<\/p>\n<p>Il faudra d\u2019autant plus se m\u00e9fier des Bordelais qu\u2019ils restent sur une large d\u00e9faite au Stade Fran\u00e7ais. Comme les joueurs du LOU, en somme : \u00ab\u00a0On doit r\u00e9agir ce week-end\u00a0\u00bb, affirme Th\u00e9o Millet, qui sera capitaine ce samedi. \u00ab\u00a0Il faut se remobiliser pour gagner des points \u00e0 l\u2019ext\u00e9rieur, car on sait que c\u2019est l\u00e0-dessus que se joue le TOP 14\u00a0\u00bb.\u00a0<\/p>\n<p>La t\u00e2che sera difficile, dans un stade Chaban-Delmas qui devrait accueillir 30 000 spectateurs. \u00ab\u00a0A Bordeaux, \u00e7a peut aller tr\u00e8s vite. Ils ont mis plus de 70 points lors de leur derni\u00e8re rencontre \u00e0 domicile\u00a0\u00bb, note Th\u00e9o William. Mais le 2e ligne du LOU ne veut pas c\u00e9der \u00e0 la panique : \u00ab\u00a0On doit se dire que oui, les matchs \u00e0 l\u2019ext\u00e9rieur sont plus compliqu\u00e9s, mais que ce n\u2019est pas une raison de l\u00e2cher. On doit les prendre comme des matchs \u00e0 domicile et \u00eatre capable de rebondir\u00a0\u00bb.\u00a0<\/p>\n<p>Les Lyonnais, qui \u00e9trenneront <a href=\"https:\/\/www.lyonfoot.com\/article\/10751\/le-lou-rugby-fait-appel-a-d-anciens-joueurs-de-l-ol-pour-celebrer-le-centenaire-du-stade-de-gerland\" target=\"_blank\" rel=\"noopener\">leur maillot Third<\/a> rendant hommage au centenaire du stade de Gerland, veulent en tout cas prouver que l\u2019\u00e9quipe n\u2019est pas retomb\u00e9e dans les travers de la saison derni\u00e8re et que la d\u00e9faite \u00e0 Pau n\u2019\u00e9tait \u00ab\u00a0qu\u2019une baisse de r\u00e9gime \u00e0 l\u2019instant T\u00a0\u00bb.<\/p>\n","protected":false},"excerpt":{"rendered":"Apr\u00e8s sa lourde d\u00e9faite \u00e0 Pau le week-end dernier, le LOU Rugby voyage de nouveau dans le sud-ouest&hellip;\n","protected":false},"author":2,"featured_media":437911,"comment_status":"","ping_status":"","sticky":false,"template":"","format":"standard","meta":{"footnotes":""},"categories":[2817],"tags":[1111,11,2813,2190,1997,1109,251,1112,2811,1777,674,118,1011,27,1922,1110,1114,2428,2810,12,2219,241,316,25,2812,517,800],"class_list":{"0":"post-437910","1":"post","2":"type-post","3":"status-publish","4":"format-standard","5":"has-post-thumbnail","7":"category-bordeaux","8":"tag-actu","9":"tag-actualites","10":"tag-article","11":"tag-asvel","12":"tag-bordeaux","13":"tag-breves","14":"tag-culture","15":"tag-depeches","16":"tag-economique","17":"tag-eu","18":"tag-europe","19":"tag-faits-divers","20":"tag-fr","21":"tag-france","22":"tag-info","23":"tag-informations","24":"tag-infos","25":"tag-lyon","26":"tag-lyonmag","27":"tag-news","28":"tag-nouvelle-aquitaine","29":"tag-ol","30":"tag-politique","31":"tag-republique-francaise","32":"tag-sociale","33":"tag-sport","34":"tag-transports"},"share_on_mastodon":{"url":"https:\/\/pubeurope.com\/@fr\/115314253103180030","error":""},"_links":{"self":[{"href":"https:\/\/www.europesays.com\/fr\/wp-json\/wp\/v2\/posts\/437910","targetHints":{"allow":["GET"]}}],"collection":[{"href":"https:\/\/www.europesays.com\/fr\/wp-json\/wp\/v2\/posts"}],"about":[{"href":"https:\/\/www.europesays.com\/fr\/wp-json\/wp\/v2\/types\/post"}],"author":[{"embeddable":true,"href":"https:\/\/www.europesays.com\/fr\/wp-json\/wp\/v2\/users\/2"}],"replies":[{"embeddable":true,"href":"https:\/\/www.europesays.com\/fr\/wp-json\/wp\/v2\/comments?post=437910"}],"version-history":[{"count":0,"href":"https:\/\/www.europesays.com\/fr\/wp-json\/wp\/v2\/posts\/437910\/revisions"}],"wp:featuredmedia":[{"embeddable":true,"href":"https:\/\/www.europesays.com\/fr\/wp-json\/wp\/v2\/media\/437911"}],"wp:attachment":[{"href":"https:\/\/www.europesays.com\/fr\/wp-json\/wp\/v2\/media?parent=437910"}],"wp:term":[{"taxonomy":"category","embeddable":true,"href":"https:\/\/www.europesays.com\/fr\/wp-json\/wp\/v2\/categories?post=437910"},{"taxonomy":"post_tag","embeddable":true,"href":"https:\/\/www.europesays.com\/fr\/wp-json\/wp\/v2\/tags?post=437910"}],"curies":[{"name":"wp","href":"https:\/\/api.w.org\/{rel}","templated":true}]}}