{"id":437912,"date":"2025-10-04T05:30:11","date_gmt":"2025-10-04T05:30:11","guid":{"rendered":"https:\/\/www.europesays.com\/fr\/437912\/"},"modified":"2025-10-04T05:30:11","modified_gmt":"2025-10-04T05:30:11","slug":"une-deuxieme-enseigne-dediee-aux-produits-destockees-va-ouvrir-dans-ce-vaste-batiment-a-la-sortie-de-toulouse","status":"publish","type":"post","link":"https:\/\/www.europesays.com\/fr\/437912\/","title":{"rendered":"Une deuxi\u00e8me enseigne d\u00e9di\u00e9e aux produits d\u00e9stock\u00e9es va ouvrir dans ce vaste b\u00e2timent \u00e0 la sortie de Toulouse"},"content":{"rendered":"<p>            Par<br \/>\n        <strong><br \/>\n            <a href=\"https:\/\/actu.fr\/auteur\/david-saint-sernin\" title=\"Consulter tous les articles de David Saint-Sernin\" rel=\"nofollow noopener\" target=\"_blank\">David Saint-Sernin<\/a><br \/>\n        <\/strong><\/p>\n<p>        Publi\u00e9 le<\/p>\n<p>            4 oct. 2025 \u00e0 7h02        <\/p>\n<p>C\u2019est un b\u00e2timent qui est en train de rena\u00eetre le long de la route de Revel. \u00c0 la sortie de Toulouse, pr\u00e8s du <a href=\"https:\/\/actu.fr\/occitanie\/saint-orens-de-gameville_31506\/cette-grande-enseigne-ouvre-un-nouveau-magasin-pres-de-toulouse-il-pourrait-bien-surprendre-les-clients_63238136.html\" rel=\"nofollow noopener\" target=\"_blank\">centre commercial de Saint-Orens<\/a>, <a href=\"https:\/\/actu.fr\/occitanie\/saint-orens-de-gameville_31506\/lauragais-a-saint-orens-le-magasin-d-ameublement-alinea-ferme-definitivement-ses-portes_36132412.html\" rel=\"nofollow noopener\" target=\"_blank\">l\u2019ex-Alin\u00e9a<\/a> a \u00e9t\u00e9 totalement r\u00e9nov\u00e9 et divis\u00e9 en trois cellules commerciales. Depuis le mois de mai\u00a02025, <a href=\"https:\/\/actu.fr\/occitanie\/toulouse_31555\/toulouse-cette-enseigne-a-petits-prix-s-installe-dans-l-ex-alinea-longtemps-a-l-abandon-une-autre-va-suivre_62548482.html\" rel=\"nofollow noopener\" target=\"_blank\">l\u2019enseigne discount B&amp;M s\u2019est implant\u00e9e<\/a> sur une surface de 2500 m\u00b2, au rez-de-chauss\u00e9e du b\u00e2timent. Elle a ouvert ici son troisi\u00e8me magasin de l\u2019agglom\u00e9ration. Dans quelques mois, une deuxi\u00e8me enseigne va int\u00e9grer le b\u00e2timent.<\/p>\n<p>Stokomani va ouvrir au printemps 2026<\/p>\n<p class=\" wall-content\">Il s\u2019agit de<strong> Stokomani,<\/strong> une enseigne de d\u00e9stockage de marques (mode, d\u00e9co, beaut\u00e9, jouets\u2026).<\/p>\n<p class=\" wall-content\">L\u2019ouverture est annonc\u00e9e pour le printemps 2026. Stokomani ouvrira ici son troisi\u00e8me magasin de l\u2019agglom\u00e9ration apr\u00e8s ceux situ\u00e9s au sud de la commune de Toulouse et celui de Blagnac.<\/p>\n<p class=\" wall-content\">La troisi\u00e8me cellule commerciale de l\u2019ex-Alin\u00e9a pourrait \u00e9galement \u00eatre occup\u00e9e en 2026 selon nos informations.<\/p>\n<p class=\" wall-content\">Longtemps \u00e0 l\u2019abandon, <a href=\"https:\/\/actu.fr\/occitanie\/toulouse_31555\/toulouse-la-friche-de-l-ex-alinea-occupee-par-les-gens-du-voyage-alors-que-des-travaux-y-debutent_60475822.html\" rel=\"nofollow noopener\" target=\"_blank\">squatt\u00e9 un temps par les gens du voyage<\/a> et apr\u00e8s de<a href=\"https:\/\/actu.fr\/occitanie\/toulouse_31555\/toulouse-les-travaux-de-reconstruction-de-l-ex-alinea-ont-debute-ce-qui-se-trame_61355199.html\" rel=\"nofollow noopener\" target=\"_blank\"> longs mois de travaux de r\u00e9habilitation,<\/a> le b\u00e2timent de l\u2019ex-Alin\u00e9a redevient une v\u00e9ritable porte d\u2019entr\u00e9e commerciale avant d\u2019arriver au centre commercial de Saint-Orens.<\/p>\n<p>Normal va ouvrir au centre commercial de Saint-Orens<\/p>\n<p class=\" wall-content\">Un centre commercial qui accueille lui aussi <a href=\"https:\/\/actu.fr\/occitanie\/saint-orens-de-gameville_31506\/cette-grande-enseigne-ouvre-un-nouveau-magasin-pres-de-toulouse-il-pourrait-bien-surprendre-les-clients_63238136.html\" rel=\"nofollow noopener\" target=\"_blank\">une nouvelle enseigne dans les prochaines semaines.<\/a><\/p>\n<p class=\" wall-content\">L\u2019enseigne danoise de produits divers \u00e0 prix cass\u00e9s, Normal, va en effet ouvrir un nouveau magasin, le 6\u00a0novembre, dans la galerie marchande du centre commercial Leclerc de Saint-Orens.<\/p>\n<p class=\" wall-content\">Pour rappel, l\u2019enseigne vend des produits de marque dans le domaine de l\u2019hygi\u00e8ne, des cosm\u00e9tiques, des snacks et des produits m\u00e9nagers.<\/p>\n<p class=\" wall-content\">Personnalisez votre actualit\u00e9 en ajoutant vos villes et m\u00e9dias en favori avec <a href=\"https:\/\/moncompte.actu.fr\" title=\"D\u00e9couvez Mon Actu\" rel=\"nofollow noopener\" data-trk=\"{&quot;cta&quot;:{&quot;action&quot;:&quot;https:\\\/\\\/moncompte.actu.fr&quot;,&quot;category&quot;:&quot;mon compte&quot;,&quot;from&quot;:&quot;article footer&quot;,&quot;name&quot;:&quot;Mon actu&quot;,&quot;type&quot;:&quot;cta&quot;}}\" target=\"_blank\">Mon Actu<\/a>.<\/p>\n","protected":false},"excerpt":{"rendered":"Par David Saint-Sernin Publi\u00e9 le 4 oct. 2025 \u00e0 7h02 C\u2019est un b\u00e2timent qui est en train de&hellip;\n","protected":false},"author":2,"featured_media":437913,"comment_status":"","ping_status":"","sticky":false,"template":"","format":"standard","meta":{"footnotes":""},"categories":[2816],"tags":[1111,11,33,1777,674,1011,27,12,2680,25,2312],"class_list":{"0":"post-437912","1":"post","2":"type-post","3":"status-publish","4":"format-standard","5":"has-post-thumbnail","7":"category-toulouse","8":"tag-actu","9":"tag-actualites","10":"tag-economie","11":"tag-eu","12":"tag-europe","13":"tag-fr","14":"tag-france","15":"tag-news","16":"tag-occitanie","17":"tag-republique-francaise","18":"tag-toulouse"},"share_on_mastodon":{"url":"https:\/\/pubeurope.com\/@fr\/115314256985508401","error":""},"_links":{"self":[{"href":"https:\/\/www.europesays.com\/fr\/wp-json\/wp\/v2\/posts\/437912","targetHints":{"allow":["GET"]}}],"collection":[{"href":"https:\/\/www.europesays.com\/fr\/wp-json\/wp\/v2\/posts"}],"about":[{"href":"https:\/\/www.europesays.com\/fr\/wp-json\/wp\/v2\/types\/post"}],"author":[{"embeddable":true,"href":"https:\/\/www.europesays.com\/fr\/wp-json\/wp\/v2\/users\/2"}],"replies":[{"embeddable":true,"href":"https:\/\/www.europesays.com\/fr\/wp-json\/wp\/v2\/comments?post=437912"}],"version-history":[{"count":0,"href":"https:\/\/www.europesays.com\/fr\/wp-json\/wp\/v2\/posts\/437912\/revisions"}],"wp:featuredmedia":[{"embeddable":true,"href":"https:\/\/www.europesays.com\/fr\/wp-json\/wp\/v2\/media\/437913"}],"wp:attachment":[{"href":"https:\/\/www.europesays.com\/fr\/wp-json\/wp\/v2\/media?parent=437912"}],"wp:term":[{"taxonomy":"category","embeddable":true,"href":"https:\/\/www.europesays.com\/fr\/wp-json\/wp\/v2\/categories?post=437912"},{"taxonomy":"post_tag","embeddable":true,"href":"https:\/\/www.europesays.com\/fr\/wp-json\/wp\/v2\/tags?post=437912"}],"curies":[{"name":"wp","href":"https:\/\/api.w.org\/{rel}","templated":true}]}}