{"id":437926,"date":"2025-10-04T05:37:10","date_gmt":"2025-10-04T05:37:10","guid":{"rendered":"https:\/\/www.europesays.com\/fr\/437926\/"},"modified":"2025-10-04T05:37:10","modified_gmt":"2025-10-04T05:37:10","slug":"lyon-ce-nouveau-bar-restaurant-ouvert-7j-7-seduit-dans-une-rue-tres-animee-de-la-presquile","status":"publish","type":"post","link":"https:\/\/www.europesays.com\/fr\/437926\/","title":{"rendered":"Lyon. Ce nouveau bar-restaurant ouvert 7j\/7 s\u00e9duit dans une rue tr\u00e8s anim\u00e9e de la Presqu&rsquo;\u00eele"},"content":{"rendered":"<p>            Par<br \/>\n        <strong><br \/>\n            <a href=\"https:\/\/actu.fr\/auteur\/anthony-soudani\" title=\"Consulter tous les articles de Anthony Soudani\" rel=\"nofollow noopener\" target=\"_blank\">Anthony Soudani<\/a><br \/>\n        <\/strong><\/p>\n<p>        Publi\u00e9 le<\/p>\n<p>            4 oct. 2025 \u00e0 7h32        <\/p>\n<p>Un nouveau bistrot fran\u00e7ais, \u00e0 l\u2019accent tr\u00e8s lyonnais, a ouvert en <a href=\"https:\/\/actu.fr\/auvergne-rhone-alpes\/lyon_69123\/lyon-vous-leur-faites-du-mal-la-mairie-accuse-la-droite-de-plomber-le-commerce-en-presqu-ile_63219470.html\" rel=\"nofollow noopener\" target=\"_blank\">Presqu\u2019\u00eele<\/a>. Le <strong>Croissant Show Bistrot<\/strong> accueille ses premiers clients depuis mi-septembre \u00e0 la place de l\u2019ancienne Pharmacie du Centre, dans le 2e arrondissement de <a href=\"https:\/\/actu.fr\/lyon\/\" rel=\"nofollow noopener\" target=\"_blank\">Lyon<\/a>.<br \/>Nous avons d\u00e9couvert ce nouvel \u00e9tablissement <strong>ouvert 7 jours sur 7<\/strong> au 1, rue de la Ferrandi\u00e8re, \u00e0 l\u2019entr\u00e9e de la tr\u00e8s fr\u00e9quent\u00e9e rue Merci\u00e8re o\u00f9 restaurants et bars animent ce quartier de la ville.\u00a0<\/p>\n<p>\u00ab\u00a0On retravaille le croissant en version garnie\u00a0\u00bb<\/p>\n<p class=\" wall-content\">Apr\u00e8s plusieurs mois de travaux, ce nouveau bistrot \u00e9tait attendu. \u00ab\u00a0Cela a pris cinq mois pour avoir un vrai confort acoustique. Cela rend le son de la musique agr\u00e9able et on peut s\u2019entendre parler\u00a0\u00bb, explique fi\u00e8rement Laurine Ducrot.<\/p>\n<p class=\" wall-content\">\u00c0 l\u2019int\u00e9rieur, d\u2019importants moyens ont \u00e9t\u00e9 mis. La d\u00e9coration est soign\u00e9e. Le bar en c\u00e9ramique est imposant avec, en arri\u00e8re-plan, des dizaines de bouteilles bien rang\u00e9es.<\/p>\n<p class=\" wall-content\">Mais pourquoi le nom Croissant Show Bistrot ? Laurine Ducrot r\u00e9pond : \u00ab\u00a0On retravaille le croissant en version garnie, avec des options sal\u00e9es ou sucr\u00e9es. On travaille avec des Buns. Il y a la tomate burrata avec le croissant, le sandwich saumon cr\u00e8me cheese\u2026 Et pour l\u2019anecdote, <strong>chaque caf\u00e9 est accompagn\u00e9 d\u2019un petit croissant<\/strong> plut\u00f4t qu\u2019un sp\u00e9culos.\u00a0\u00bb<\/p>\n<p class=\" wall-content\">Des plats typiquement lyonnais sont \u00e9galement servis comme les quenelles, l\u2019andouillette ou encore le p\u00e2t\u00e9 cro\u00fbte fait par le chef David des Culottes longues.<\/p>\n<p>Des soir\u00e9es et des brunchs festifs<\/p>\n<p class=\" wall-content\">Et pour le c\u00f4t\u00e9 Show, le bar-restaurant n\u2019est pas en reste. \u00ab\u00a0Nous avons fait une demande de fermeture tardive avec la <strong>volont\u00e9 d\u2019\u00eatre ouvert jusqu\u2019\u00e0 3h<\/strong> jeudi, vendredi et samedi\u00a0\u00bb, affirme Laurine Ducrot.<\/p>\n<p>Votre r\u00e9gion, votre actu !<\/p>\n<p>Recevez chaque jour les infos qui comptent pour vous.<\/p>\n<p>\t<a href=\"https:\/\/actu.fr\/newsletter\" class=\"ac-btn ac-btn--corner ac-btn--medium ac-btn--blue800\" rel=\"nofollow noopener\" target=\"_blank\">S&rsquo;incrire<\/a><\/p>\n<p class=\" wall-content\">La co-g\u00e9rante pr\u00e9cise. \u00ab\u00a0L\u2019id\u00e9e, c\u2019est d\u2019\u00eatre dans un \u00e9tablissement authentique la journ\u00e9e. Et le soir, on n\u2019est plus dans le m\u00eame \u00e9tablissement avec parfois des DJ.\u00a0\u00bb<\/p>\n<p class=\" wall-content\">Le Croissant Show Bistrot va par ailleurs proposer des brunchs festifs chaque premier dimanche du mois. L\u00e0, les clients pourront faire la f\u00eate avec un croissant \u00e0 la main. Nul doute, ce nouvel \u00e9tablissement de la Presqu\u2019\u00eele porte bien son nom.<\/p>\n<p class=\" wall-content\">Personnalisez votre actualit\u00e9 en ajoutant vos villes et m\u00e9dias en favori avec <a href=\"https:\/\/moncompte.actu.fr\" title=\"D\u00e9couvez Mon Actu\" rel=\"nofollow noopener\" data-trk=\"{&quot;cta&quot;:{&quot;action&quot;:&quot;https:\\\/\\\/moncompte.actu.fr&quot;,&quot;category&quot;:&quot;mon compte&quot;,&quot;from&quot;:&quot;article footer&quot;,&quot;name&quot;:&quot;Mon actu&quot;,&quot;type&quot;:&quot;cta&quot;}}\" target=\"_blank\">Mon Actu<\/a>.<\/p>\n","protected":false},"excerpt":{"rendered":"Par Anthony Soudani Publi\u00e9 le 4 oct. 2025 \u00e0 7h32 Un nouveau bistrot fran\u00e7ais, \u00e0 l\u2019accent tr\u00e8s lyonnais,&hellip;\n","protected":false},"author":2,"featured_media":437927,"comment_status":"","ping_status":"","sticky":false,"template":"","format":"standard","meta":{"footnotes":""},"categories":[1889],"tags":[1111,11,2430,215,1777,674,1011,27,1652,2428,12,2809,25,1340],"class_list":{"0":"post-437926","1":"post","2":"type-post","3":"status-publish","4":"format-standard","5":"has-post-thumbnail","7":"category-lyon","8":"tag-actu","9":"tag-actualites","10":"tag-auvergne-rhone-alpes","11":"tag-commerce","12":"tag-eu","13":"tag-europe","14":"tag-fr","15":"tag-france","16":"tag-loisirs-culture","17":"tag-lyon","18":"tag-news","19":"tag-presquile","20":"tag-republique-francaise","21":"tag-restaurant"},"share_on_mastodon":{"url":"https:\/\/pubeurope.com\/@fr\/115314284489969152","error":""},"_links":{"self":[{"href":"https:\/\/www.europesays.com\/fr\/wp-json\/wp\/v2\/posts\/437926","targetHints":{"allow":["GET"]}}],"collection":[{"href":"https:\/\/www.europesays.com\/fr\/wp-json\/wp\/v2\/posts"}],"about":[{"href":"https:\/\/www.europesays.com\/fr\/wp-json\/wp\/v2\/types\/post"}],"author":[{"embeddable":true,"href":"https:\/\/www.europesays.com\/fr\/wp-json\/wp\/v2\/users\/2"}],"replies":[{"embeddable":true,"href":"https:\/\/www.europesays.com\/fr\/wp-json\/wp\/v2\/comments?post=437926"}],"version-history":[{"count":0,"href":"https:\/\/www.europesays.com\/fr\/wp-json\/wp\/v2\/posts\/437926\/revisions"}],"wp:featuredmedia":[{"embeddable":true,"href":"https:\/\/www.europesays.com\/fr\/wp-json\/wp\/v2\/media\/437927"}],"wp:attachment":[{"href":"https:\/\/www.europesays.com\/fr\/wp-json\/wp\/v2\/media?parent=437926"}],"wp:term":[{"taxonomy":"category","embeddable":true,"href":"https:\/\/www.europesays.com\/fr\/wp-json\/wp\/v2\/categories?post=437926"},{"taxonomy":"post_tag","embeddable":true,"href":"https:\/\/www.europesays.com\/fr\/wp-json\/wp\/v2\/tags?post=437926"}],"curies":[{"name":"wp","href":"https:\/\/api.w.org\/{rel}","templated":true}]}}