{"id":437928,"date":"2025-10-04T05:40:08","date_gmt":"2025-10-04T05:40:08","guid":{"rendered":"https:\/\/www.europesays.com\/fr\/437928\/"},"modified":"2025-10-04T05:40:08","modified_gmt":"2025-10-04T05:40:08","slug":"comment-lutter-contre-le-decrochage-scolaire-le-micro-lycee-reconcilie-les-jeunes-avec-lecole","status":"publish","type":"post","link":"https:\/\/www.europesays.com\/fr\/437928\/","title":{"rendered":"Comment lutter contre le d\u00e9crochage scolaire ? Le Micro-Lyc\u00e9e r\u00e9concilie les jeunes avec l\u2019\u00e9cole"},"content":{"rendered":"<p class=\"article__intro\">Chaque ann\u00e9e, 75 000 \u00e9l\u00e8ves passent sous les radars de l\u2019Education nationale. Le Micro-Lyc\u00e9e de Moissy-Cramayel en Seine-et-Marne vient en aide \u00e0 ses jeunes sans dipl\u00f4mes, ni qualifications et les r\u00e9concilie avec l&rsquo;\u00e9cole.<\/p>\n<p>\n      La Quotidienne Soci\u00e9t\u00e9\n    <\/p>\n<p>\n      De la vie quotidienne aux grands enjeux, recevez tous les jours les sujets qui font la soci\u00e9t\u00e9 locale, comme la justice, l\u2019\u00e9ducation, la sant\u00e9 et la famille.\n    <\/p>\n<p>    France T\u00e9l\u00e9visions utilise votre adresse e-mail afin de vous envoyer la newsletter \u00ab\u00a0La Quotidienne Soci\u00e9t\u00e9\u00a0\u00bb. Vous pouvez vous d\u00e9sinscrire \u00e0 tout moment via le lien en bas de cette newsletter. <a target=\"_blank\" href=\"https:\/\/www.francetelevisions.fr\/groupe\/confidentialite\/politique-de-confidentialite\/politique-de-confidentialite-de-france-televisions-6503\" rel=\"nofollow noopener\">Notre politique de confidentialit\u00e9<\/a><\/p>\n<p>\u00c0 Moissy-Cramayel, un Micro-lyc\u00e9e unique accueille des jeunes d\u00e9crocheurs \u00e2g\u00e9s de 16 \u00e0 24 ans, souvent marqu\u00e9s par l\u2019\u00e9chec scolaire, l\u2019anxi\u00e9t\u00e9 ou des difficult\u00e9s sociales. Ici, pas de sanction pour les absences : les enseignants appellent eux-m\u00eames leurs \u00e9l\u00e8ves pour maintenir le lien et briser l\u2019isolement. Des milliers de jeunes en France quittent chaque ann\u00e9e le syst\u00e8me sans dipl\u00f4me. Le Micro-Lyc\u00e9e tente de leur offrir une seconde chance et d\u2019\u00e9viter que l\u2019absence ne m\u00e8ne \u00e0 l\u2019exclusion d\u00e9finitive.<\/p>\n<p>R\u00e9concilier les jeunes d\u00e9crocheurs avec l\u2019institution scolaire, c\u2019est avant tout les r\u00e9concilier avec les adultes. Ici, on tutoie les professeurs, les notes ne tombent pas avant la classe de premi\u00e8re, et chaque \u00e9valuation peut \u00eatre refaite. L\u2019accent est mis sur la confiance, le temps et la progression individuelle. Cette approche, qui permet aux \u00e9l\u00e8ves de retrouver motivation et autonomie, fait ses preuves depuis les ann\u00e9es 80, avec toujours plus de jeunes qui raccrochent leurs \u00e9tudes.<\/p>\n<p>    dur\u00e9e de la vid\u00e9o : 00h02mn17s<\/p>\n<p>        <img decoding=\"async\" width=\"640\" height=\"426\" class=\"article-image not-lazy\" src=\"https:\/\/www.europesays.com\/fr\/wp-content\/uploads\/2025\/10\/1262390f-870a-4c1c-9416-405149c857c7.jpg\" alt=\"\" fetchpriority=\"high\"\/><\/p>\n<p>              Voir la video\u00a0(2 minutes 17 secondes).\u00a0<br \/>\n                  2 min 17 s<\/p>\n<p>\n          J&rsquo;ai raccroch\u00e9 le lyc\u00e9e<\/p>\n<p>        \u2022<\/p>\n<p>              \u00a9France 3 Paris \u00cele-de-France\n      <\/p>\n<p>Dans ce lyc\u00e9e unique, les enseignants endossent tous les r\u00f4les pour accompagner une centaine de jeunes en rupture scolaire. Cours sur mesure, ateliers cr\u00e9atifs, confiance retrouv\u00e9e. Autrefois t\u00e9tanis\u00e9e par l\u2019\u00e9cole, repli\u00e9e sur elle-m\u00eame, M\u00e9lissa \u00e9voque son exp\u00e9rience au Micro-Lyc\u00e9e.<\/p>\n<p>    dur\u00e9e de la vid\u00e9o : 00h02mn10s<\/p>\n<p>        <img decoding=\"async\" width=\"640\" height=\"426\" class=\"article-image not-lazy\" src=\"https:\/\/www.europesays.com\/fr\/wp-content\/uploads\/2025\/10\/df3e7f2f-e346-480e-936d-af4e13e3d226.jpg\" alt=\"\" fetchpriority=\"high\"\/><\/p>\n<p>              Voir la video\u00a0(2 minutes 10 secondes).\u00a0<br \/>\n                  2 min 10 s<\/p>\n<p>\n          J&rsquo;ai raccroch\u00e9 le lyc\u00e9e <\/p>\n<p>        \u2022<\/p>\n<p>              \u00a9France 3 Paris \u00cele-de-France\n      <\/p>\n<p>Le co\u00fbt financier du d\u00e9crochage scolaire est consid\u00e9rable, selon un rapport de la Cour des comptes. Raison pour laquelle tous les professionnels (enseignants, psychologues, assistants sociaux, etc\u2026) soulignent l\u2019urgence de sauver les jeunes d\u00e9crocheurs de l\u2019errance sociale.<\/p>\n<p>    dur\u00e9e de la vid\u00e9o : 00h02mn20s<\/p>\n<p>        <img decoding=\"async\" width=\"640\" height=\"426\" class=\"article-image not-lazy\" src=\"https:\/\/www.europesays.com\/fr\/wp-content\/uploads\/2025\/10\/324889cd-6179-40f4-bd62-2b1f4412490a.jpg\" alt=\"\" fetchpriority=\"high\"\/><\/p>\n<p>              Voir la video\u00a0(2 minutes 20 secondes).\u00a0<br \/>\n                  2 min 20 s<\/p>\n<p>\n          Ils ont raccroch\u00e9 le lyc\u00e9e<\/p>\n<p>        \u2022<\/p>\n<p>              \u00a9France 3 Paris \u00cele-de-France\n      <\/p>\n<p>Une s\u00e9rie de reportages de Farid Benbekai, Philippe Ali\u00e8s, Sandra Sonder<\/p>\n","protected":false},"excerpt":{"rendered":"Chaque ann\u00e9e, 75 000 \u00e9l\u00e8ves passent sous les radars de l\u2019Education nationale. Le Micro-Lyc\u00e9e de Moissy-Cramayel en Seine-et-Marne&hellip;\n","protected":false},"author":2,"featured_media":437929,"comment_status":"","ping_status":"","sticky":false,"template":"","format":"standard","meta":{"footnotes":""},"categories":[1592],"tags":[1111,11,1777,674,1011,27,662,12,626,25],"class_list":{"0":"post-437928","1":"post","2":"type-post","3":"status-publish","4":"format-standard","5":"has-post-thumbnail","7":"category-ile-de-france","8":"tag-actu","9":"tag-actualites","10":"tag-eu","11":"tag-europe","12":"tag-fr","13":"tag-france","14":"tag-ile-de-france","15":"tag-news","16":"tag-paris","17":"tag-republique-francaise"},"share_on_mastodon":{"url":"https:\/\/pubeurope.com\/@fr\/115314296895478575","error":""},"_links":{"self":[{"href":"https:\/\/www.europesays.com\/fr\/wp-json\/wp\/v2\/posts\/437928","targetHints":{"allow":["GET"]}}],"collection":[{"href":"https:\/\/www.europesays.com\/fr\/wp-json\/wp\/v2\/posts"}],"about":[{"href":"https:\/\/www.europesays.com\/fr\/wp-json\/wp\/v2\/types\/post"}],"author":[{"embeddable":true,"href":"https:\/\/www.europesays.com\/fr\/wp-json\/wp\/v2\/users\/2"}],"replies":[{"embeddable":true,"href":"https:\/\/www.europesays.com\/fr\/wp-json\/wp\/v2\/comments?post=437928"}],"version-history":[{"count":0,"href":"https:\/\/www.europesays.com\/fr\/wp-json\/wp\/v2\/posts\/437928\/revisions"}],"wp:featuredmedia":[{"embeddable":true,"href":"https:\/\/www.europesays.com\/fr\/wp-json\/wp\/v2\/media\/437929"}],"wp:attachment":[{"href":"https:\/\/www.europesays.com\/fr\/wp-json\/wp\/v2\/media?parent=437928"}],"wp:term":[{"taxonomy":"category","embeddable":true,"href":"https:\/\/www.europesays.com\/fr\/wp-json\/wp\/v2\/categories?post=437928"},{"taxonomy":"post_tag","embeddable":true,"href":"https:\/\/www.europesays.com\/fr\/wp-json\/wp\/v2\/tags?post=437928"}],"curies":[{"name":"wp","href":"https:\/\/api.w.org\/{rel}","templated":true}]}}