{"id":437930,"date":"2025-10-04T05:41:11","date_gmt":"2025-10-04T05:41:11","guid":{"rendered":"https:\/\/www.europesays.com\/fr\/437930\/"},"modified":"2025-10-04T05:41:11","modified_gmt":"2025-10-04T05:41:11","slug":"decouvrez-shuzo-le-spot-festif-colombien-a-la-sauce-japonaise","status":"publish","type":"post","link":"https:\/\/www.europesays.com\/fr\/437930\/","title":{"rendered":"d\u00e9couvrez Shuzo, le spot festif colombien \u00e0 la sauce japonaise"},"content":{"rendered":"<p class=\"article__intro\">Quand la Colombie rencontre le Japon, \u00e7a donne Shuzo. Ce nouveau restaurant a ouvert cet \u00e9t\u00e9 et il fait vibrer\u00a0le 11e arrondissement de Paris au son de la musique afro-carib\u00e9enne.<\/p>\n<p>\n      L\u2019actu des r\u00e9gions\n    <\/p>\n<p>\n      Chaque jour, un tour d\u2019horizon des principales infos de toutes les r\u00e9gions.\n    <\/p>\n<p>    France T\u00e9l\u00e9visions utilise votre adresse e-mail afin de vous envoyer la newsletter \u00ab\u00a0L\u2019actu des r\u00e9gions\u00a0\u00bb. Vous pouvez vous d\u00e9sinscrire \u00e0 tout moment via le lien en bas de cette newsletter. <a target=\"_blank\" href=\"https:\/\/www.francetelevisions.fr\/groupe\/confidentialite\/politique-de-confidentialite\/politique-de-confidentialite-de-france-televisions-6503\" rel=\"nofollow noopener\">Notre politique de confidentialit\u00e9<\/a><\/p>\n<p>Viens, je t&#8217;emm\u00e8ne chez Shuzo ! Si vous voulez briller cet automne aupr\u00e8s de vos amis dans le dommaine des \u00ab\u00a0bonnes adresses pas comme les autres'\u00a0\u00bb, je vous propose d&rsquo;aller vous r\u00e9galer chez Shuzo. Au 44 de la rue Saint S\u00e9bastien, vous pousserez la porte d&rsquo;un izakaya \u00e0 l&rsquo;accent colombien. L&rsquo;izakaya, c&rsquo;est la dermi\u00e8re mode culinaire \u00e0 Paris. C&rsquo;est un bistrot japonais traditionnel, entre bar et restaurant, o\u00f9 l\u2019on vient boire un verre et partager de petites assiettes entre copains, apr\u00e8s le boulot. Shuzo reprend les codes des restaurants nippons mais le chef colombien Andr\u00e8s utilise comme support les recettes traditionnelles de son pays d&rsquo;origine. Le r\u00e9sultat est bluffant. On voyage entre l&rsquo;Am\u00e9rique du Sud et le pays du soleil levant avec, par exemple, un tartare de past\u00e8que fum\u00e9e (franchement, quand on m&rsquo;a annonc\u00e9 ce plat, j&rsquo;ai fait une moue dubitative mais une fois aval\u00e9, j&rsquo;ai eu la banane !).<\/p>\n<p>Shuzo, contration de shiso (une plante aromatique japonaise) et chuzo (une brochette vendue dans la rue en Colombie), est l&rsquo;endroit id\u00e9al pour les papilles aventureuses. C&rsquo;est aussi un lieu festif o\u00f9 la musique est au menu. Aux platines, Gina enchaine les musiques afro-carib\u00e9ennes qui donnent envie de danser entre deux plats savament orchestr\u00e9s.<\/p>\n<p><strong>Plus d\u2019informations\u00a0<\/strong><\/p>\n<p>Adresse : 44 rue de Saint-S\u00e9bastien 75011 Paris<br \/>Ouverture : du mercredi au dimanche, service le soir d\u00e8s 18h30, musique \u00e0 partir de 21h<\/p>\n<p><a href=\"https:\/\/instagram.com\/\" target=\"_blank\" rel=\"noreferrer noopener nofollow\" data-tooltip-url=\"https:\/\/instagram.com\/\">@shuzo_paris<\/a><\/p>\n<p>  <script async src=\"\/\/www.instagram.com\/embed.js\"><\/script><\/p>\n","protected":false},"excerpt":{"rendered":"Quand la Colombie rencontre le Japon, \u00e7a donne Shuzo. Ce nouveau restaurant a ouvert cet \u00e9t\u00e9 et il&hellip;\n","protected":false},"author":2,"featured_media":437931,"comment_status":"","ping_status":"","sticky":false,"template":"","format":"standard","meta":{"footnotes":""},"categories":[1888],"tags":[1111,1928,11,1927,1777,674,1011,27,12,1926,626,1925,25],"class_list":{"0":"post-437930","1":"post","2":"type-post","3":"status-publish","4":"format-standard","5":"has-post-thumbnail","7":"category-paris","8":"tag-actu","9":"tag-actu-paris","10":"tag-actualites","11":"tag-actualites-paris","12":"tag-eu","13":"tag-europe","14":"tag-fr","15":"tag-france","16":"tag-news","17":"tag-news-paris","18":"tag-paris","19":"tag-paris-news","20":"tag-republique-francaise"},"share_on_mastodon":{"url":"https:\/\/pubeurope.com\/@fr\/115314300277215371","error":""},"_links":{"self":[{"href":"https:\/\/www.europesays.com\/fr\/wp-json\/wp\/v2\/posts\/437930","targetHints":{"allow":["GET"]}}],"collection":[{"href":"https:\/\/www.europesays.com\/fr\/wp-json\/wp\/v2\/posts"}],"about":[{"href":"https:\/\/www.europesays.com\/fr\/wp-json\/wp\/v2\/types\/post"}],"author":[{"embeddable":true,"href":"https:\/\/www.europesays.com\/fr\/wp-json\/wp\/v2\/users\/2"}],"replies":[{"embeddable":true,"href":"https:\/\/www.europesays.com\/fr\/wp-json\/wp\/v2\/comments?post=437930"}],"version-history":[{"count":0,"href":"https:\/\/www.europesays.com\/fr\/wp-json\/wp\/v2\/posts\/437930\/revisions"}],"wp:featuredmedia":[{"embeddable":true,"href":"https:\/\/www.europesays.com\/fr\/wp-json\/wp\/v2\/media\/437931"}],"wp:attachment":[{"href":"https:\/\/www.europesays.com\/fr\/wp-json\/wp\/v2\/media?parent=437930"}],"wp:term":[{"taxonomy":"category","embeddable":true,"href":"https:\/\/www.europesays.com\/fr\/wp-json\/wp\/v2\/categories?post=437930"},{"taxonomy":"post_tag","embeddable":true,"href":"https:\/\/www.europesays.com\/fr\/wp-json\/wp\/v2\/tags?post=437930"}],"curies":[{"name":"wp","href":"https:\/\/api.w.org\/{rel}","templated":true}]}}