{"id":437932,"date":"2025-10-04T05:42:21","date_gmt":"2025-10-04T05:42:21","guid":{"rendered":"https:\/\/www.europesays.com\/fr\/437932\/"},"modified":"2025-10-04T05:42:21","modified_gmt":"2025-10-04T05:42:21","slug":"le-duel-des-promus-pour-le-seduisant-paris-fc-face-a-lorient","status":"publish","type":"post","link":"https:\/\/www.europesays.com\/fr\/437932\/","title":{"rendered":"le duel des promus pour le s\u00e9duisant Paris FC face \u00e0 Lorient"},"content":{"rendered":"<p>Le promu parisien a dispos\u00e9 des Merlus lorientais ce vendredi, \u00e0 Jean-Bouin, lors de la septi\u00e8me journ\u00e9e de L1.<\/p>\n<p class=\"fig-paragraph\">Et de trois. Vainqueurs face \u00e0 Metz (3-2) et Brest (2-1) plus t\u00f4t dans la saison, les joueurs du Paris FC, qui restaient sur deux matchs sans succ\u00e8s, ont d\u00e9croch\u00e9 leur troisi\u00e8me victoire en Ligue 1 cuv\u00e9e 2025-26 face \u00e0 Lorient (<a href=\"https:\/\/www.lefigaro.fr\/sports\/football\/live\/ligue-1\/2025\/2568491\/paris-fc-lorient\" target=\"_blank\" data-fig-type=\"Live\" rel=\"noopener\" data-gtm-custom-categorie=\"navigation\" data-gtm-custom-action=\"crossclick\" data-gtm-custom-label=\"Contextuel\" data-gtm-event=\"customEventSPE\" data-fig-domain=\"LEFIGARO\">2-0<\/a>) ce vendredi, en ouverture de\u00a0<a href=\"https:\/\/www.lefigaro.fr\/sports\/football\/ligue-1\/calendrier-resultats\" target=\"_blank\" rel=\"noopener\" data-gtm-custom-categorie=\"navigation\" data-gtm-custom-action=\"crossclick\" data-gtm-custom-label=\"Contextuel\" data-gtm-event=\"customEventSPE\">la septi\u00e8me journ\u00e9e<\/a>. Au terme de ce duel entre promus, les Parisiens apparaissent, au moins provisoirement, \u00e0 la huiti\u00e8me place\u00a0<a href=\"https:\/\/www.lefigaro.fr\/sports\/football\/ligue-1\/classement\" target=\"_blank\" rel=\"noopener\" data-gtm-custom-categorie=\"navigation\" data-gtm-custom-action=\"crossclick\" data-gtm-custom-label=\"Contextuel\" data-gtm-event=\"customEventSPE\">au classement<\/a>. Pire d\u00e9fense de L1 avec d\u00e9j\u00e0 16 buts encaiss\u00e9s,\u00a0<a href=\"http:\/\/www.lefigaro.fr\/sports\/football\/ligue-1\/lorient-monaco-le-magicien-pablo-pagis-arsene-kouassi-solide-mika-biereth-transparent-les-tops-et-flops-20250927\" data-fig-type=\"NewsFlash\" data-gtm-custom-categorie=\"navigation\" data-gtm-custom-action=\"crossclick\" data-gtm-custom-label=\"Contextuel\" data-gtm-event=\"customEventSPE\" data-fig-domain=\"LEFIGARO\" target=\"_blank\" rel=\"noopener\">les Merlus, surprenants vainqueurs de Monaco (3-1)<\/a>\u00a0la semaine pass\u00e9e mais qui n\u2019ont rien montr\u00e9 \u00e0 Jean-Bouin, occupent quant \u00e0 eux la 13e position.<\/p>\n<p class=\"fig-paragraph\">Les joueurs de St\u00e9phane Gili ont rapidement pris le contr\u00f4le face \u00e0 des Lorientais assez bas et rapidement sanctionn\u00e9s par Krasso (3e). But finalement invalid\u00e9 par la Var (hors-jeu). Avertissement sans frais. Quelques situations ici et l\u00e0 pour le Paris FC, qui concr\u00e9tisait sa domination par l\u2019interm\u00e9diaire de l\u2019homme en forme, Kebbal, bien servi par Krasso (1-0, 25e). Passeur d\u00e9cisif, ce dernier se muait en buteur, profitant d\u2019un centre parfait de Simon (2-0, 30e). Lorient KO. Dos au mur, les Merlus prenaient enfin quelques risques, avec deux belles occasions pour Pagis (36e, 43e), auteur d\u2019un doubl\u00e9 contre l\u2019ASM la semaine pass\u00e9e, en vain (2-0 MT).<\/p>\n<p>                                    <a class=\"fig-a11y-skip a11y-hidden\" href=\"#fig-a11y-skip-main-inarticle\"><br \/>\n        Passer la publicit\u00e9<br \/>\n    <\/a><\/p>\n<p>Match plein<\/p>\n<p class=\"fig-paragraph\">Les locaux red\u00e9marraient avec de belles intentions \u00e0 la reprise, d\u00e9cid\u00e9s \u00e0 ne rien laisser au hasard. D\u00e9j\u00e0 buteur la semaine pass\u00e9e, Krasso \u00e9tait proche du doubl\u00e9 (52e), apr\u00e8s une bien belle combinaison avec Lopez. Aphones sur le plan offensif, les Merlus \u00e9taient plus proches d\u2019encaisser le troisi\u00e8me but que d\u2019entamer une folle remont\u00e9e sur la pelouse de Jean-Bouin\u2026 Il n\u2019y avait gu\u00e8re que cette t\u00eate de Dieng sur corner pour alerter Nkambadio, pas inqui\u00e9t\u00e9 sur le coup (83e). Sans espoir. Les Parisiens et l\u2019entrant Geubbels, eux, manquaient de pr\u00e9cision en transition (78e, 81e). Sangui aussi (87e). Qu\u2019importe, le plus dur \u00e9tait fait pour le s\u00e9duisant PFC, apr\u00e8s un match plein, de la ma\u00eetrise, de beaux gestes, la totale. Une derni\u00e8re escarmouche du FCL de Dieng, sur coup franc (90+5), et on en restait l\u00e0 (2-0 score final).<\/p>\n<p class=\"fig-paragraph\">Prochain rendez-vous pour les deux \u00e9quipes\u00a0? Ce sera apr\u00e8s la tr\u00eave internationale. Les Parisiens, qui \u00e9voluaient devant 18.084 spectateurs, se d\u00e9placeront \u00e0 Lens le 19 octobre, \u00e0 15 heures, tandis que les Lorientais recevront leurs voisins de Brest, le m\u00eame jour mais \u00e0 17h15, pour un derby.<\/p>\n","protected":false},"excerpt":{"rendered":"Le promu parisien a dispos\u00e9 des Merlus lorientais ce vendredi, \u00e0 Jean-Bouin, lors de la septi\u00e8me journ\u00e9e de&hellip;\n","protected":false},"author":2,"featured_media":437933,"comment_status":"","ping_status":"","sticky":false,"template":"","format":"standard","meta":{"footnotes":""},"categories":[1888],"tags":[1111,1928,11,1927,1777,674,3317,1011,27,66,12,1926,626,445,1925,25],"class_list":{"0":"post-437932","1":"post","2":"type-post","3":"status-publish","4":"format-standard","5":"has-post-thumbnail","7":"category-paris","8":"tag-actu","9":"tag-actu-paris","10":"tag-actualites","11":"tag-actualites-paris","12":"tag-eu","13":"tag-europe","14":"tag-fc-lorient","15":"tag-fr","16":"tag-france","17":"tag-ligue-1","18":"tag-news","19":"tag-news-paris","20":"tag-paris","21":"tag-paris-fc","22":"tag-paris-news","23":"tag-republique-francaise"},"share_on_mastodon":{"url":"https:\/\/pubeurope.com\/@fr\/115314304201869963","error":""},"_links":{"self":[{"href":"https:\/\/www.europesays.com\/fr\/wp-json\/wp\/v2\/posts\/437932","targetHints":{"allow":["GET"]}}],"collection":[{"href":"https:\/\/www.europesays.com\/fr\/wp-json\/wp\/v2\/posts"}],"about":[{"href":"https:\/\/www.europesays.com\/fr\/wp-json\/wp\/v2\/types\/post"}],"author":[{"embeddable":true,"href":"https:\/\/www.europesays.com\/fr\/wp-json\/wp\/v2\/users\/2"}],"replies":[{"embeddable":true,"href":"https:\/\/www.europesays.com\/fr\/wp-json\/wp\/v2\/comments?post=437932"}],"version-history":[{"count":0,"href":"https:\/\/www.europesays.com\/fr\/wp-json\/wp\/v2\/posts\/437932\/revisions"}],"wp:featuredmedia":[{"embeddable":true,"href":"https:\/\/www.europesays.com\/fr\/wp-json\/wp\/v2\/media\/437933"}],"wp:attachment":[{"href":"https:\/\/www.europesays.com\/fr\/wp-json\/wp\/v2\/media?parent=437932"}],"wp:term":[{"taxonomy":"category","embeddable":true,"href":"https:\/\/www.europesays.com\/fr\/wp-json\/wp\/v2\/categories?post=437932"},{"taxonomy":"post_tag","embeddable":true,"href":"https:\/\/www.europesays.com\/fr\/wp-json\/wp\/v2\/tags?post=437932"}],"curies":[{"name":"wp","href":"https:\/\/api.w.org\/{rel}","templated":true}]}}