{"id":437934,"date":"2025-10-04T05:43:09","date_gmt":"2025-10-04T05:43:09","guid":{"rendered":"https:\/\/www.europesays.com\/fr\/437934\/"},"modified":"2025-10-04T05:43:09","modified_gmt":"2025-10-04T05:43:09","slug":"paris-et-lile-de-france-ny-echapperont-pas-meteo-france-active-la-vigilance","status":"publish","type":"post","link":"https:\/\/www.europesays.com\/fr\/437934\/","title":{"rendered":"Paris et l&rsquo;\u00cele-de-France n&rsquo;y \u00e9chapperont pas, M\u00e9t\u00e9o France active la vigilance"},"content":{"rendered":"<p>            Par<br \/>\n        <strong><br \/>\n            <a href=\"https:\/\/actu.fr\/auteur\/thomas-martin\" title=\"Consulter tous les articles de Thomas Martin\" target=\"_blank\" rel=\"noopener\">Thomas Martin<\/a><br \/>\n        <\/strong><\/p>\n<p>        Publi\u00e9 le<\/p>\n<p>            4 oct. 2025 \u00e0 7h33        <\/p>\n<p>Elle est d\u2019une puissance exceptionnelle. La <a href=\"https:\/\/actu.fr\/meteo\/elle-est-d-une-puissance-exceptionnelle-la-tempete-amy-attendue-ce-vendredi-quelles-consequences-en-france_63248254.html\" target=\"_blank\" rel=\"noopener\">temp\u00eate Amy<\/a> est arriv\u00e9e sur l\u2019Hexagone avec pluie et vent fort au programme. V\u00e9ritable <a href=\"https:\/\/actu.fr\/societe\/une-bombe-meteo-l-ouragan-humberto-va-provoquer-une-tempete-majeure-en-europe-ce-week-end_63239341.html\" target=\"_blank\" rel=\"noopener\">\u00ab\u2009bombe m\u00e9t\u00e9orologique\u2009\u00bb<\/a>, la temp\u00eate Amy pourrait g\u00e9n\u00e9rer des vents \u00e0 plus de 150 km\/h sur les \u00celes Britanniques et sans doute plus de 110 ou 120 km\/h sur les c\u00f4tes de l\u2019ouest de la France. <a href=\"https:\/\/actu.fr\/tag\/meteo-france\" target=\"_blank\" rel=\"noopener\">M\u00e9t\u00e9o France<\/a> a plac\u00e9 une cinquantaine de d\u00e9partements en <a href=\"https:\/\/actu.fr\/meteo\/tempete-amy-meteo-france-vent-violent-vigilance-orange-dizaines-departements-voici-ou-ca-va-souffler_63249671.html\" target=\"_blank\" rel=\"noopener\">vigilance jaune aux vents\u00a0 violents<\/a>. Paris et l\u2019\u00cele-de-France en font partie. Les pr\u00e9visions pour ce samedi 4 octobre.\u00a0<\/p>\n<p>Les pr\u00e9visions de M\u00e9t\u00e9o France<\/p>\n<p class=\" wall-content\">Dans la nuit de vendredi \u00e0 samedi, le vent s\u2019est renforc\u00e9 de la Bretagne aux c\u00f4tes de Manche, avec des rafales de l\u2019ordre de 70 \u00e0 80 km\/h, \u00e0 l\u2019approche du front froid de la perturbation qui traverse le pays samedi.<\/p>\n<p class=\" wall-content\">\u00ab\u00a0Ce front froid apporte des pluies parfois soutenues, notamment sur les r\u00e9gions du Nord et de l\u2019Est, et s\u2019accompagne de rafales de 60 \u00e0 80 km\/h\u00a0\u00bb, indique M\u00e9t\u00e9o France.<br \/>\u00c0 l\u2019arri\u00e8re, un r\u00e9gime de tra\u00eene se met en place, avec de fr\u00e9quentes averses le long de la Manche.<\/p>\n<p class=\" wall-content\">Dans le sillage de la d\u00e9pression Amy, de violentes rafales sont attendues le long de la Manche ce samedi o\u00f9 elles peuvent atteindre 120 km\/h sur le littoral, 100 km\/h dans le proche int\u00e9rieur.<\/p>\n<p class=\" wall-content\">A Paris, 7 millim\u00e8tres de pluie sont attendus ce samedi. Un vent d\u2019Ouest, souvent assez fort, va s\u2019\u00e9tablir. Des rafales atteignant 65 km\/h localement sont annonc\u00e9es.<\/p>\n<p class=\" wall-content\">L\u2019apr\u00e8s-midi devrait \u00eatre plut\u00f4t ensoleill\u00e9 puis le ciel deviendra nuageux et la pluie devrait faire son retour dans la soir\u00e9e avec 3 millim\u00e8tres de pr\u00e9cipitations.\u00a0<\/p>\n<p class=\" wall-content\">Dimanche, le soleil sera g\u00e9n\u00e9reux, puis les nuages deviendront plus nombreux en d\u00e9but d\u2019apr\u00e8s-midi. Dimanche apr\u00e8s-midi, quelques petites pluies interviendront en seconde partie de journ\u00e9e.\u00a0<\/p>\n<p class=\" wall-content\">Personnalisez votre actualit\u00e9 en ajoutant vos villes et m\u00e9dias en favori avec <a href=\"https:\/\/moncompte.actu.fr\" title=\"D\u00e9couvez Mon Actu\" rel=\"nofollow noopener\" data-trk=\"{&quot;cta&quot;:{&quot;action&quot;:&quot;https:\\\/\\\/moncompte.actu.fr&quot;,&quot;category&quot;:&quot;mon compte&quot;,&quot;from&quot;:&quot;article footer&quot;,&quot;name&quot;:&quot;Mon actu&quot;,&quot;type&quot;:&quot;cta&quot;}}\" target=\"_blank\">Mon Actu<\/a>.<\/p>\n","protected":false},"excerpt":{"rendered":"Par Thomas Martin Publi\u00e9 le 4 oct. 2025 \u00e0 7h33 Elle est d\u2019une puissance exceptionnelle. La temp\u00eate Amy&hellip;\n","protected":false},"author":2,"featured_media":437935,"comment_status":"","ping_status":"","sticky":false,"template":"","format":"standard","meta":{"footnotes":""},"categories":[1888],"tags":[11,1777,674,1011,27,2487,2357,12,626,25],"class_list":{"0":"post-437934","1":"post","2":"type-post","3":"status-publish","4":"format-standard","5":"has-post-thumbnail","7":"category-paris","8":"tag-actualites","9":"tag-eu","10":"tag-europe","11":"tag-fr","12":"tag-france","13":"tag-meteo","14":"tag-meteo-france","15":"tag-news","16":"tag-paris","17":"tag-republique-francaise"},"share_on_mastodon":{"url":"https:\/\/pubeurope.com\/@fr\/115314308137893372","error":""},"_links":{"self":[{"href":"https:\/\/www.europesays.com\/fr\/wp-json\/wp\/v2\/posts\/437934","targetHints":{"allow":["GET"]}}],"collection":[{"href":"https:\/\/www.europesays.com\/fr\/wp-json\/wp\/v2\/posts"}],"about":[{"href":"https:\/\/www.europesays.com\/fr\/wp-json\/wp\/v2\/types\/post"}],"author":[{"embeddable":true,"href":"https:\/\/www.europesays.com\/fr\/wp-json\/wp\/v2\/users\/2"}],"replies":[{"embeddable":true,"href":"https:\/\/www.europesays.com\/fr\/wp-json\/wp\/v2\/comments?post=437934"}],"version-history":[{"count":0,"href":"https:\/\/www.europesays.com\/fr\/wp-json\/wp\/v2\/posts\/437934\/revisions"}],"wp:featuredmedia":[{"embeddable":true,"href":"https:\/\/www.europesays.com\/fr\/wp-json\/wp\/v2\/media\/437935"}],"wp:attachment":[{"href":"https:\/\/www.europesays.com\/fr\/wp-json\/wp\/v2\/media?parent=437934"}],"wp:term":[{"taxonomy":"category","embeddable":true,"href":"https:\/\/www.europesays.com\/fr\/wp-json\/wp\/v2\/categories?post=437934"},{"taxonomy":"post_tag","embeddable":true,"href":"https:\/\/www.europesays.com\/fr\/wp-json\/wp\/v2\/tags?post=437934"}],"curies":[{"name":"wp","href":"https:\/\/api.w.org\/{rel}","templated":true}]}}