{"id":437945,"date":"2025-10-04T05:49:11","date_gmt":"2025-10-04T05:49:11","guid":{"rendered":"https:\/\/www.europesays.com\/fr\/437945\/"},"modified":"2025-10-04T05:49:11","modified_gmt":"2025-10-04T05:49:11","slug":"allemagne-nouvelle-alerte-aux-drones-laeroport-de-munich-ferme-pour-la-deuxieme-nuit-consecutive","status":"publish","type":"post","link":"https:\/\/www.europesays.com\/fr\/437945\/","title":{"rendered":"Allemagne. Nouvelle alerte aux drones, l&rsquo;a\u00e9roport de Munich ferm\u00e9 pour la deuxi\u00e8me nuit cons\u00e9cutive"},"content":{"rendered":"<p>L&rsquo;a\u00e9roport de Munich a ferm\u00e9 pour la <a href=\"https:\/\/www.ledauphine.com\/defense-guerre-conflit\/2025\/10\/03\/un-nouveau-survol-de-drone-force-l-aeroport-de-munich-a-fermer-temporairement-dans-la-nuit\" target=\"_blank\" rel=\"nofollow noopener\">deuxi\u00e8me nuit cons\u00e9cutive<\/a> vendredi apr\u00e8s une nouvelle alerte aux drones, Berlin d\u00e9non\u00e7ant la \u00ab menace \u00bb que font peser ceux-ci sur la s\u00e9curit\u00e9 du pays.<\/p>\n<p>Ce type d&rsquo;incidents se multiplie en Europe, les membres de l&rsquo;UE soup\u00e7onnant la Russie d&rsquo;\u00eatre \u00e0 l&rsquo;origine de ces <a href=\"https:\/\/www.ledauphine.com\/defense-guerre-conflit\/2025\/09\/25\/des-drones-d-origine-inconnue-a-nouveau-reperes-au-niveau-de-plusieurs-aeroports-danois\" target=\"_blank\" rel=\"nofollow noopener\">survols de sites sensibles.<\/a><\/p>\n<p>Apr\u00e8s un premier incident la nuit pr\u00e9c\u00e9dente, l&rsquo;a\u00e9roport bavarois a indiqu\u00e9 avoir \u00ab suspendu pr\u00e9ventivement jusqu&rsquo;\u00e0 nouvel ordre \u00bb ses op\u00e9rations a\u00e9riennes \u00e0 partir de 21h30 vendredi \u00ab en raison d&rsquo;observations de drones non confirm\u00e9es \u00bb.<\/p>\n<p>Si la pr\u00e9sence de drones en d\u00e9but de soir\u00e9e n&rsquo;a toujours pas \u00e9t\u00e9 formellement attest\u00e9e \u00e0 ce stade, \u00ab deux identifications simultan\u00e9es de drones par des patrouilles de police ont eu lieu peu avant 23h autour des pistes Nord et Sud \u00bb, a indiqu\u00e9 un porte-parole de la police.<\/p>\n<p>6 500 passagers affect\u00e9s<\/p>\n<p>Vingt-trois vols qui devaient atterrir \u00e0 Munich ont \u00e9t\u00e9 d\u00e9rout\u00e9s et douze annul\u00e9s, et 46 vols au d\u00e9part de l&rsquo;a\u00e9roport bavarois ont \u00e9t\u00e9 annul\u00e9s ou report\u00e9s, affectant 6 500 passagers au total, a pr\u00e9cis\u00e9 l&rsquo;a\u00e9roport. Le trafic a repris progressivement autour de 5h50 samedi matin.<\/p>\n<p>Des lits de camp et des victuailles ont \u00e9t\u00e9 propos\u00e9s aux passagers contraints de passer la nuit sur place, a-t-il ajout\u00e9.<\/p>\n<p>Deuxi\u00e8me a\u00e9roport d&rsquo;Allemagne, l&rsquo;a\u00e9roport de Munich est le plus important de l&rsquo;UE \u00e0 \u00eatre contraint de suspendre ses op\u00e9rations, apr\u00e8s des <a href=\"https:\/\/www.ledauphine.com\/defense-guerre-conflit\/2025\/09\/28\/plusieurs-sites-militaires-a-nouveau-survoles-par-des-drones-d-origine-inconnue\" target=\"_blank\" rel=\"nofollow noopener\">incidents similaires <\/a>\u00e0 Copenhague et Oslo notamment.<\/p>\n<p>Sa premi\u00e8re fermeture dans la nuit de jeudi \u00e0 vendredi avait entra\u00een\u00e9 l&rsquo;annulation de plus de 30 vols, avec pr\u00e8s de 3 000 passagers bloqu\u00e9s et pris en charge sur place. Le trafic avait repris \u00e0 l&rsquo;aube vendredi avant cette nouvelle interruption dans la soir\u00e9e.<\/p>\n<p>  Une \u00ab menace\u00a0\u00bb<\/p>\n<p>L&rsquo;Allemagne c\u00e9l\u00e9brait vendredi sa f\u00eate nationale, qui comm\u00e9more l&rsquo;int\u00e9gration de la R\u00e9publique d\u00e9mocratique d&rsquo;Allemagne n\u00e9e \u00e0 l&rsquo;\u00e9poque sovi\u00e9tique \u00e0 la R\u00e9publique f\u00e9d\u00e9rale en 1990.<\/p>\n<p>Plusieurs appareils avaient \u00e9t\u00e9 formellement identifi\u00e9s jeudi soir notamment \u00e0 Erding, o\u00f9 l&rsquo;arm\u00e9e dispose d&rsquo;un a\u00e9rodrome pr\u00e8s de Munich, puis au-dessus de l&rsquo;a\u00e9roport civil de la capitale bavaroise.<\/p>\n<p>La police avait d\u00e9ploy\u00e9 des h\u00e9licopt\u00e8res sans toutefois \u00eatre en mesure de quantifier pr\u00e9cis\u00e9ment, de donner le type ou d&rsquo;intercepter ces appareils.<\/p>\n<p>Le ministre de l&rsquo;Int\u00e9rieur allemand Alexander Dobrindt a d\u00e9nonc\u00e9 vendredi aupr\u00e8s du journal Bild une \u00ab menace \u00bb. \u00ab A partir de maintenant, il faut abattre les drones au lieu d&rsquo;attendre \u00bb, a-t-il martel\u00e9.<\/p>\n<p>Le gouvernement du chancelier Friedrich Merz doit \u00e0 cette fin d\u00e9buter mercredi la r\u00e9vision des lois sur la s\u00e9curit\u00e9 a\u00e9rienne. Jusqu&rsquo;\u00e0 pr\u00e9sent seule la police, et non l&rsquo;arm\u00e9e, a le droit d&rsquo;abattre des drones.<\/p>\n","protected":false},"excerpt":{"rendered":"L&rsquo;a\u00e9roport de Munich a ferm\u00e9 pour la deuxi\u00e8me nuit cons\u00e9cutive vendredi apr\u00e8s une nouvelle alerte aux drones, Berlin&hellip;\n","protected":false},"author":2,"featured_media":437946,"comment_status":"","ping_status":"","sticky":false,"template":"","format":"standard","meta":{"footnotes":""},"categories":[1587],"tags":[11,672,1804,1805,1803,1777,674,274,107,329,1801,12,1802,2803],"class_list":{"0":"post-437945","1":"post","2":"type-post","3":"status-publish","4":"format-standard","5":"has-post-thumbnail","7":"category-allemagne","8":"tag-actualites","9":"tag-allemagne","10":"tag-bundesrepublik-deutschland","11":"tag-de","12":"tag-deutschland","13":"tag-eu","14":"tag-europe","15":"tag-faits-divers-justice","16":"tag-fil-info","17":"tag-france-monde","18":"tag-germany","19":"tag-news","20":"tag-republique-federale-dallemagne","21":"tag-transport"},"share_on_mastodon":{"url":"https:\/\/pubeurope.com\/@fr\/115314331856758325","error":""},"_links":{"self":[{"href":"https:\/\/www.europesays.com\/fr\/wp-json\/wp\/v2\/posts\/437945","targetHints":{"allow":["GET"]}}],"collection":[{"href":"https:\/\/www.europesays.com\/fr\/wp-json\/wp\/v2\/posts"}],"about":[{"href":"https:\/\/www.europesays.com\/fr\/wp-json\/wp\/v2\/types\/post"}],"author":[{"embeddable":true,"href":"https:\/\/www.europesays.com\/fr\/wp-json\/wp\/v2\/users\/2"}],"replies":[{"embeddable":true,"href":"https:\/\/www.europesays.com\/fr\/wp-json\/wp\/v2\/comments?post=437945"}],"version-history":[{"count":0,"href":"https:\/\/www.europesays.com\/fr\/wp-json\/wp\/v2\/posts\/437945\/revisions"}],"wp:featuredmedia":[{"embeddable":true,"href":"https:\/\/www.europesays.com\/fr\/wp-json\/wp\/v2\/media\/437946"}],"wp:attachment":[{"href":"https:\/\/www.europesays.com\/fr\/wp-json\/wp\/v2\/media?parent=437945"}],"wp:term":[{"taxonomy":"category","embeddable":true,"href":"https:\/\/www.europesays.com\/fr\/wp-json\/wp\/v2\/categories?post=437945"},{"taxonomy":"post_tag","embeddable":true,"href":"https:\/\/www.europesays.com\/fr\/wp-json\/wp\/v2\/tags?post=437945"}],"curies":[{"name":"wp","href":"https:\/\/api.w.org\/{rel}","templated":true}]}}