{"id":437953,"date":"2025-10-04T05:53:10","date_gmt":"2025-10-04T05:53:10","guid":{"rendered":"https:\/\/www.europesays.com\/fr\/437953\/"},"modified":"2025-10-04T05:53:10","modified_gmt":"2025-10-04T05:53:10","slug":"ce-que-lon-sait-de-la-terrible-fusillade","status":"publish","type":"post","link":"https:\/\/www.europesays.com\/fr\/437953\/","title":{"rendered":"ce que l\u2019on sait de la terrible fusillade"},"content":{"rendered":"<p>            Par<br \/>\n        <strong><br \/>\n            <a href=\"https:\/\/actu.fr\/auteur\/fabien-binacchi\" title=\"Consulter tous les articles de Fabien Binacchi\" rel=\"nofollow noopener\" target=\"_blank\">Fabien Binacchi<\/a><br \/>\n        <\/strong><\/p>\n<p>        Publi\u00e9 le<\/p>\n<p>            3 oct. 2025 \u00e0 23h03        <\/p>\n<p><a href=\"https:\/\/actu.fr\/tag\/christian-estrosi\" rel=\"nofollow noopener\" target=\"_blank\">Christian Estrosi<\/a>, qui s\u2019est rapidement rendu sur place, d\u00e9crit une \u00ab\u2009situation tendue et confuse\u2009\u00bb. En milieu de soir\u00e9e ce vendredi 3\u00a0octobre 2025, une fusillade <strong>sur fond de \u00ab\u2009narcobanditisme\u2009\u00bb<\/strong> a \u00e9clat\u00e9 dans le quartier sensible des Moulins, \u00e0 l\u2019ouest de <a href=\"https:\/\/actu.fr\/nice\/\" rel=\"nofollow noopener\" target=\"_blank\">Nice<\/a> (<a href=\"https:\/\/actu.fr\/provence-alpes-cote-d-azur\/alpes-maritimes_06\" rel=\"nofollow noopener\" target=\"_blank\">Alpes-Maritimes<\/a>), faisant deux morts et cinq bless\u00e9s, apprend actu Nice.<\/p>\n<p class=\" wall-content\">Le quartier est boucl\u00e9.<\/p>\n<p>Des tirs \u00e0 l\u2019arme automatique<\/p>\n<p class=\" wall-content\">Les coups de feu ont \u00e9t\u00e9 entendus <strong>vers 21h30.<\/strong> \u00ab\u2009Une fusillade a eu lieu ce soir \u00e0 Nice dans le quartier des Moulins. Deux personnes sont d\u00e9c\u00e9d\u00e9es, deux personnes sont gravement bless\u00e9es et trois autres plus l\u00e9g\u00e8rement\u2009\u00bb, indique la pr\u00e9fecture des Alpes-Maritimes.<\/p>\n<p class=\" wall-content\">Selon les informations d\u2019actu Nice, une des personnes atteintes s\u2019est <strong>pr\u00e9sent\u00e9e d\u2019elle-m\u00eame aux urgences de Pasteur 2.<\/strong><\/p>\n<p class=\" wall-content\">De tr\u00e8s importants moyens sont mobilis\u00e9s \u00ab\u2009Les forces de l\u2019ordre et les sapeurs pompiers [\u2026] ont proc\u00e9d\u00e9 \u00e0 la <strong>s\u00e9curisation du p\u00e9rim\u00e8tre<\/strong>\u2009\u00bb, pr\u00e9cisent les services de l\u2019\u00c9tat.<\/p>\n<p>Des tirs \u00e0 l\u2019arme automatique<\/p>\n<p class=\" wall-content\">Que s\u2019est-il pass\u00e9\u2009? Sur X, le maire (Horizons) Christian Estrosi \u00e9voque \u00ab\u2009une incursion sur fond de narcobanditisme\u2009\u00bb qui a \u00ab\u2009entra\u00een\u00e9 des tirs \u00e0 l\u2019arme automatique\u2009\u00bb.<\/p>\n<p class=\" wall-content\">\n<p class=\" wall-content\">Selon des t\u00e9moins cit\u00e9s par <a href=\"https:\/\/www.nicematin.com\/faits-divers\/une-fusillade-aurait-fait-plusieurs-morts-vendredi-soir-dans-le-quartier-des-moulins-a-nice-10650701\" rel=\"nofollow noopener\" target=\"_blank\">Nice-Matin<\/a>, un homme, au moins, aurait \u00e9t\u00e9 vu avec une <strong>kalachnikov<\/strong> apr\u00e8s \u00eatre descendu d\u2019une voiture dont il \u00e9tait le passager.<\/p>\n<p>Votre r\u00e9gion, votre actu !<\/p>\n<p>Recevez chaque jour les infos qui comptent pour vous.<\/p>\n<p>\t<a href=\"https:\/\/actu.fr\/newsletter\" class=\"ac-btn ac-btn--corner ac-btn--medium ac-btn--blue800\" rel=\"nofollow noopener\" target=\"_blank\">S&rsquo;incrire<\/a><\/p>\n<p class=\" wall-content\">\u00ab\u2009Je refuse de me r\u00e9soudre \u00e0 laisser ce quartier, comme notre ville, devenir <strong>une zone de non droit<\/strong>\u2009\u00bb, a r\u00e9agi, \u00e9galement sur X, le d\u00e9put\u00e9 UDR des Alpes-Maritimes \u00c9ric Ciotti.<\/p>\n<p class=\" wall-content\">\n<p>Des renforts d\u00e8s ce samedi<\/p>\n<p class=\" wall-content\">Le procureur de la R\u00e9publique est \u00e9galement sur place.<\/p>\n<p class=\" wall-content\">Il a annonc\u00e9 l\u2019ouverture d\u2019une enqu\u00eate pour <strong>\u00ab\u2009homicides volontaires en bande organis\u00e9e\u2009\u00bb<\/strong> et <strong>\u00ab\u2009tentatives d\u2019homicides volontaires en bande organis\u00e9e\u2009\u00bb.<\/strong> Elle est confi\u00e9e au Service interd\u00e9partemental de la police judiciaire (SIPJ 06).<\/p>\n<p class=\" wall-content\">En attendant d\u2019en savoir plus, des effectifs suppl\u00e9mentaires vont \u00eatre d\u00e9p\u00each\u00e9s sur place.<\/p>\n<p class=\" wall-content\">\n<p class=\" wall-content\">\u00ab\u2009Sur d\u00e9cision du ministre de l\u2019int\u00e9rieur, des renforts seront mobilis\u00e9s d\u00e8s demain [samedi 4\u00a0octobre] pour assurer le retour \u00e0 la s\u00e9curit\u00e9 dans le quartier et <strong>resteront autant que n\u00e9cessaire<\/strong>\u2009\u00bb, fait \u00e9galement savoir la pr\u00e9fecture des Alpes-Maritimes.<\/p>\n<p class=\" wall-content\">Personnalisez votre actualit\u00e9 en ajoutant vos villes et m\u00e9dias en favori avec <a href=\"https:\/\/moncompte.actu.fr\" title=\"D\u00e9couvez Mon Actu\" rel=\"nofollow noopener\" data-trk=\"{&quot;cta&quot;:{&quot;action&quot;:&quot;https:\\\/\\\/moncompte.actu.fr&quot;,&quot;category&quot;:&quot;mon compte&quot;,&quot;from&quot;:&quot;article footer&quot;,&quot;name&quot;:&quot;Mon actu&quot;,&quot;type&quot;:&quot;cta&quot;}}\" target=\"_blank\">Mon Actu<\/a>.<\/p>\n","protected":false},"excerpt":{"rendered":"Par Fabien Binacchi Publi\u00e9 le 3 oct. 2025 \u00e0 23h03 Christian Estrosi, qui s\u2019est rapidement rendu sur place,&hellip;\n","protected":false},"author":2,"featured_media":437954,"comment_status":"","ping_status":"","sticky":false,"template":"","format":"standard","meta":{"footnotes":""},"categories":[2],"tags":[11,1052,118,1011,27,12,1072,1311,25],"class_list":{"0":"post-437953","1":"post","2":"type-post","3":"status-publish","4":"format-standard","5":"has-post-thumbnail","7":"category-actualites","8":"tag-actualites","9":"tag-drogue","10":"tag-faits-divers","11":"tag-fr","12":"tag-france","13":"tag-news","14":"tag-police","15":"tag-pompiers","16":"tag-republique-francaise"},"share_on_mastodon":{"url":"https:\/\/pubeurope.com\/@fr\/115314347438267014","error":""},"_links":{"self":[{"href":"https:\/\/www.europesays.com\/fr\/wp-json\/wp\/v2\/posts\/437953","targetHints":{"allow":["GET"]}}],"collection":[{"href":"https:\/\/www.europesays.com\/fr\/wp-json\/wp\/v2\/posts"}],"about":[{"href":"https:\/\/www.europesays.com\/fr\/wp-json\/wp\/v2\/types\/post"}],"author":[{"embeddable":true,"href":"https:\/\/www.europesays.com\/fr\/wp-json\/wp\/v2\/users\/2"}],"replies":[{"embeddable":true,"href":"https:\/\/www.europesays.com\/fr\/wp-json\/wp\/v2\/comments?post=437953"}],"version-history":[{"count":0,"href":"https:\/\/www.europesays.com\/fr\/wp-json\/wp\/v2\/posts\/437953\/revisions"}],"wp:featuredmedia":[{"embeddable":true,"href":"https:\/\/www.europesays.com\/fr\/wp-json\/wp\/v2\/media\/437954"}],"wp:attachment":[{"href":"https:\/\/www.europesays.com\/fr\/wp-json\/wp\/v2\/media?parent=437953"}],"wp:term":[{"taxonomy":"category","embeddable":true,"href":"https:\/\/www.europesays.com\/fr\/wp-json\/wp\/v2\/categories?post=437953"},{"taxonomy":"post_tag","embeddable":true,"href":"https:\/\/www.europesays.com\/fr\/wp-json\/wp\/v2\/tags?post=437953"}],"curies":[{"name":"wp","href":"https:\/\/api.w.org\/{rel}","templated":true}]}}