{"id":437959,"date":"2025-10-04T05:58:20","date_gmt":"2025-10-04T05:58:20","guid":{"rendered":"https:\/\/www.europesays.com\/fr\/437959\/"},"modified":"2025-10-04T05:58:20","modified_gmt":"2025-10-04T05:58:20","slug":"gauff-passe-difficilement-en-huitiemes-du-wta-1000-de-pekin","status":"publish","type":"post","link":"https:\/\/www.europesays.com\/fr\/437959\/","title":{"rendered":"Gauff passe difficilement en huiti\u00e8mes du WTA 1000 de P\u00e9kin"},"content":{"rendered":"<p>L\u2019Am\u00e9ricaine Coco Gauff, tenante du titre \u00e0 P\u00e9kin, s\u2019est difficilement qualifi\u00e9e pour les huiti\u00e8mes de finale du tournoi WTA 1000 chinois, en battant la Canadienne Leylah Fernandez 6-4, 4-6, 7-5.<\/p>\n<p class=\"fig-paragraph\">\u00abJ&rsquo;ai fait ce qu&rsquo;il fallait pour gagner aujourd&rsquo;hui. C&rsquo;\u00e9tait tr\u00e8s physique\u00bb, a d\u00e9clar\u00e9 l&rsquo;Am\u00e9ricaine de 21 ans qui affrontera en quarts la Suissesse Belinda Bencic (16e mondiale) ou l&rsquo;Australienne Priscilla Hon,<a href=\"http:\/\/www.lefigaro.fr\/sports\/tennis\/tennis-lois-boisson-fait-tomber-une-tete-de-serie-et-file-en-8es-du-wta-1000-de-pekin-20250927\" data-fig-type=\"NewsFlash\" data-gtm-custom-categorie=\"navigation\" data-gtm-custom-action=\"crossclick\" data-gtm-custom-label=\"Contextuel\" data-gtm-event=\"customEventSPE\" data-fig-domain=\"LEFIGARO\" target=\"_blank\" rel=\"noopener\">\u00a0issue des qualifications.<\/a>\u00a0La troisi\u00e8me joueuse mondiale, exp\u00e9ditive lors de son entr\u00e9e en lice vendredi, a d\u00fb cette fois batailler pendant 2h45 pour venir \u00e0 bout de son adversaire (25e), finaliste de l&rsquo;US Open en 2021. Alors qu&rsquo;elle menait 5-2 dans la derni\u00e8re manche, Gauff a rat\u00e9 une balle de match, avant de voir Fernandez revenir \u00e0 5-5. L&rsquo;Am\u00e9ricaine a alors profit\u00e9 d&rsquo;un coup droit dans le filet de la Canadienne pour faire le break et filer vers la victoire finale.<\/p>\n<p class=\"fig-paragraph\">Outre Gauff, Jasmine Paolini (5e), r\u00e9cemment titr\u00e9e dans la Billie Jean King Cup avec l&rsquo;Italie, a obtenu son ticket pour les huiti\u00e8mes en battant facilement l&rsquo;Am\u00e9ricaine Sofia Kenin (26e), 6-3, 6-0. La Kazakhe Elena Rybakina (10e) s&rsquo;est en revanche inclin\u00e9e face \u00e0 l&rsquo;Allemande Eva Lys 6-3, 1-6, 6-4. Fin de parcours \u00e9galement pour l&rsquo;Espagnole Paula Badosa (18e), contrainte \u00e0 l&rsquo;abandon face \u00e0 la Tch\u00e8que Karolina Muchova (15e) alors qu&rsquo;elle \u00e9tait men\u00e9e 4-2 dans le premier set.<\/p>\n","protected":false},"excerpt":{"rendered":"L\u2019Am\u00e9ricaine Coco Gauff, tenante du titre \u00e0 P\u00e9kin, s\u2019est difficilement qualifi\u00e9e pour les huiti\u00e8mes de finale du tournoi&hellip;\n","protected":false},"author":2,"featured_media":437960,"comment_status":"","ping_status":"","sticky":false,"template":"","format":"standard","meta":{"footnotes":""},"categories":[1415],"tags":[20863,1011,27,60,1467,4170],"class_list":{"0":"post-437959","1":"post","2":"type-post","3":"status-publish","4":"format-standard","5":"has-post-thumbnail","7":"category-tennis","8":"tag-coco-gauff","9":"tag-fr","10":"tag-france","11":"tag-sports","12":"tag-tennis","13":"tag-wta"},"share_on_mastodon":{"url":"https:\/\/pubeurope.com\/@fr\/115314367050885106","error":""},"_links":{"self":[{"href":"https:\/\/www.europesays.com\/fr\/wp-json\/wp\/v2\/posts\/437959","targetHints":{"allow":["GET"]}}],"collection":[{"href":"https:\/\/www.europesays.com\/fr\/wp-json\/wp\/v2\/posts"}],"about":[{"href":"https:\/\/www.europesays.com\/fr\/wp-json\/wp\/v2\/types\/post"}],"author":[{"embeddable":true,"href":"https:\/\/www.europesays.com\/fr\/wp-json\/wp\/v2\/users\/2"}],"replies":[{"embeddable":true,"href":"https:\/\/www.europesays.com\/fr\/wp-json\/wp\/v2\/comments?post=437959"}],"version-history":[{"count":0,"href":"https:\/\/www.europesays.com\/fr\/wp-json\/wp\/v2\/posts\/437959\/revisions"}],"wp:featuredmedia":[{"embeddable":true,"href":"https:\/\/www.europesays.com\/fr\/wp-json\/wp\/v2\/media\/437960"}],"wp:attachment":[{"href":"https:\/\/www.europesays.com\/fr\/wp-json\/wp\/v2\/media?parent=437959"}],"wp:term":[{"taxonomy":"category","embeddable":true,"href":"https:\/\/www.europesays.com\/fr\/wp-json\/wp\/v2\/categories?post=437959"},{"taxonomy":"post_tag","embeddable":true,"href":"https:\/\/www.europesays.com\/fr\/wp-json\/wp\/v2\/tags?post=437959"}],"curies":[{"name":"wp","href":"https:\/\/api.w.org\/{rel}","templated":true}]}}