{"id":437961,"date":"2025-10-04T06:00:11","date_gmt":"2025-10-04T06:00:11","guid":{"rendered":"https:\/\/www.europesays.com\/fr\/437961\/"},"modified":"2025-10-04T06:00:11","modified_gmt":"2025-10-04T06:00:11","slug":"fernandez-signe-la-pole-rueda-9e","status":"publish","type":"post","link":"https:\/\/www.europesays.com\/fr\/437961\/","title":{"rendered":"Fernandez signe la pole, Rueda 9e"},"content":{"rendered":"<p>&#13;<\/p>\n<p>Adrian Fernandez s&rsquo;est montr\u00e9 le plus rapide de la Q2 devant David Mu\u00f1oz et Joel Kelso. <\/p>\n<p>L&rsquo;Espagnol a tourn\u00e9 en 1&rsquo;37.022 et termin\u00e9 la s\u00e9ance avec un peu moins d&rsquo;un dixi\u00e8me d&rsquo;avance sur David Mu\u00f1oz. Joel Kelso compl\u00e9tera la premi\u00e8re ligne de la grille de d\u00e9part dimanche. <\/p>\n<p>Alvaro Carpe m\u00e9nera lui la deuxi\u00e8me rang\u00e9e devant Taiyo Furusato et Maximo Quiles. Jos\u00e9 Antonio Rueda, qui joue une balle de match dimanche s&rsquo;\u00e9l\u00e9ancera devant Guido Pini et son plus proche rival pour le titre, Angel Piqueras. <\/p>\n<p><strong>Classement <\/strong><\/p>\n<p><img decoding=\"async\" src=\"https:\/\/www.europesays.com\/fr\/wp-content\/uploads\/2025\/10\/Capture-d---e--cran-2025-10-04-a---13.36.30.png\" class=\"kg-image\" alt=\"\" loading=\"lazy\" width=\"1084\" height=\"980\"  \/>&#13;<br \/>\n           &#13;<br \/>\n&#13;<br \/>\n    &#13;<br \/>\n    &#13;<\/p>\n","protected":false},"excerpt":{"rendered":"&#13; Adrian Fernandez s&rsquo;est montr\u00e9 le plus rapide de la Q2 devant David Mu\u00f1oz et Joel Kelso. L&rsquo;Espagnol&hellip;\n","protected":false},"author":2,"featured_media":437962,"comment_status":"","ping_status":"","sticky":false,"template":"","format":"standard","meta":{"footnotes":""},"categories":[1413],"tags":[1011,27,1457,1456,60],"class_list":{"0":"post-437961","1":"post","2":"type-post","3":"status-publish","4":"format-standard","5":"has-post-thumbnail","7":"category-moto","8":"tag-fr","9":"tag-france","10":"tag-moto","11":"tag-motocycle","12":"tag-sports"},"share_on_mastodon":{"url":"https:\/\/pubeurope.com\/@fr\/115314375331296074","error":""},"_links":{"self":[{"href":"https:\/\/www.europesays.com\/fr\/wp-json\/wp\/v2\/posts\/437961","targetHints":{"allow":["GET"]}}],"collection":[{"href":"https:\/\/www.europesays.com\/fr\/wp-json\/wp\/v2\/posts"}],"about":[{"href":"https:\/\/www.europesays.com\/fr\/wp-json\/wp\/v2\/types\/post"}],"author":[{"embeddable":true,"href":"https:\/\/www.europesays.com\/fr\/wp-json\/wp\/v2\/users\/2"}],"replies":[{"embeddable":true,"href":"https:\/\/www.europesays.com\/fr\/wp-json\/wp\/v2\/comments?post=437961"}],"version-history":[{"count":0,"href":"https:\/\/www.europesays.com\/fr\/wp-json\/wp\/v2\/posts\/437961\/revisions"}],"wp:featuredmedia":[{"embeddable":true,"href":"https:\/\/www.europesays.com\/fr\/wp-json\/wp\/v2\/media\/437962"}],"wp:attachment":[{"href":"https:\/\/www.europesays.com\/fr\/wp-json\/wp\/v2\/media?parent=437961"}],"wp:term":[{"taxonomy":"category","embeddable":true,"href":"https:\/\/www.europesays.com\/fr\/wp-json\/wp\/v2\/categories?post=437961"},{"taxonomy":"post_tag","embeddable":true,"href":"https:\/\/www.europesays.com\/fr\/wp-json\/wp\/v2\/tags?post=437961"}],"curies":[{"name":"wp","href":"https:\/\/api.w.org\/{rel}","templated":true}]}}