{"id":437965,"date":"2025-10-04T06:02:20","date_gmt":"2025-10-04T06:02:20","guid":{"rendered":"https:\/\/www.europesays.com\/fr\/437965\/"},"modified":"2025-10-04T06:02:20","modified_gmt":"2025-10-04T06:02:20","slug":"russie-la-detention-provisoire-du-cycliste-francais-sofiane-sehili-prolongee-jusquau-3-novembre","status":"publish","type":"post","link":"https:\/\/www.europesays.com\/fr\/437965\/","title":{"rendered":"Russie\u00a0: la d\u00e9tention provisoire du cycliste fran\u00e7ais Sofiane Sehili prolong\u00e9e jusqu\u2019au 3\u00a0novembre"},"content":{"rendered":"<p class=\"paragraph text_align_left lp-f-body-02\">La d\u00e9tention provisoire du cycliste fran\u00e7ais <a href=\"https:\/\/www.leparisien.fr\/sports\/cyclisme\/le-cycliste-dendurance-sofiane-sehili-arrete-pres-de-vladivostok-accuse-davoir-franchi-illegalement-la-frontiere-russe-06-09-2025-KRFIMLUXARHKBJ6T5UTK3HET34.php\" target=\"_blank\" rel=\"noreferrer noopener\">Sofiane Sehili<\/a>, <a href=\"https:\/\/www.leparisien.fr\/international\/russie-la-detention-provisoire-du-cycliste-francais-sofiane-sehili-prolongee-jusquau-4-octobre-17-09-2025-45LXCPKLKBHNZKOFPHWY4WBSM4.php\" target=\"_blank\" rel=\"noreferrer noopener\">arr\u00eat\u00e9 d\u00e9but septembre en Russie<\/a>, a \u00e9t\u00e9 prolong\u00e9e jusqu\u2019au 3 novembre, a annonc\u00e9 mardi l\u2019agence de presse officielle TASS en citant un tribunal de l\u2019Extr\u00eame-Orient russe.<\/p>\n<p class=\"paragraph text_align_left lp-f-body-02\">\u00ab Le 30 septembre 2025, le tribunal de district d\u2019Oussouri\u00efsk, dans la r\u00e9gion de Primori\u00e9, a prolong\u00e9 la d\u00e9tention (de Sofiane Sehili, NDLR) jusqu\u2019au 3 novembre 2025 \u00bb, a affirm\u00e9 le service de presse de l\u2019instance judiciaire, cit\u00e9 par l\u2019agence.<\/p>\n<p class=\"paragraph text_align_left lp-f-body-02\">Ce cycliste d\u2019endurance de 44 ans a \u00e9t\u00e9 arr\u00eat\u00e9 en Extr\u00eame-Orient russe, qui devait \u00eatre l\u2019\u00e9tape finale de son record du monde de la travers\u00e9e eurasienne \u00e0 v\u00e9lo. Parti de Lisbonne d\u00e9but juillet, Sofiane Sehili comptait traverser 17 pays pour arriver d\u00e9but septembre \u00e0 Vladivostok.<\/p>\n<blockquote class=\"twitter-tweet\">\n<p lang=\"en\" dir=\"ltr\">\ud83d\udeb4\u200d\u2642\ufe0f French cyclist detained in Vladivostok<\/p>\n<p>44-year-old Sofiane Sehili set out to break a world record by cycling across Eurasia from Lisbon to Vladivostok, but on September 2 he was detained by Russian border guards. He is accused of illegally entering the country.<\/p>\n<p>Sehili had\u2026 <a href=\"https:\/\/t.co\/yuV3IkFfbD\">pic.twitter.com\/yuV3IkFfbD<\/a><\/p>\n<p>\u2014 NEXTA (@nexta_tv) <a href=\"https:\/\/twitter.com\/nexta_tv\/status\/1964268204441653313?ref_src=twsrc%5Etfw\" target=\"_blank\" rel=\"noopener\">September 6, 2025<\/a><\/p><\/blockquote>\n<p class=\"paragraph text_align_left lp-f-body-02\">L\u2019avocate de Sofiane Sehili a indiqu\u00e9 qu\u2019elle allait contester cette d\u00e9cision. Il est accus\u00e9 de \u00ab franchissement ill\u00e9gal de la fronti\u00e8re \u00bb russe, a pr\u00e9cis\u00e9 mardi \u00e0 son avocate. Un d\u00e9lit passible d\u2019une peine pouvant aller jusqu\u2019\u00e0 deux ans de prison.<\/p>\n<p>60 jours et un record en vue<\/p>\n<p class=\"paragraph text_align_left lp-f-body-02\">Le cycliste, sp\u00e9cialiste de l\u2019ultradistance, dot\u00e9 d\u2019un visa russe \u00e9lectronique, avait d\u2019abord essay\u00e9 d\u2019entrer dans le pays via un poste-fronti\u00e8re r\u00e9serv\u00e9 aux Russes et aux Chinois, avait d\u00e9taill\u00e9 un responsable d\u2019une commission publique de contr\u00f4le des prisons, Vladimir Na\u00efdine.<\/p>\n<p class=\"paragraph text_align_left lp-f-body-02\">\u00ab Il est all\u00e9 \u00e0 un autre point de passage, mais l\u00e0-bas, il n\u2019est pas possible de traverser la fronti\u00e8re \u00e0 v\u00e9lo, il faut prendre un train ou un bus \u00bb, a-t-il expliqu\u00e9. Or, utiliser ces modes de transport aurait invalid\u00e9 son record apr\u00e8s plus de 60 jours et des milliers de kilom\u00e8tres d\u2019effort.<\/p>\n<p class=\"paragraph text_align_left lp-f-body-02\">Sa compagne Fanny Bensussan a expliqu\u00e9 en septembre \u00e0 France 3 Occitanie que le cycliste avait d\u00e9cid\u00e9 de se pr\u00e9senter devant les douaniers, convaincu qu\u2019ils le laisseraient tout de m\u00eame passer \u00e0 v\u00e9lo, mais avait \u00e9t\u00e9 arr\u00eat\u00e9. \u00ab Il ne pensait qu\u2019\u00e0 son exploit sportif \u00bb, avait-elle expliqu\u00e9.<\/p>\n<p><script async src=\"https:\/\/platform.twitter.com\/widgets.js\" charset=\"utf-8\"><\/script><\/p>\n","protected":false},"excerpt":{"rendered":"La d\u00e9tention provisoire du cycliste fran\u00e7ais Sofiane Sehili, arr\u00eat\u00e9 d\u00e9but septembre en Russie, a \u00e9t\u00e9 prolong\u00e9e jusqu\u2019au 3&hellip;\n","protected":false},"author":2,"featured_media":409005,"comment_status":"","ping_status":"","sticky":false,"template":"","format":"standard","meta":{"footnotes":""},"categories":[1411],"tags":[1154,207,1011,27,14,60,2955],"class_list":{"0":"post-437965","1":"post","2":"type-post","3":"status-publish","4":"format-standard","5":"has-post-thumbnail","7":"category-cyclisme","8":"tag-cycling","9":"tag-cyclisme","10":"tag-fr","11":"tag-france","12":"tag-international","13":"tag-sports","14":"tag-videos"},"share_on_mastodon":{"url":"https:\/\/pubeurope.com\/@fr\/115314382876842109","error":""},"_links":{"self":[{"href":"https:\/\/www.europesays.com\/fr\/wp-json\/wp\/v2\/posts\/437965","targetHints":{"allow":["GET"]}}],"collection":[{"href":"https:\/\/www.europesays.com\/fr\/wp-json\/wp\/v2\/posts"}],"about":[{"href":"https:\/\/www.europesays.com\/fr\/wp-json\/wp\/v2\/types\/post"}],"author":[{"embeddable":true,"href":"https:\/\/www.europesays.com\/fr\/wp-json\/wp\/v2\/users\/2"}],"replies":[{"embeddable":true,"href":"https:\/\/www.europesays.com\/fr\/wp-json\/wp\/v2\/comments?post=437965"}],"version-history":[{"count":0,"href":"https:\/\/www.europesays.com\/fr\/wp-json\/wp\/v2\/posts\/437965\/revisions"}],"wp:featuredmedia":[{"embeddable":true,"href":"https:\/\/www.europesays.com\/fr\/wp-json\/wp\/v2\/media\/409005"}],"wp:attachment":[{"href":"https:\/\/www.europesays.com\/fr\/wp-json\/wp\/v2\/media?parent=437965"}],"wp:term":[{"taxonomy":"category","embeddable":true,"href":"https:\/\/www.europesays.com\/fr\/wp-json\/wp\/v2\/categories?post=437965"},{"taxonomy":"post_tag","embeddable":true,"href":"https:\/\/www.europesays.com\/fr\/wp-json\/wp\/v2\/tags?post=437965"}],"curies":[{"name":"wp","href":"https:\/\/api.w.org\/{rel}","templated":true}]}}