{"id":437966,"date":"2025-10-04T06:03:09","date_gmt":"2025-10-04T06:03:09","guid":{"rendered":"https:\/\/www.europesays.com\/fr\/437966\/"},"modified":"2025-10-04T06:03:09","modified_gmt":"2025-10-04T06:03:09","slug":"direct-saint-etienne-f-marseille-f-arkema-premiere-ligue-f-2025-2026-a-suivre-en-direct-lequipe","status":"publish","type":"post","link":"https:\/\/www.europesays.com\/fr\/437966\/","title":{"rendered":"DIRECT. Saint-\u00c9tienne (F)-Marseille (F) (Arkema Premi\u00e8re Ligue (F) 2025-2026) \u00e0 suivre en direct &#8211; L&#039;\u00c9quipe"},"content":{"rendered":"<ol>\n<li><a href=\"https:\/\/news.google.com\/rss\/articles\/CBMiugFBVV95cUxQRHotSUNNWGt6aWo4MFFtMkdZV1JuUkN5SEczVklMQnBOOEpzbU9XZWdxaVB4YVdrOHcwZnJ3d0llNUNXMXIzMG16aVJtZnpDS21Rbk9sZVBCMy1yTmlnd190VTY3M3B6bFhtaDVLRDUzNlJiUHJxSUI5N0RacE92eUtjNnpnMTBNYUc2ZTY2Vm9oSklTdnZHQTFxQmtQUmdqMi1rM2xBc0s5OG80clJKbVo4M2VoeHpKR0E?oc=5\" target=\"_blank\" rel=\"nofollow noopener\">DIRECT. Saint-\u00c9tienne (F)-Marseille (F) (Arkema Premi\u00e8re Ligue (F) 2025-2026) \u00e0 suivre en direct<\/a>&nbsp;&nbsp;L&rsquo;\u00c9quipe<\/li>\n<li><a href=\"https:\/\/news.google.com\/rss\/articles\/CBMiywFBVV95cUxNc0VoekJzWFYtR0VkMzNjdkY4Q3haM05rSGxlc1Rwc0l5R1R6TXpMbjlaekktYXl5NTBMX3VhYWpOWGszSi1tSmtURi1rdVB2Y29QZXM1XzZOM0NJM0Q5STQ5MDJHZHVqVUtNbmY5RVFabG9wT2lwN3VBeHo0eGZqYXdhVXRiNDlsd0U5RnV0SFhOeGxTcWRRLTZBRjJaLUVVM01KRHJ0TXVJVmkwcEJLbVVJUjRIMnZQQXFQcXBnd3BZeU9jdFAtd0Znbw?oc=5\" target=\"_blank\" rel=\"nofollow noopener\">Les Vertes retenues par S\u00e9bastien Joseph pour la r\u00e9ception de Marseille \u00e0 Geoffroy-Guichard !<\/a>&nbsp;&nbsp;ASSE<\/li>\n<li><a href=\"https:\/\/news.google.com\/rss\/articles\/CBMiuwFBVV95cUxPczhWOTJjU29tYmtiVFE5MUswM1E5amtGSUFUSGJJRndqUXVwMFhIZEo3M1NUQ0p5YTFxWlpsb0JoRFNoVDJTY0hyZnFSck1CSmtHSXZ2NnA3dElUdGhjSnA3LS1taUY5WmdtTFhzbldjZ2t2MXJYWlBzUkFNN1lVZU8zNWR4aWZMbF92V01aOG5hVzZ5aGl3dlo4MldtazhYUm5JOHlVZ2w4cEVqZEozWHB0NThyU3JWbkZB?oc=5\" target=\"_blank\" rel=\"nofollow noopener\">Football &#8211; Premi\u00e8re Ligue. Les Vertes face \u00e0 l\u2019OM \u00e0 Geoffroy-Guichard, une affiche entre lanternes rouges<\/a>&nbsp;&nbsp;Le Progr\u00e8s<\/li>\n<li><a href=\"https:\/\/news.google.com\/rss\/articles\/CBMi7gFBVV95cUxPRWdHZk5tSS1JNzNlZ0w3MHVvTnZEOEhQUmdfWlAxNzNEa0QzVDVYTDJaXzVDTC0wUWJ1RHFySWd6X0VzYzdXV1ZPTzYxVlB1aTBQN2U1WmVvajQzOFhFcW5QbFd2M3BiMDktRHhZMFpZQ1dNeXRMZlZBbEJ5UWdDZW5UV0drajBzTW9RMHdFTzUtd01HYTA3TlUxdEV0Zl9JZ0kzaUFBZlFOTDM1OWZrVDJvaUYtNmFibFNjNkk4NllvVGphcVRiMHBNN2trZG4xRV9WelE5X2pKZkZ4Q0JhR3FmSkNreTF6eU5WQ3Jn?oc=5\" target=\"_blank\" rel=\"nofollow noopener\">ASSE f\u00e9minines : avant le match \u00e0 Geoffroy-Guichard, rencontre avec Rachel Corboz<\/a>&nbsp;&nbsp;Radio France<\/li>\n<li><a href=\"https:\/\/news.google.com\/rss\/articles\/CBMisAFBVV95cUxOdWtCQk54aFVhRFBWUUNzTUIzeV82RG9jX2tkbVNKbFBnS0REUXdzNUNlLUNrNC1ub1VqZjVkaVRFQTdoSVA5bW9mb3lRTGFlc1NMMWVhLWFad3ByS2VSYVozQkNsT08tdVUwakg2eU1yZDhGYnUyZU9JRGxvdXJ4bVpxcERTVUJoM2l2Q0gzd3VUckNaSzdqLThPT3Q3MnF5angtQTlZWW1LaUVRODFiQQ?oc=5\" target=\"_blank\" rel=\"nofollow noopener\">Premi\u00e8re Ligue Arkema : Le groupe de l&rsquo;OM pour le d\u00e9placement \u00e0 Saint Etienne.<\/a>&nbsp;&nbsp;Coeurs de foot<\/li>\n<\/ol>\n","protected":false},"excerpt":{"rendered":"DIRECT. Saint-\u00c9tienne (F)-Marseille (F) (Arkema Premi\u00e8re Ligue (F) 2025-2026) \u00e0 suivre en direct&nbsp;&nbsp;L&rsquo;\u00c9quipe Les Vertes retenues par S\u00e9bastien&hellip;\n","protected":false},"author":2,"featured_media":195210,"comment_status":"","ping_status":"","sticky":false,"template":"","format":"standard","meta":{"footnotes":""},"categories":[1410],"tags":[63,1011,27,60],"class_list":{"0":"post-437966","1":"post","2":"type-post","3":"status-publish","4":"format-standard","5":"has-post-thumbnail","7":"category-football","8":"tag-football","9":"tag-fr","10":"tag-france","11":"tag-sports"},"share_on_mastodon":{"url":"https:\/\/pubeurope.com\/@fr\/115314386766469916","error":""},"_links":{"self":[{"href":"https:\/\/www.europesays.com\/fr\/wp-json\/wp\/v2\/posts\/437966","targetHints":{"allow":["GET"]}}],"collection":[{"href":"https:\/\/www.europesays.com\/fr\/wp-json\/wp\/v2\/posts"}],"about":[{"href":"https:\/\/www.europesays.com\/fr\/wp-json\/wp\/v2\/types\/post"}],"author":[{"embeddable":true,"href":"https:\/\/www.europesays.com\/fr\/wp-json\/wp\/v2\/users\/2"}],"replies":[{"embeddable":true,"href":"https:\/\/www.europesays.com\/fr\/wp-json\/wp\/v2\/comments?post=437966"}],"version-history":[{"count":0,"href":"https:\/\/www.europesays.com\/fr\/wp-json\/wp\/v2\/posts\/437966\/revisions"}],"wp:featuredmedia":[{"embeddable":true,"href":"https:\/\/www.europesays.com\/fr\/wp-json\/wp\/v2\/media\/195210"}],"wp:attachment":[{"href":"https:\/\/www.europesays.com\/fr\/wp-json\/wp\/v2\/media?parent=437966"}],"wp:term":[{"taxonomy":"category","embeddable":true,"href":"https:\/\/www.europesays.com\/fr\/wp-json\/wp\/v2\/categories?post=437966"},{"taxonomy":"post_tag","embeddable":true,"href":"https:\/\/www.europesays.com\/fr\/wp-json\/wp\/v2\/tags?post=437966"}],"curies":[{"name":"wp","href":"https:\/\/api.w.org\/{rel}","templated":true}]}}