{"id":437968,"date":"2025-10-04T06:06:14","date_gmt":"2025-10-04T06:06:14","guid":{"rendered":"https:\/\/www.europesays.com\/fr\/437968\/"},"modified":"2025-10-04T06:06:14","modified_gmt":"2025-10-04T06:06:14","slug":"marins-deaux-dures-liberation","status":"publish","type":"post","link":"https:\/\/www.europesays.com\/fr\/437968\/","title":{"rendered":"marins d\u2019eaux dures \u2013 Lib\u00e9ration"},"content":{"rendered":"<p class=\"sc-cPiKLX AiZTS text-element\">Quentin est employ\u00e9 par la Ligue pour la protection des oiseaux (LPO) dans le nord de la Bretagne, plongeur professionnel et militant d\u2019Atlantis, un collectif de d\u00e9fense du littoral. Aux c\u00f4t\u00e9s des marins traditionnels, ils tentent de combattre les groupes de p\u00eache industrielle. Maya, elle, est chercheuse au CNRS sur les <a href=\"https:\/\/www.liberation.fr\/environnement\/biodiversite\/a-lorigine-de-la-vie-tous-les-etres-vivants-descendent-du-plancton-20250606_GXNSLIOY55GWHJQWJJY7KED2IM\/\" target=\"_blank\" rel=\"noopener\" title=\"https:\/\/www.liberation.fr\/environnement\/biodiversite\/a-lorigine-de-la-vie-tous-les-etres-vivants-descendent-du-plancton-20250606_GXNSLIOY55GWHJQWJJY7KED2IM\/\">organismes planctoniques<\/a>. Leur relation est instable mais elle repose sur leur passion commune pour l\u2019oc\u00e9an. La Folie oc\u00e9an est tr\u00e8s document\u00e9 sur la vie marine, du plancton aux conflits li\u00e9s \u00e0 la p\u00eache de masse ; Vincent Message soignait de m\u00eame les d\u00e9tails r\u00e9alistes et le romanesque dans ses pr\u00e9c\u00e9dents romans. <a href=\"https:\/\/www.liberation.fr\/livres\/2019\/11\/22\/vincent-message-un-rachat-dans-la-gorge_1765112\/\" target=\"_blank\" rel=\"noopener\">Cora dans la Spirale<\/a> (2019) explore le quotidien d\u2019une employ\u00e9e dans une compagnie d\u2019assurances, comme si l\u2019auteur s\u2019y trouvait, et dans <a href=\"https:\/\/www.liberation.fr\/culture\/livres\/vient-de-paraitre-robert-seethaler-vincent-message-laure-gouraige-20220211_DIVCW35DYVFF5BQZE3GFYEGBDQ\/\" target=\"_blank\" rel=\"noopener\">les Ann\u00e9es sans soleil<\/a> (2022), le n <\/p>\n","protected":false},"excerpt":{"rendered":"Quentin est employ\u00e9 par la Ligue pour la protection des oiseaux (LPO) dans le nord de la Bretagne,&hellip;\n","protected":false},"author":2,"featured_media":437969,"comment_status":"","ping_status":"","sticky":false,"template":"","format":"standard","meta":{"footnotes":""},"categories":[1357],"tags":[1379,10488,58,59,1011,27,1380],"class_list":{"0":"post-437968","1":"post","2":"type-post","3":"status-publish","4":"format-standard","5":"has-post-thumbnail","7":"category-livres","8":"tag-books","9":"tag-cahier-livres","10":"tag-divertissement","11":"tag-entertainment","12":"tag-fr","13":"tag-france","14":"tag-livres"},"share_on_mastodon":{"url":"https:\/\/pubeurope.com\/@fr\/115314398577386781","error":""},"_links":{"self":[{"href":"https:\/\/www.europesays.com\/fr\/wp-json\/wp\/v2\/posts\/437968","targetHints":{"allow":["GET"]}}],"collection":[{"href":"https:\/\/www.europesays.com\/fr\/wp-json\/wp\/v2\/posts"}],"about":[{"href":"https:\/\/www.europesays.com\/fr\/wp-json\/wp\/v2\/types\/post"}],"author":[{"embeddable":true,"href":"https:\/\/www.europesays.com\/fr\/wp-json\/wp\/v2\/users\/2"}],"replies":[{"embeddable":true,"href":"https:\/\/www.europesays.com\/fr\/wp-json\/wp\/v2\/comments?post=437968"}],"version-history":[{"count":0,"href":"https:\/\/www.europesays.com\/fr\/wp-json\/wp\/v2\/posts\/437968\/revisions"}],"wp:featuredmedia":[{"embeddable":true,"href":"https:\/\/www.europesays.com\/fr\/wp-json\/wp\/v2\/media\/437969"}],"wp:attachment":[{"href":"https:\/\/www.europesays.com\/fr\/wp-json\/wp\/v2\/media?parent=437968"}],"wp:term":[{"taxonomy":"category","embeddable":true,"href":"https:\/\/www.europesays.com\/fr\/wp-json\/wp\/v2\/categories?post=437968"},{"taxonomy":"post_tag","embeddable":true,"href":"https:\/\/www.europesays.com\/fr\/wp-json\/wp\/v2\/tags?post=437968"}],"curies":[{"name":"wp","href":"https:\/\/api.w.org\/{rel}","templated":true}]}}