{"id":437972,"date":"2025-10-04T06:08:23","date_gmt":"2025-10-04T06:08:23","guid":{"rendered":"https:\/\/www.europesays.com\/fr\/437972\/"},"modified":"2025-10-04T06:08:23","modified_gmt":"2025-10-04T06:08:23","slug":"a-quel-point-jetais-laide-marguerite-star-academy-victime-dune-violence-inouie-apres-la-sortie-de-son-premier-clip","status":"publish","type":"post","link":"https:\/\/www.europesays.com\/fr\/437972\/","title":{"rendered":"\u00ab\u00a0\u00c0 quel point j\u2019\u00e9tais laide\u00a0\u00bb, Marguerite (Star Academy) victime d\u2019une violence inou\u00efe apr\u00e8s la sortie de son premier clip"},"content":{"rendered":"<p>Bien que <a href=\"https:\/\/www.public.fr\/tag\/marguerite\" rel=\"nofollow noopener\" target=\"_blank\"><strong>Marguerite<\/strong><\/a> n&rsquo;ait pas gagn\u00e9 la derni\u00e8re saison de la <a href=\"https:\/\/www.public.fr\/tag\/star-academy\" rel=\"nofollow noopener\" target=\"_blank\">Star Academy<\/a>, elle s&rsquo;est n\u00e9anmoins impos\u00e9e dans l&rsquo;industrie musicale.<\/p>\n<p>Il y a quelques mois, elle a d&rsquo;ailleurs fait sensation gr\u00e2ce \u00e0 son tube, <strong>Les filles, les meufs,<\/strong> un hymne f\u00e9ministe dans lequel elle \u00e9voque sans tabou sa sexualit\u00e9. <\/p>\n<p>Peu de temps apr\u00e8s la sortie de son premier single, la jeune femme a eu la chance de d\u00e9voiler <strong>son premier EP baptis\u00e9 Grandir. <\/strong><\/p>\n<p>En pleine promotion de ce nouveau projet, Marguerite a r\u00e9cemment accord\u00e9 une interview \u00e0 nos confr\u00e8res du <a href=\"https:\/\/www.leparisien.fr\/culture-loisirs\/musique\/marguerite-de-la-star-academy-jai-recu-des-insultes-des-commentaires-odieux-disant-a-quel-point-jetais-laide-28-09-2025-DU6O4A54ZRH4PMQCM4PL2VD3CA.php?ts=1759124449833\" target=\"_blank\" rel=\"noreferrer noopener nofollow\">Parisien<\/a>. Un entretien au cours duquel la jolie brune a eu l&rsquo;occasion de revenir sur le tournage du clip de son titre phare. <\/p>\n<p>Marguerite : ce choix esth\u00e9tique qui divise<\/p>\n<p>Sur les images, l&rsquo;ancienne candidate de la Star Academy se montre au naturel, avec un visage marqu\u00e9 par quelques boutons et des sourcils non \u00e9pil\u00e9s. Un choix esth\u00e9tique assum\u00e9 par la jeune artiste, qui confie qu&rsquo;elle n&rsquo;avait \u00ab\u00a0<strong>pas envie d&rsquo;\u00eatre jolie<\/strong>\u00ab\u00a0.<\/p>\n<p>\u00ab\u00a0Ce n\u2019est pas \u00e7a que je souhaitais transmettre avec cette chanson. Quand j\u2019ai vu les premi\u00e8res images, \u00e7a a \u00e9t\u00e9 une r\u00e9v\u00e9lation. J\u2019ai r\u00e9alis\u00e9 que <strong>j\u2019aurais aim\u00e9, ado, voir des stars comme \u00e7a,<\/strong> pouvoir me dire &lsquo;elle aussi a de l\u2019acn\u00e9, des poils sur le visage&rsquo;. J\u2019ai voulu faire ce geste\u00a0\u00bb, explique-t-elle.<\/p>\n<p>Malheureusement, de nombreuses r\u00e9actions n\u00e9gatives ont suivi la diffusion du clip. \u00ab\u00a0\u00c7a m\u2019a un peu co\u00fbt\u00e9\u00a0\u00bb, r\u00e9v\u00e8le Marguerite. \u00ab\u00a0Personne ne se voit d\u2019aussi pr\u00e8s (rires). Mais j\u2019ai trouv\u00e9 \u00e7a hyperint\u00e9ressant, ce que \u00e7a bousculait chez moi. Parce que c\u2019est vraiment moi, au naturel. Je me vois tous les jours ainsi. Cette g\u00eane m\u2019a confort\u00e9e dans mon choix.\u00a0\u00bb<\/p>\n<p>Et de poursuivre : \u00ab\u00a0<strong>Le clip a aussi suscit\u00e9 beaucoup de violence sur les r\u00e9seaux. Faut encaisser. J\u2019ai re\u00e7u des insultes, des commentaires odieux, en continu, disant \u00e0 quel point j\u2019\u00e9tais laide, des smileys &lsquo;vomi&rsquo;.<\/strong>\u00ab\u00a0<\/p>\n<p>Bien que touch\u00e9e par les vilains commentaires, Marguerite a pr\u00e9f\u00e9r\u00e9 se concentrer sur le positif : \u00ab\u00a0Pour quinze messages comme \u00e7a, il y en avait deux qui disaient :\u00a0merci pour ma fille qui complexe sur sa moustache. Gr\u00e2ce \u00e0 vous, elle se sent mieux.\u00a0\u00bb Mission accomplie ! <\/p>\n<\/p>\n<p>      Mentionn\u00e9s dans cet article<\/p>\n<p>      Sur le m\u00eame sujet<\/p>\n","protected":false},"excerpt":{"rendered":"Bien que Marguerite n&rsquo;ait pas gagn\u00e9 la derni\u00e8re saison de la Star Academy, elle s&rsquo;est n\u00e9anmoins impos\u00e9e dans&hellip;\n","protected":false},"author":2,"featured_media":437973,"comment_status":"","ping_status":"","sticky":false,"template":"","format":"standard","meta":{"footnotes":""},"categories":[1355],"tags":[58,59,1011,27,54829,1361,873,5095],"class_list":{"0":"post-437972","1":"post","2":"type-post","3":"status-publish","4":"format-standard","5":"has-post-thumbnail","7":"category-musique","8":"tag-divertissement","9":"tag-entertainment","10":"tag-fr","11":"tag-france","12":"tag-marguerite-dedeyan","13":"tag-music","14":"tag-musique","15":"tag-star-academy"},"share_on_mastodon":{"url":"https:\/\/pubeurope.com\/@fr\/115314406535798102","error":""},"_links":{"self":[{"href":"https:\/\/www.europesays.com\/fr\/wp-json\/wp\/v2\/posts\/437972","targetHints":{"allow":["GET"]}}],"collection":[{"href":"https:\/\/www.europesays.com\/fr\/wp-json\/wp\/v2\/posts"}],"about":[{"href":"https:\/\/www.europesays.com\/fr\/wp-json\/wp\/v2\/types\/post"}],"author":[{"embeddable":true,"href":"https:\/\/www.europesays.com\/fr\/wp-json\/wp\/v2\/users\/2"}],"replies":[{"embeddable":true,"href":"https:\/\/www.europesays.com\/fr\/wp-json\/wp\/v2\/comments?post=437972"}],"version-history":[{"count":0,"href":"https:\/\/www.europesays.com\/fr\/wp-json\/wp\/v2\/posts\/437972\/revisions"}],"wp:featuredmedia":[{"embeddable":true,"href":"https:\/\/www.europesays.com\/fr\/wp-json\/wp\/v2\/media\/437973"}],"wp:attachment":[{"href":"https:\/\/www.europesays.com\/fr\/wp-json\/wp\/v2\/media?parent=437972"}],"wp:term":[{"taxonomy":"category","embeddable":true,"href":"https:\/\/www.europesays.com\/fr\/wp-json\/wp\/v2\/categories?post=437972"},{"taxonomy":"post_tag","embeddable":true,"href":"https:\/\/www.europesays.com\/fr\/wp-json\/wp\/v2\/tags?post=437972"}],"curies":[{"name":"wp","href":"https:\/\/api.w.org\/{rel}","templated":true}]}}