{"id":437976,"date":"2025-10-04T06:11:11","date_gmt":"2025-10-04T06:11:11","guid":{"rendered":"https:\/\/www.europesays.com\/fr\/437976\/"},"modified":"2025-10-04T06:11:11","modified_gmt":"2025-10-04T06:11:11","slug":"kylian-mbappe-vit-il-le-meilleur-debut-de-saison-de-sa-carriere","status":"publish","type":"post","link":"https:\/\/www.europesays.com\/fr\/437976\/","title":{"rendered":"Kylian Mbapp\u00e9 vit-il le meilleur d\u00e9but de saison de sa carri\u00e8re\u00a0?"},"content":{"rendered":"<p>Avant de recevoir Villarreal en Liga samedi soir, Kylian Mbapp\u00e9 empile les buts avec le Real Madrid. Rarement le capitaine des Bleus a sembl\u00e9 aussi en forme sur un d\u00e9but de saison.<\/p>\n<p class=\"fig-paragraph\">\u00abNouvelle saison. Faim de faire quelque chose de grand.\u00bb Kylian Mbapp\u00e9 avait annonc\u00e9 la couleur dans une publication Instagram, \u00e0 la reprise de l\u2019entra\u00eenement en ao\u00fbt dernier. Depuis, l\u2019attaquant du Real Madrid a joint le geste \u00e0 la parole\u00a0: 13 buts en 9 matches avec les Merengue, deux buts en autant de rencontres avec l\u2019\u00e9quipe de France et 100% de victoires\u00a0<a href=\"http:\/\/www.lefigaro.fr\/sports\/football\/espagne\/liga-l-atletico-fait-chuter-le-real-de-mbappe-au-terme-d-un-match-fou-20250927\" data-fig-type=\"NewsFlash\" data-gtm-custom-categorie=\"navigation\" data-gtm-custom-action=\"crossclick\" data-gtm-custom-label=\"Contextuel\" data-gtm-event=\"customEventSPE\" data-fig-domain=\"LEFIGARO\" target=\"_blank\" rel=\"noopener\">jusqu\u2019au derby face \u00e0 l\u2019Atl\u00e9tico de Madrid<\/a>\u00a0le week-end dernier (d\u00e9faite 5-2).<\/p>\n<p class=\"fig-paragraph\">Statistiquement, Mbapp\u00e9, 26 ans et qui entame sa 10e saison (hors 2025-16 o\u00f9 il a d\u00e9but\u00e9 chez les pros en d\u00e9cembre), conna\u00eet le meilleur d\u00e9but d\u2019exercice de sa carri\u00e8re. Que ce soit avec Monaco ou le Paris Saint-Germain, jamais le Bondynois n\u2019avait autant fait trembler les filets \u00e0 ce stade, m\u00eame s\u2019il avait d\u00e9j\u00e0 d\u00e9marr\u00e9 fort avec le PSG en 2018-19 (11 buts et 4 passes d\u00e9cisives en neuf matches) et 2020-21 (9 buts et 6 passes d\u00e9cisives en neuf matches).<\/p>\n<p>                                    <a class=\"fig-a11y-skip a11y-hidden\" href=\"#fig-a11y-skip-main-inarticle\"><br \/>\n        Passer la publicit\u00e9<br \/>\n    <\/a><\/p>\n<p>Mbapp\u00e9 \u00aba des jambes de feu\u00bb, appr\u00e9cie Deschamps<\/p>\n<p class=\"fig-paragraph\">Au-del\u00e0 des chiffres cette saison, l\u2019impression visuelle marque. \u00abIl a des jambes de feu, \u00e7a se voit, il est en confiance\u00bb,\u00a0<a href=\"http:\/\/www.lefigaro.fr\/sports\/football\/equipe-de-france\/mbappe-irresistible-thauvin-recale-mateta-la-surprise-le-reve-de-pogba-les-verites-de-deschamps-avant-le-retour-des-bleus-20251002\" data-fig-type=\"NewsFlash\" data-gtm-custom-categorie=\"navigation\" data-gtm-custom-action=\"crossclick\" data-gtm-custom-label=\"Contextuel\" data-gtm-event=\"customEventSPE\" data-fig-domain=\"LEFIGARO\" target=\"_blank\" rel=\"noopener\">s\u2019est r\u00e9joui Didier Deschamps<\/a>, s\u00e9lectionneur de l\u2019\u00e9quipe de France, jeudi dernier. Xabi Alonso partageait cette vision la veille, apr\u00e8s\u00a0<a href=\"http:\/\/www.lefigaro.fr\/sports\/football\/ligue-des-champions\/ligue-des-champions-en-video-le-penalty-reussi-de-mbappe-qui-lance-le-real-madrid-au-kazakhstan-20250930\" data-fig-type=\"NewsFlash\" data-gtm-custom-categorie=\"navigation\" data-gtm-custom-action=\"crossclick\" data-gtm-custom-label=\"Contextuel\" data-gtm-event=\"customEventSPE\" data-fig-domain=\"LEFIGARO\" target=\"_blank\" rel=\"noopener\">le tripl\u00e9 du Fran\u00e7ais<\/a>\u00a0contre le Kairat Almaty en Ligue des champions (5-0).<\/p>\n<p class=\"fig-paragraph\">\u00abJe suis tr\u00e8s satisfait de Kylian, non seulement pour ses buts mais aussi pour tout ce qu\u2019il fait, l\u2019influence positive qu\u2019il a quotidiennement sur ses co\u00e9quipiers, son implication dans le travail\u00bb, appr\u00e9ciait l\u2019entra\u00eeneur madril\u00e8ne. Un impact globalis\u00e9 que Mbapp\u00e9 n\u2019avait pas sur les d\u00e9buts de saison de ses derni\u00e8res ann\u00e9es parisiennes, entre le flou persistant quant \u00e0 son avenir ou son leadership incertain au milieu de Neymar et Lionel Messi.<\/p>\n<p class=\"fig-paragraph\">Celui\u00a0<a href=\"http:\/\/www.lefigaro.fr\/sports\/football\/mbappe-numero-10-du-real-madrid-puskas-modric-figo-en-images-ces-legendes-qui-ont-marque-l-histoire-20250730\" data-fig-type=\"NewsFlash\" data-gtm-custom-categorie=\"navigation\" data-gtm-custom-action=\"crossclick\" data-gtm-custom-label=\"Contextuel\" data-gtm-event=\"customEventSPE\" data-fig-domain=\"LEFIGARO\" target=\"_blank\" rel=\"noopener\">qui a r\u00e9cup\u00e9r\u00e9 cet \u00e9t\u00e9 le N.10<\/a>\u00a0de Luka Modric assume ses responsabilit\u00e9s. Au fond, il est dans la continuit\u00e9, apr\u00e8s plusieurs mois pour s\u2019adapter \u00e0 sa nouvelle vie en Espagne, dans une nouvelle \u00e9quipe o\u00f9 des interrogations ont subsist\u00e9 quant \u00e0 sa position en attaque. Plut\u00f4t sur un c\u00f4t\u00e9\u00a0? Plut\u00f4t dans l\u2019axe\u00a0?<\/p>\n<p>Villarreal, un gros test \u00e0 venir<\/p>\n<p class=\"fig-paragraph\">\u00abKylian, c\u2019est un attaquant axial\u00bb, a martel\u00e9 Deschamps. Alonso l\u2019a aussi confort\u00e9 en pointe, dans un 4-2-3-1. \u00abJe m\u2019acclimate \u00e0 ce poste\u00bb,\u00a0<a href=\"http:\/\/www.lefigaro.fr\/sports\/football\/ligue-des-nations\/niveau-des-bleus-psg-champion-sans-lui-dembele-ballon-d-or-kylian-mbappe-sort-du-silence-20250607\" data-fig-type=\"NewsFlash\" data-gtm-custom-categorie=\"navigation\" data-gtm-custom-action=\"crossclick\" data-gtm-custom-label=\"Contextuel\" data-gtm-event=\"customEventSPE\" data-fig-domain=\"LEFIGARO\" target=\"_blank\" rel=\"noopener\">analysait Mbapp\u00e9 en juin dernier<\/a>. Le voil\u00e0 \u00e0 5 buts apr\u00e8s deux matches de Ligue des champions. Seul Lionel Messi (6 en 2016-17) a fait mieux \u00e0 ce stade dans l\u2019histoire de la C1.<\/p>\n<p class=\"fig-paragraph\">\u00abC\u2019est pour \u00e7a que le Real Madrid m\u2019a recrut\u00e9\u00bb, a rappel\u00e9 le 7e du Ballon d\u2019Or 2025, qui parle \u00e0 chaque fois de son d\u00e9sir \u00abd\u2019aider l\u2019\u00e9quipe\u00bb. En phase avec ses partenaires, notamment Arda G\u00fcler qui a sign\u00e9 quatre passes d\u00e9cisives sur ses 13 buts, Mbapp\u00e9 est au paroxysme de sa confiance. Villarreal, meilleure d\u00e9fense de Liga (5 buts encaiss\u00e9s apr\u00e8s 7 journ\u00e9es) avec le FC Barcelone, et\u00a0<a href=\"https:\/\/www.lefigaro.fr\/sports\/football\/liga\/classement\" target=\"_blank\" rel=\"sponsored noopener\" data-gtm-custom-categorie=\"navigation\" data-gtm-custom-action=\"crossclick\" data-gtm-custom-label=\"Contextuel\" data-gtm-event=\"customEventSPE\">3e du championnat<\/a>\u00a0\u00e0 deux points du Real, sera un test grandeur nature ce samedi (21h) pour le capitaine des Bleus, qui retrouvera ensuite sa s\u00e9lection en vue des \u00e9liminatoires \u00e0 la Coupe du monde 2026.<\/p>\n","protected":false},"excerpt":{"rendered":"Avant de recevoir Villarreal en Liga samedi soir, Kylian Mbapp\u00e9 empile les buts avec le Real Madrid. Rarement&hellip;\n","protected":false},"author":2,"featured_media":437977,"comment_status":"","ping_status":"","sticky":false,"template":"","format":"standard","meta":{"footnotes":""},"categories":[9],"tags":[1011,27,6477,4790,60],"class_list":{"0":"post-437976","1":"post","2":"type-post","3":"status-publish","4":"format-standard","5":"has-post-thumbnail","7":"category-sports","8":"tag-fr","9":"tag-france","10":"tag-kylian-mbappe","11":"tag-real-madrid","12":"tag-sports"},"share_on_mastodon":{"url":"https:\/\/pubeurope.com\/@fr\/115314418252969612","error":""},"_links":{"self":[{"href":"https:\/\/www.europesays.com\/fr\/wp-json\/wp\/v2\/posts\/437976","targetHints":{"allow":["GET"]}}],"collection":[{"href":"https:\/\/www.europesays.com\/fr\/wp-json\/wp\/v2\/posts"}],"about":[{"href":"https:\/\/www.europesays.com\/fr\/wp-json\/wp\/v2\/types\/post"}],"author":[{"embeddable":true,"href":"https:\/\/www.europesays.com\/fr\/wp-json\/wp\/v2\/users\/2"}],"replies":[{"embeddable":true,"href":"https:\/\/www.europesays.com\/fr\/wp-json\/wp\/v2\/comments?post=437976"}],"version-history":[{"count":0,"href":"https:\/\/www.europesays.com\/fr\/wp-json\/wp\/v2\/posts\/437976\/revisions"}],"wp:featuredmedia":[{"embeddable":true,"href":"https:\/\/www.europesays.com\/fr\/wp-json\/wp\/v2\/media\/437977"}],"wp:attachment":[{"href":"https:\/\/www.europesays.com\/fr\/wp-json\/wp\/v2\/media?parent=437976"}],"wp:term":[{"taxonomy":"category","embeddable":true,"href":"https:\/\/www.europesays.com\/fr\/wp-json\/wp\/v2\/categories?post=437976"},{"taxonomy":"post_tag","embeddable":true,"href":"https:\/\/www.europesays.com\/fr\/wp-json\/wp\/v2\/tags?post=437976"}],"curies":[{"name":"wp","href":"https:\/\/api.w.org\/{rel}","templated":true}]}}