{"id":437978,"date":"2025-10-04T06:12:12","date_gmt":"2025-10-04T06:12:12","guid":{"rendered":"https:\/\/www.europesays.com\/fr\/437978\/"},"modified":"2025-10-04T06:12:12","modified_gmt":"2025-10-04T06:12:12","slug":"la-charente-conserve-son-titre","status":"publish","type":"post","link":"https:\/\/www.europesays.com\/fr\/437978\/","title":{"rendered":"la Charente conserve son titre"},"content":{"rendered":"<p>C\u2019\u00e9tait son grand soir. Agathe Michelet a \u00e9t\u00e9 \u00e9lue <a title=\"Miss Poitou-Charentes 2025 : qui sont les seize candidates en lice pour succ\u00e9der \u00e0 Charlie B\u00e9nard ?\" target=\"_self\" href=\"https:\/\/www.lanouvellerepublique.fr\/vienne\/commune\/chasseneuil-du-poitou\/miss-poitou-charentes-2025-qui-sont-les-seize-candidates-en-lice-pour-succeder-a-charlie-benard-1759324364\" rel=\"noopener\">Miss Poitou-Charentes<\/a>, dans la nuit du vendredi\u00a03 au samedi 4\u00a0octobre 2025, peu apr\u00e8s minuit dans la salle du Kube, au Futuroscope. \u00c2g\u00e9e de 26\u00a0ans et originaire de La Couronne, celle qui a \u00e9t\u00e9 \u00e9lue Miss Charente succ\u00e8de \u00e0 Charlie B\u00e9nard, Charentaise elle aussi, qui avait \u00e9t\u00e9 sacr\u00e9e l\u2019ann\u00e9e derni\u00e8re sur cette m\u00eame sc\u00e8ne&#8230;. <\/p>\n<p>    Cet article a \u00e9t\u00e9 tronqu\u00e9. Abonnez-vous pour lire l&rsquo;article complet sur notre site.<\/p>\n<p style=\"margin: 0 !important; padding: 0 !important; font-size: 12px !important;\">Cet article a \u00e9t\u00e9 tronqu\u00e9. Abonnez-vous pour lire l&rsquo;article complet.<\/p>\n<p>    <a href=\"https:\/\/www.lanouvellerepublique.fr\/abonnements\" style=\"display: inline-block; margin-top: 5px !important; padding: 6px 12px !important; background: #cb1c27; color: white; text-decoration: none; border-radius: 4px; font-size: 12px !important;\" target=\"_blank\" rel=\"noopener\"><br \/>\n      S&rsquo;abonner<br \/>\n    <\/a><\/p>\n","protected":false},"excerpt":{"rendered":"C\u2019\u00e9tait son grand soir. Agathe Michelet a \u00e9t\u00e9 \u00e9lue Miss Poitou-Charentes, dans la nuit du vendredi\u00a03 au samedi&hellip;\n","protected":false},"author":2,"featured_media":437979,"comment_status":"","ping_status":"","sticky":false,"template":"","format":"standard","meta":{"footnotes":""},"categories":[8],"tags":[328,1392,7478,2218,42195,50769,2545,58,59,1011,27,56519,1393,3034,56520,2219,1584],"class_list":{"0":"post-437978","1":"post","2":"type-post","3":"status-publish","4":"format-standard","5":"has-post-thumbnail","7":"category-divertissement","8":"tag-a-la-une","9":"tag-a-la-une-local","10":"tag-charente","11":"tag-charente-maritime","12":"tag-chasseneuil-du-poitou","13":"tag-concours-de-beaute","14":"tag-deux-sevres","15":"tag-divertissement","16":"tag-entertainment","17":"tag-fr","18":"tag-france","19":"tag-futuroscope","20":"tag-loisirs","21":"tag-miss-france","22":"tag-miss-poitou-charentes","23":"tag-nouvelle-aquitaine","24":"tag-vienne"},"share_on_mastodon":{"url":"https:\/\/pubeurope.com\/@fr\/115314422179357866","error":""},"_links":{"self":[{"href":"https:\/\/www.europesays.com\/fr\/wp-json\/wp\/v2\/posts\/437978","targetHints":{"allow":["GET"]}}],"collection":[{"href":"https:\/\/www.europesays.com\/fr\/wp-json\/wp\/v2\/posts"}],"about":[{"href":"https:\/\/www.europesays.com\/fr\/wp-json\/wp\/v2\/types\/post"}],"author":[{"embeddable":true,"href":"https:\/\/www.europesays.com\/fr\/wp-json\/wp\/v2\/users\/2"}],"replies":[{"embeddable":true,"href":"https:\/\/www.europesays.com\/fr\/wp-json\/wp\/v2\/comments?post=437978"}],"version-history":[{"count":0,"href":"https:\/\/www.europesays.com\/fr\/wp-json\/wp\/v2\/posts\/437978\/revisions"}],"wp:featuredmedia":[{"embeddable":true,"href":"https:\/\/www.europesays.com\/fr\/wp-json\/wp\/v2\/media\/437979"}],"wp:attachment":[{"href":"https:\/\/www.europesays.com\/fr\/wp-json\/wp\/v2\/media?parent=437978"}],"wp:term":[{"taxonomy":"category","embeddable":true,"href":"https:\/\/www.europesays.com\/fr\/wp-json\/wp\/v2\/categories?post=437978"},{"taxonomy":"post_tag","embeddable":true,"href":"https:\/\/www.europesays.com\/fr\/wp-json\/wp\/v2\/tags?post=437978"}],"curies":[{"name":"wp","href":"https:\/\/api.w.org\/{rel}","templated":true}]}}