{"id":437984,"date":"2025-10-04T06:15:16","date_gmt":"2025-10-04T06:15:16","guid":{"rendered":"https:\/\/www.europesays.com\/fr\/437984\/"},"modified":"2025-10-04T06:15:16","modified_gmt":"2025-10-04T06:15:16","slug":"trump-va-avoir-une-piece-a-son-effigie-et-voici-a-quoi-elle-pourrait-ressembler","status":"publish","type":"post","link":"https:\/\/www.europesays.com\/fr\/437984\/","title":{"rendered":"Trump va avoir une pi\u00e8ce \u00e0 son effigie et voici \u00e0 quoi elle pourrait ressembler"},"content":{"rendered":"<p>        <img decoding=\"async\" loading=\"lazy\" src=\"https:\/\/www.europesays.com\/fr\/wp-content\/uploads\/2025\/10\/7e08b80_sirius-fs-upload-1-gzn8tvabb3vk-1748507941335-2025-05-28t165140z-1949195981-rc2zqea9r9e0-rtr.jpeg\"  width=\"728\" height=\"409\" alt=\"Trump va avoir une pi\u00e8ce \u00e0 son effigie et voici \u00e0 quoi elle pourrait ressembler (photo de Donald Trump)\"\/>  <\/p>\n<p>Leah Millis \/ REUTERS<\/p>\n<p>Trump va avoir une pi\u00e8ce \u00e0 son effigie et voici \u00e0 quoi elle pourrait ressembler (photo de Donald Trump)<\/p>\n<p class=\"asset asset-text\">TRUMP &#8211; Le retour des pi\u00e8ces de 1\u00a0dollar et l\u2019illustration de la m\u00e9galomanie. Le <a href=\"https:\/\/www.huffingtonpost.fr\/tech-futurs\/article\/youtube-s-incline-face-a-trump-qui-s-en-felicite-avec-un-photomontage-improbable_255411.html\" rel=\"nofollow noopener\" target=\"_blank\">gouvernement am\u00e9ricain<\/a> a affirm\u00e9 ce vendredi 3\u00a0octobre qu\u2019il envisageait de sortir des pi\u00e8ces de monnaie comm\u00e9moratives \u00e0 l\u2019effigie du <a href=\"https:\/\/www.huffingtonpost.fr\/international\/article\/albanie-ou-armenie-quand-macron-et-des-dirigeants-europeens-rient-des-confusions-diplomatiques-de-trump_255569.html\" rel=\"nofollow noopener\" target=\"_blank\">pr\u00e9sident Donald Trump<\/a>, \u00e0 l\u2019occasion du 250e anniversaire de l\u2019ind\u00e9pendance du pays.<\/p>\n<p class=\"asset asset-text\">Selon des croquis diffus\u00e9s sur X, et republi\u00e9s par le minist\u00e8re des Finances, les pi\u00e8ces d\u2019une valeur d\u2019un dollar pourraient repr\u00e9senter <a href=\"https:\/\/www.huffingtonpost.fr\/international\/article\/donald-trump-promet-l-enfer-au-hamas-s-il-ne-repond-pas-a-son-plan-pour-gaza-avant-dimanche-soir_255573.html\" rel=\"nofollow noopener\" target=\"_blank\">Trump de profil,<\/a> encadr\u00e9 par le mot Liberty en lettres capitales.<\/p>\n<p class=\"asset asset-text\">Ou encore le pr\u00e9sident de biais, poing droit lev\u00e9 devant un drapeau am\u00e9ricain, entour\u00e9 des mots \u00ab\u00a0FIGHT FIGHT FIGHT\u00a0\u00bb (\u00ab\u00a0Battez-vous\u00a0\u00bb).<\/p>\n<p> La lecture de ce contenu est susceptible d\u2019entra\u00eener un d\u00e9p\u00f4t de cookies de la part de l\u2019op\u00e9rateur tiers qui l\u2019h\u00e9berge. Compte-tenu des choix que vous avez exprim\u00e9s en mati\u00e8re de d\u00e9p\u00f4t de cookies, nous avons bloqu\u00e9 l\u2019affichage de ce contenu. Si vous souhaitez y acc\u00e9der, vous devez accepter la cat\u00e9gorie de cookies \u201cContenus tiers\u201d en cliquant sur le bouton ci-dessous. <\/p>\n<p> Lire la Vid\u00e9o        <\/p>\n<p class=\"asset asset-text\">\u00ab\u00a0Pas d\u2019infox ici. Ces premi\u00e8res \u00e9bauches c\u00e9l\u00e9brant le 250e anniversaire de l\u2019Am\u00e9rique et le pr\u00e9sident sont r\u00e9elles. J\u2019ai h\u00e2te de partager davantage d\u2019informations bient\u00f4t, une fois que la fermeture obstructionniste du gouvernement des \u00c9tats-Unis sera termin\u00e9e.\u00a0\u00bb, peut-on lire dans une publication X du responsable de la monnaie des \u00c9tats-Unis, Brandon Beach, en \u00e9voquant le \u00ab\u00a0shutdown\u00a0\u00bb.<\/p>\n<p class=\"asset asset-text\">L\u2019illustration de la deuxi\u00e8me pi\u00e8ce est une r\u00e9f\u00e9rence explicite \u00e0 sa r\u00e9action apr\u00e8s la tentative d\u2019assassinat dont il avait fait l\u2019objet pendant la campagne pr\u00e9sidentielle, en juillet\u00a02024.<\/p>\n<p class=\"asset asset-text\">Sollicit\u00e9 par l\u2019AFP, le minist\u00e8re des Finances (ou secr\u00e9tariat au Tr\u00e9sor) n\u2019a pas donn\u00e9 suite dans l\u2019imm\u00e9diat. Le pays c\u00e9l\u00e8bre l\u2019an prochain le 250e anniversaire de son ind\u00e9pendance, obtenue le 4\u00a0juillet\u00a01776.<\/p>\n","protected":false},"excerpt":{"rendered":"Leah Millis \/ REUTERS Trump va avoir une pi\u00e8ce \u00e0 son effigie et voici \u00e0 quoi elle pourrait&hellip;\n","protected":false},"author":2,"featured_media":231286,"comment_status":"","ping_status":"","sticky":false,"template":"","format":"standard","meta":{"footnotes":""},"categories":[5],"tags":[11,7511,75,73,1011,27,14,26439,12,28],"class_list":{"0":"post-437984","1":"post","2":"type-post","3":"status-publish","4":"format-standard","5":"has-post-thumbnail","7":"category-international","8":"tag-actualites","9":"tag-dollar","10":"tag-donald-trump","11":"tag-etats-unis","12":"tag-fr","13":"tag-france","14":"tag-international","15":"tag-monnaie","16":"tag-news","17":"tag-world"},"share_on_mastodon":{"url":"https:\/\/pubeurope.com\/@fr\/115314434066094223","error":""},"_links":{"self":[{"href":"https:\/\/www.europesays.com\/fr\/wp-json\/wp\/v2\/posts\/437984","targetHints":{"allow":["GET"]}}],"collection":[{"href":"https:\/\/www.europesays.com\/fr\/wp-json\/wp\/v2\/posts"}],"about":[{"href":"https:\/\/www.europesays.com\/fr\/wp-json\/wp\/v2\/types\/post"}],"author":[{"embeddable":true,"href":"https:\/\/www.europesays.com\/fr\/wp-json\/wp\/v2\/users\/2"}],"replies":[{"embeddable":true,"href":"https:\/\/www.europesays.com\/fr\/wp-json\/wp\/v2\/comments?post=437984"}],"version-history":[{"count":0,"href":"https:\/\/www.europesays.com\/fr\/wp-json\/wp\/v2\/posts\/437984\/revisions"}],"wp:featuredmedia":[{"embeddable":true,"href":"https:\/\/www.europesays.com\/fr\/wp-json\/wp\/v2\/media\/231286"}],"wp:attachment":[{"href":"https:\/\/www.europesays.com\/fr\/wp-json\/wp\/v2\/media?parent=437984"}],"wp:term":[{"taxonomy":"category","embeddable":true,"href":"https:\/\/www.europesays.com\/fr\/wp-json\/wp\/v2\/categories?post=437984"},{"taxonomy":"post_tag","embeddable":true,"href":"https:\/\/www.europesays.com\/fr\/wp-json\/wp\/v2\/tags?post=437984"}],"curies":[{"name":"wp","href":"https:\/\/api.w.org\/{rel}","templated":true}]}}