{"id":437991,"date":"2025-10-04T06:19:25","date_gmt":"2025-10-04T06:19:25","guid":{"rendered":"https:\/\/www.europesays.com\/fr\/437991\/"},"modified":"2025-10-04T06:19:25","modified_gmt":"2025-10-04T06:19:25","slug":"billet-a-saint-etienne-le-vent-souffle-bien-differemment","status":"publish","type":"post","link":"https:\/\/www.europesays.com\/fr\/437991\/","title":{"rendered":"[Billet] \u00c0 Saint-\u00c9tienne, le vent souffle bien diff\u00e9remment\u2026"},"content":{"rendered":"<p>Sc\u00e9nario similaire sur le papier, mais la dynamique est tout autre dans le Forez. La s\u00e9r\u00e9nit\u00e9 des Verts en ce d\u00e9but de saison est source de jalousie pour les spectateurs frustr\u00e9s que nous sommes, attach\u00e9s \u00e0 une \u00e9quipe qui peine \u00e0 produire du jeu et ne parvient pas \u00e0 enclencher une s\u00e9rie probante.<\/p>\n<p><strong>Parlons chiffre\u2026<\/strong><\/p>\n<p>Le jeu offensif des Verts porte ses fruits comptablement, puisqu\u2019ils occupent actuellement la deuxi\u00e8me place du classement avec 17 buts marqu\u00e9s, loin devant les 8 r\u00e9alisations pailladines. Pour autant, avec 10 buts conc\u00e9d\u00e9s, les st\u00e9phanois ne font pas mieux que la d\u00e9fense montpelli\u00e9raine et ses 8 buts encaiss\u00e9s.<\/p>\n<p>C\u00f4t\u00e9 effectif, l\u2019ASSE peut se targuer d\u2019une valeur estim\u00e9e \u00e0 68,3 millions d\u2019euros par Transfermarkt\u00a0: les 25 millions du MHSC affaibli contrastent \u00e9videmment.<\/p>\n<p>Pour cette prosp\u00e9rit\u00e9 affich\u00e9e, le public du Chaudron peut vraisemblablement compter sur Larry Tanenbaum, seconde fortune la plus \u00e9lev\u00e9e du championnat avec un portefeuille estim\u00e9 \u00e0 2.8 milliards de dollars. En comparaison, Laurent Nicollin n\u2019est que deux places derri\u00e8re mais fait figure de petit entrepreneur local avec \u00ab\u00a0seulement\u00a0\u00bb 164 millions de dollars estim\u00e9s d\u2019apr\u00e8s Forbes.<\/p>\n<p>Pour rappel, apr\u00e8s 20 ans de pr\u00e9sidence,\u00a0Roland Romeyer et Bernard Ca\u00efazzo (que Louis Nicollin ne portait pas dans son c\u0153ur) ont pass\u00e9 la main au canadien en 2024 \u00e0 travers le groupe Kilmer Sports Ventures. Le groupe en question est pr\u00e9sid\u00e9 par un autre homme, Ivan Gazidis, d\u00e9j\u00e0 pass\u00e9 par la MLS, Arsenal et Milan, qui a pris les commandes de l\u2019ASSE avec l\u2019\u00e9tiquette d\u2019un habile gestionnaire tourn\u00e9 vers le profit. Dans le football des ann\u00e9es 2020, c\u2019est une vertu qui compte.<\/p>\n<p><strong>\u2026et ambitions<\/strong><\/p>\n<p>Fort d\u2019un rassurant matelas financier et d\u2019une expertise dans la gestion de grosses sommes, Saint-Etienne a pu aborder l\u2019avenir avec ambition alors m\u00eame que le MHSC se heurte \u00e0 des d\u00e9convenues dans tous les angles imaginables\u00a0: salaires trop \u00e9lev\u00e9s accord\u00e9s \u00e0 des joueurs peu rentables au cours des derni\u00e8res saisons, un projet de stade qui patauge, une section f\u00e9minine devenue impossible \u00e0 assumer\u2026<\/p>\n<p><img loading=\"lazy\" title=\"Montpellier HSC v AS Saint-\u00c9tienne - Ligue 1 McDonalds 20242025 | AllezPaillade.com\" decoding=\"async\" width=\"1024\" height=\"683\" src=\"https:\/\/www.europesays.com\/fr\/wp-content\/uploads\/2025\/10\/ICONSPORT_255051_0004-1024x683.jpg\" alt=\"\" class=\"wp-image-188783\"  \/>Cr\u00e9dit Iconsport<\/p>\n<p>Le symbole de ce renouveau st\u00e9phanois, c\u2019est probablement Lucas Stassin, buteur belge en vogue et bourreau des Pailladins lors du fiasco \u00e0 la Mosson la saison derni\u00e8re. Arriv\u00e9s dans un contexte ambitieux avec une promotion en Ligue 1, les nouveaux propri\u00e9taires des Verts n\u2019ont pas r\u00e9ussi \u00e0 assurer le maintien et ont d\u00fb faire face aux critiques des plus press\u00e9s : la gestion du cas Stassin allait forc\u00e9ment \u00eatre un feuilleton de l\u2019\u00e9t\u00e9.<\/p>\n<p>D\u00e9sireux d\u2019affirmer sa volont\u00e9 de monter en puissance et de se d\u00e9tacher de l\u2019urgence de la vente, le club aux finances assainies a pris le luxe de d\u00e9cliner des offres tr\u00e8s all\u00e9chantes pour son attaquant, dont 26 millions propos\u00e9s par Rennes. Bon choix\u00a0? Jusqu\u2019\u00e0 peu, on pouvait en douter. Le Belge, ralenti par une blessure en fin de saison, \u00e9tait rest\u00e9 muet avant d\u2019affronter le Clermont Foot en 5\u00e8me journ\u00e9e. Les craintes sont maintenant dissip\u00e9es puisqu\u2019il a depuis inscrit un doubl\u00e9 face \u00e0 Reims et a \u00e9galement trouv\u00e9 le chemin des filets de Paul Bernardoni \u00e0 La Licorne.<\/p>\n<p>Au total, le mercato st\u00e9phanois aura provoqu\u00e9 25 millions d\u2019euros de d\u00e9penses pour des joueurs venus de toute l\u2019Europe, et seulement 5,85 millions d\u2019euros de vente \u2013 pas les m\u00eames moyens, pas la m\u00eame urgence.<\/p>\n<p>L\u2019\u00e2me populaire du club n\u2019est toutefois pas compl\u00e8tement mise de c\u00f4t\u00e9 puisqu\u2019une nouvelle entit\u00e9 vise une entr\u00e9e dans le capital de l\u2019ASSE. R\u00e9unissant les supporters motiv\u00e9s \u00e0 maintenir l\u2019identit\u00e9 du club, l\u2019association Socios Verts a r\u00e9cemment collect\u00e9 153\u00a0000 euros sur les 150\u00a0000 n\u00e9cessaires pour acc\u00e9der aux 0,1% symboliques d\u2019actionnariat. Reste aux plus de 5000 membres r\u00e9unis de se structurer judicieusement pour mener \u00e0 bien leurs objectifs, notamment l\u2019inauguration de statues sur le parvis du stade.<\/p>\n<p><strong>\u00c0 quoi s\u2019attendre samedi\u00a0?<\/strong><\/p>\n<p>Comment appr\u00e9hender la venue de l\u2019\u00e9quipe dont on parle certainement le plus depuis ce d\u00e9but de saison\u00a0? Les pailladins ont retrouv\u00e9 de l\u2019allant mais ne sont pas gu\u00e9ris pour autant\u00a0: une victoire gratt\u00e9e sur le fil \u00e0 Laval ne peut faire oublier les difficult\u00e9s du MHSC \u00e0 lancer cette aventure en Ligue 2. Comme abord\u00e9 pendant l\u2019AP Show de ce mardi, un retour \u00e0 un dispositif plus d\u00e9fensif ne serait ni d\u00e9connant ni honteux.<\/p>\n<p>Cependant, le r\u00e9cent revers st\u00e9phanois face \u00e0 Guingamp suscite l\u2019espoir pour les montpelli\u00e9rains, qui ont la satisfaction d\u2019avoir retrouv\u00e9 un Alexandre Mendy tranchant et un Simon Ngapandouetnbu pr\u00e9cieux sur sa ligne. Y aura-t-il un vainqueur dans cette rencontre entre deux clubs \u00e0 la sant\u00e9 tr\u00e8s diff\u00e9rente\u00a0? R\u00e9ponse samedi soir.<\/p>\n","protected":false},"excerpt":{"rendered":"Sc\u00e9nario similaire sur le papier, mais la dynamique est tout autre dans le Forez. La s\u00e9r\u00e9nit\u00e9 des Verts&hellip;\n","protected":false},"author":2,"featured_media":437992,"comment_status":"","ping_status":"","sticky":false,"template":"","format":"standard","meta":{"footnotes":""},"categories":[9653],"tags":[328,1111,11,2430,11720,1777,674,1011,27,56398,12,25,4001],"class_list":{"0":"post-437991","1":"post","2":"type-post","3":"status-publish","4":"format-standard","5":"has-post-thumbnail","7":"category-saint-etienne","8":"tag-a-la-une","9":"tag-actu","10":"tag-actualites","11":"tag-auvergne-rhone-alpes","12":"tag-billet","13":"tag-eu","14":"tag-europe","15":"tag-fr","16":"tag-france","17":"tag-mhsc-asse","18":"tag-news","19":"tag-republique-francaise","20":"tag-saint-etienne"},"share_on_mastodon":{"url":"https:\/\/pubeurope.com\/@fr\/115314449666934203","error":""},"_links":{"self":[{"href":"https:\/\/www.europesays.com\/fr\/wp-json\/wp\/v2\/posts\/437991","targetHints":{"allow":["GET"]}}],"collection":[{"href":"https:\/\/www.europesays.com\/fr\/wp-json\/wp\/v2\/posts"}],"about":[{"href":"https:\/\/www.europesays.com\/fr\/wp-json\/wp\/v2\/types\/post"}],"author":[{"embeddable":true,"href":"https:\/\/www.europesays.com\/fr\/wp-json\/wp\/v2\/users\/2"}],"replies":[{"embeddable":true,"href":"https:\/\/www.europesays.com\/fr\/wp-json\/wp\/v2\/comments?post=437991"}],"version-history":[{"count":0,"href":"https:\/\/www.europesays.com\/fr\/wp-json\/wp\/v2\/posts\/437991\/revisions"}],"wp:featuredmedia":[{"embeddable":true,"href":"https:\/\/www.europesays.com\/fr\/wp-json\/wp\/v2\/media\/437992"}],"wp:attachment":[{"href":"https:\/\/www.europesays.com\/fr\/wp-json\/wp\/v2\/media?parent=437991"}],"wp:term":[{"taxonomy":"category","embeddable":true,"href":"https:\/\/www.europesays.com\/fr\/wp-json\/wp\/v2\/categories?post=437991"},{"taxonomy":"post_tag","embeddable":true,"href":"https:\/\/www.europesays.com\/fr\/wp-json\/wp\/v2\/tags?post=437991"}],"curies":[{"name":"wp","href":"https:\/\/api.w.org\/{rel}","templated":true}]}}