{"id":438003,"date":"2025-10-04T06:28:09","date_gmt":"2025-10-04T06:28:09","guid":{"rendered":"https:\/\/www.europesays.com\/fr\/438003\/"},"modified":"2025-10-04T06:28:09","modified_gmt":"2025-10-04T06:28:09","slug":"des-travaux-urgents-a-prevoir","status":"publish","type":"post","link":"https:\/\/www.europesays.com\/fr\/438003\/","title":{"rendered":"des travaux urgents \u00e0 pr\u00e9voir"},"content":{"rendered":"<p>            Par<br \/>\n        <strong><br \/>\n            <a href=\"https:\/\/actu.fr\/auteur\/fmass\" title=\"Consulter tous les articles de Fabien Massin\" target=\"_blank\" rel=\"noopener\">Fabien Massin<\/a><br \/>\n        <\/strong><\/p>\n<p>        Publi\u00e9 le<\/p>\n<p>            4 oct. 2025 \u00e0 8h20        <\/p>\n<p>Le mus\u00e9e de la c\u00e9ramique de <a href=\"https:\/\/actu.fr\/normandie\/rouen_76540\" target=\"_blank\" rel=\"noopener\">Rouen (Seine-Maritime)<\/a>, est ferm\u00e9 depuis la fin du mois de mai 2025. Cette fermeture va durer encore plusieurs mois, jusqu\u2019en 2026 a minima. La raison : <strong>d\u2019importants travaux sur les planchers<\/strong> doivent \u00eatre men\u00e9s. Explications.<\/p>\n<p>Une vitrine s\u2019affaisse<\/p>\n<p class=\" wall-content\">\u00ab Le 29 mai, les \u00e9quipes du mus\u00e9e constatent qu\u2019une vitrine s\u2019est affaiss\u00e9e \u00bb, <strong>rapporte Robert Blaizeau<\/strong>, directeur de la R\u00e9union des mus\u00e9es m\u00e9tropolitains (RMM). \u00ab En fait, on s\u2019est rendu compte que le plancher du deuxi\u00e8me \u00e9tage avait boug\u00e9. Tout de suite, nous avons d\u00e9cid\u00e9 d\u2019engager un diagnostic du b\u00e2timent, afin de savoir ce qu\u2019il se passait. \u00bb<\/p>\n<p class=\" wall-content\">Un diagnostic qui implique la fermeture du mus\u00e9e, <strong>ainsi que l\u2019\u00e9vacuation de certaines collections <\/strong>dans d\u2019autres parties du b\u00e2timent, class\u00e9 monument historique. <strong>Trois grandes<\/strong> salles sont vid\u00e9es, dont celle qui comporte la fameuse table dress\u00e9e. Une op\u00e9ration pas simple, il faut notamment d\u00e9placer d\u2019\u00e9normes lustres, cela dure pr\u00e8s d\u2019un mois et demi.<\/p>\n<p class=\" wall-content\">Une premi\u00e8re campagne de sondage est men\u00e9e, <strong>il s\u2019agit d\u2019ouvrir le plafond et le plancher afin de voir ce qu\u2019il y a entre les deux<\/strong>.\u00a0\u00ab\u00a0R\u00e9sultat, il appara\u00eet qu\u2019il y a des probl\u00e8mes de structure, des poutres ont boug\u00e9, explique Robert Blaizeau. C\u2019est sans doute ce qui a entra\u00een\u00e9 l\u2019affaissement.\u00a0\u00bb<\/p>\n<p class=\" wall-content\">Pour avoir une vision plus globale de l\u2019\u00e9tat du b\u00e2timent, une deuxi\u00e8me campagne de sondage est men\u00e9e en septembre. Elle confirme les probl\u00e8mes d\u00e9j\u00e0 constat\u00e9s.<\/p>\n<p>Des poutres et charpentes pourries<\/p>\n<p class=\" wall-content\">\u00ab\u00a0Le constat est que certaines parties de poutres et de charpentes <strong>sont d\u00e9grad\u00e9es, pourries<\/strong>, d\u00e9taille le directeur de mus\u00e9es. On sait d\u00e9sormais qu\u2019il n\u2019y a pas de risque d\u2019effondrement, mais nous allons pouvoir \u00e9tablir un protocole d\u2019intervention.\u00a0L\u2019objectif est de lancer les travaux en 2026, avec une r\u00e9ouverture, nous l\u2019esp\u00e9rons, au cours de la m\u00eame ann\u00e9e.\u00a0\u00bb<\/p>\n<p class=\" wall-content\">Avant l\u2019engagement des travaux de r\u00e9paration des poutres et charpentes, <strong>il faut continuer \u00e0 vider certaines parties du mus\u00e9e, <\/strong>notamment au mus\u00e9e Le-Secq-des-Tournelles (ferronnerie d\u2019art). La M\u00e9tropole, ma\u00eetre d\u2019ouvrage, attend \u00e9galement les prescriptions de l\u2019\u00c9tat. Pour l\u2019heure, pas encore de chiffrage de co\u00fbt pour les travaux.<\/p>\n<p>Votre r\u00e9gion, votre actu !<\/p>\n<p>Recevez chaque jour les infos qui comptent pour vous.<\/p>\n<p>\t<a href=\"https:\/\/actu.fr\/newsletter\" class=\"ac-btn ac-btn--corner ac-btn--medium ac-btn--blue800\" target=\"_blank\" rel=\"noopener\">S&rsquo;incrire<\/a><\/p>\n<p class=\" wall-content\">En attendant, <strong>le jardin reste ouvert aux horaires habituels<\/strong>. Et les personnels qui interviennent au mus\u00e9e sont repositionn\u00e9s au mus\u00e9e des beaux-arts et au mus\u00e9e Le Secq des Tournelles, tous deux situ\u00e9s \u00e0 proximit\u00e9.<\/p>\n<p>Suivez l\u2019actualit\u00e9 de Rouen sur notre <a href=\"https:\/\/www.whatsapp.com\/channel\/0029VaKfnf99hXF2ddApFB1D\" target=\"_blank\" rel=\"noopener\">cha\u00eene WhatsApp<\/a> et sur notre <a href=\"https:\/\/www.tiktok.com\/@76actu.fr?lang=fr\" target=\"_blank\" rel=\"noopener\">compte TikTok<\/a><\/p>\n<p class=\" wall-content\">Personnalisez votre actualit\u00e9 en ajoutant vos villes et m\u00e9dias en favori avec <a href=\"https:\/\/moncompte.actu.fr\" title=\"D\u00e9couvez Mon Actu\" rel=\"nofollow noopener\" data-trk=\"{&quot;cta&quot;:{&quot;action&quot;:&quot;https:\\\/\\\/moncompte.actu.fr&quot;,&quot;category&quot;:&quot;mon compte&quot;,&quot;from&quot;:&quot;article footer&quot;,&quot;name&quot;:&quot;Mon actu&quot;,&quot;type&quot;:&quot;cta&quot;}}\" target=\"_blank\">Mon Actu<\/a>.<\/p>\n<p>                    <script async src=\"\/\/www.tiktok.com\/embed.js\"><\/script><\/p>\n","protected":false},"excerpt":{"rendered":"Par Fabien Massin Publi\u00e9 le 4 oct. 2025 \u00e0 8h20 Le mus\u00e9e de la c\u00e9ramique de Rouen (Seine-Maritime),&hellip;\n","protected":false},"author":2,"featured_media":438004,"comment_status":"","ping_status":"","sticky":false,"template":"","format":"standard","meta":{"footnotes":""},"categories":[9587],"tags":[1111,11,1777,674,1011,27,1652,9725,12,5161,2551,25,9590],"class_list":{"0":"post-438003","1":"post","2":"type-post","3":"status-publish","4":"format-standard","5":"has-post-thumbnail","7":"category-rouen","8":"tag-actu","9":"tag-actualites","10":"tag-eu","11":"tag-europe","12":"tag-fr","13":"tag-france","14":"tag-loisirs-culture","15":"tag-metropole-rouen","16":"tag-news","17":"tag-normandie","18":"tag-patrimoine","19":"tag-republique-francaise","20":"tag-rouen"},"share_on_mastodon":{"url":"https:\/\/pubeurope.com\/@fr\/115314485053693251","error":""},"_links":{"self":[{"href":"https:\/\/www.europesays.com\/fr\/wp-json\/wp\/v2\/posts\/438003","targetHints":{"allow":["GET"]}}],"collection":[{"href":"https:\/\/www.europesays.com\/fr\/wp-json\/wp\/v2\/posts"}],"about":[{"href":"https:\/\/www.europesays.com\/fr\/wp-json\/wp\/v2\/types\/post"}],"author":[{"embeddable":true,"href":"https:\/\/www.europesays.com\/fr\/wp-json\/wp\/v2\/users\/2"}],"replies":[{"embeddable":true,"href":"https:\/\/www.europesays.com\/fr\/wp-json\/wp\/v2\/comments?post=438003"}],"version-history":[{"count":0,"href":"https:\/\/www.europesays.com\/fr\/wp-json\/wp\/v2\/posts\/438003\/revisions"}],"wp:featuredmedia":[{"embeddable":true,"href":"https:\/\/www.europesays.com\/fr\/wp-json\/wp\/v2\/media\/438004"}],"wp:attachment":[{"href":"https:\/\/www.europesays.com\/fr\/wp-json\/wp\/v2\/media?parent=438003"}],"wp:term":[{"taxonomy":"category","embeddable":true,"href":"https:\/\/www.europesays.com\/fr\/wp-json\/wp\/v2\/categories?post=438003"},{"taxonomy":"post_tag","embeddable":true,"href":"https:\/\/www.europesays.com\/fr\/wp-json\/wp\/v2\/tags?post=438003"}],"curies":[{"name":"wp","href":"https:\/\/api.w.org\/{rel}","templated":true}]}}