{"id":438011,"date":"2025-10-04T06:34:16","date_gmt":"2025-10-04T06:34:16","guid":{"rendered":"https:\/\/www.europesays.com\/fr\/438011\/"},"modified":"2025-10-04T06:34:16","modified_gmt":"2025-10-04T06:34:16","slug":"vent-temperatures-records-quel-temps-durant-ce-mois-doctobre-a-strasbourg-les-previsions","status":"publish","type":"post","link":"https:\/\/www.europesays.com\/fr\/438011\/","title":{"rendered":"Vent, temp\u00e9ratures, records\u2026 Quel temps durant ce mois d\u2019octobre \u00e0 Strasbourg ? Les pr\u00e9visions"},"content":{"rendered":"<p>            Par<br \/>\n        <strong><br \/>\n            <a href=\"https:\/\/actu.fr\/auteur\/redaction-strasbourg\" title=\"Consulter tous les articles de R\u00e9daction Strasbourg\" target=\"_blank\" rel=\"noopener\">R\u00e9daction Strasbourg<\/a><br \/>\n        <\/strong><\/p>\n<p>        Publi\u00e9 le<\/p>\n<p>            4 oct. 2025 \u00e0 6h32        <\/p>\n<p>Apr\u00e8s une p\u00e9riode calme et anticyclonique, le temps va redevenir <strong>perturb\u00e9<\/strong> \u00e0 partir de ce vendredi 3 octobre 2025 par le nord-ouest de la France.\u00a0En cause\u00a0? Une <a href=\"https:\/\/actu.fr\/meteo\/elle-est-d-une-puissance-exceptionnelle-la-tempete-amy-attendue-ce-vendredi-quelles-consequences-en-france_63248254.html\" target=\"_blank\" rel=\"noopener\">d\u00e9pression nomm\u00e9e Amy<\/a> par le Met Office britannique qui va se creuser tr\u00e8s rapidement sur <strong>l\u2019Atlantique<\/strong> et circuler au nord des <strong>\u00eeles Britanniques<\/strong>.\u00a0<\/p>\n<p>Pluie et vent de retour<\/p>\n<p class=\" wall-content\">Pluie et vent seront de retour sur le pays sous l\u2019influence des restes de l\u2019<a href=\"https:\/\/actu.fr\/societe\/une-bombe-meteo-l-ouragan-humberto-va-provoquer-une-tempete-majeure-en-europe-ce-week-end_63239341.html\" target=\"_blank\" rel=\"noopener\">ouragan Humberto<\/a>.<\/p>\n<p class=\" wall-content\">Quelle sera la m\u00e9t\u00e9o en octobre 2025 \u00e0 <strong>Strasbourg (Bas-Rhin)\u00a0<\/strong>?<\/p>\n<p class=\" wall-content\">Yann Amice, m\u00e9t\u00e9orologue \u00e0 <strong>Stream4Weather<\/strong>, a compil\u00e9 les mod\u00e8les. Entre douceur automnale et incursions d\u2019instabilit\u00e9, ce mois s\u2019annonce riche en variations climatiques.<\/p>\n<p class=\" wall-content\">En toile de fond, <a href=\"https:\/\/actu.fr\/planete\/climat\/la-nina-de-retour-en-septembre-ce-que-ce-phenomene-climatique-pourrait-changer_63103945.html\" target=\"_blank\" rel=\"noopener\">le ph\u00e9nom\u00e8ne La Ni\u00f1a<\/a> qui se traduit par une diminution de la temp\u00e9rature \u00e0 la surface des eaux de l\u2019est de l\u2019<strong>oc\u00e9an Pacifique<\/strong>, autour de l\u2019\u00e9quateur, et qui a des r\u00e9percussions jusqu\u2019en France.\u00a0<\/p>\n<p>Blocages anticycloniques et perturbations : un mois d\u2019octobre instable<\/p>\n<p class=\" wall-content\">Cette situation accro\u00eet les blocages atmosph\u00e9riques, synonymes de p\u00e9riodes s\u00e8ches et douces en <strong>Europe de l\u2019Ouest<\/strong>, entrecoup\u00e9es d\u2019\u00e9pisodes de temps plus instable. Elle augmente l\u2019amplitude des oscillations atmosph\u00e9riques aux moyennes latitudes.\u00a0<\/p>\n<p>Votre r\u00e9gion, votre actu !<\/p>\n<p>Recevez chaque jour les infos qui comptent pour vous.<\/p>\n<p>\t<a href=\"https:\/\/actu.fr\/newsletter\" class=\"ac-btn ac-btn--corner ac-btn--medium ac-btn--blue800\" target=\"_blank\" rel=\"noopener\">S&rsquo;incrire<\/a><\/p>\n<p class=\" wall-content\">La dynamique plan\u00e9taire montre un <strong>jet-stream<\/strong> (courant d\u2019altitude) plus vigoureux en ce <strong>mois d\u2019octobre<\/strong>, favorisant une alternance de conditions anticycloniques et de perturbations.\u00a0<\/p>\n<p>Octobre d\u00e9bute sous le signe de la douceur et du soleil<\/p>\n<p class=\" wall-content\">Strasbourg devrait ainsi conna\u00eetre des p\u00e9riodes de temps sec et doux, mais aussi des \u00e9pisodes potentiellement pluvieux lorsque ces blocages se dissiperont.<\/p>\n<p class=\" wall-content\">Les premi\u00e8res semaines d\u2019octobre devraient \u00eatre marqu\u00e9es par une influence anticyclonique, apportant des journ\u00e9es ensoleill\u00e9es et douces.\u00a0<\/p>\n<p class=\" wall-content\">Cependant, \u00e0 mesure que le mois avancera, l\u2019instabilit\u00e9 pourrait s\u2019intensifier, estiment les <strong>mod\u00e8les m\u00e9t\u00e9o<\/strong>, notamment vers la fin octobre, avec une variabilit\u00e9 accrue et des risques de pluies plus fr\u00e9quentes.<\/p>\n<p>\u00c0 quoi ressemble habituellement un mois d\u2019octobre \u00e0 Strasbourg\u00a0?<\/p>\n<p class=\" wall-content\">Le mois d\u2019octobre \u00e0 Strasbourg est synonyme de transition entre l\u2019\u00e9t\u00e9 et l\u2019hiver, offrant des <strong>temp\u00e9ratures<\/strong> \u00ab\u00a0agr\u00e9ablement fra\u00eeches\u00a0\u00bb, r\u00e9sume Yann Amice. En moyenne, le mercure affiche 11,5 \u00b0C, avec des maximales autour de 15,8 \u00b0C et des minimales \u00e0 7,2 \u00b0C.<\/p>\n<p class=\" wall-content\">Cependant, octobre peut r\u00e9server des surprises, comme en 2023, o\u00f9 le thermom\u00e8tre a grimp\u00e9 jusqu\u2019\u00e0 31 \u00b0C le 13 octobre, un record pour cette p\u00e9riode. \u00c0 l\u2019inverse, le 31 octobre 1950, le froid s\u2019\u00e9tait abattu sur la ville avec un record de -7,6 \u00b0C.<\/p>\n<p>Un mois souvent pluvieux, peu ensoleill\u00e9 et parfois venteux<\/p>\n<p class=\" wall-content\">Les <strong>pr\u00e9cipitations<\/strong> en octobre sont assez fr\u00e9quentes, avec environ 59,5 millim\u00e8tres de pluie r\u00e9partis sur une dizaine de jours. Ces averses contribuent \u00e0 la sensation d\u2019humidit\u00e9 ambiante, typique de l\u2019<strong>automne<\/strong> alsacien.<\/p>\n<p class=\" wall-content\">L\u2019ensoleillement, quant \u00e0 lui, se limite \u00e0 environ 100,4 heures sur le mois, laissant souvent la place \u00e0 des journ\u00e9es grises et nuageuses.<\/p>\n<p class=\" wall-content\">Le vent, bien que g\u00e9n\u00e9ralement mod\u00e9r\u00e9 \u00e0 9 km\/h, peut parfois se montrer plus capricieux. Les <strong>rafales<\/strong> peuvent atteindre des vitesses impressionnantes, comme ce fut le cas en 2014, avec un record de 117 km\/h le 21 octobre.<\/p>\n<p>Toutes les donn\u00e9es m\u00e9t\u00e9o de Strasbourg en un clic<\/p>\n<p class=\" wall-content\">Pour suivre la m\u00e9t\u00e9o au jour le jour \u00e0 Strasbourg, c\u2019est ici : <a href=\"https:\/\/actu.fr\/meteo\/grand-est\/strasbourg_67482\" target=\"_blank\" rel=\"noopener\">https:\/\/actu.fr\/meteo\/grand-est\/strasbourg_67482<\/a>.<\/p>\n<p class=\" wall-content\">Vous y trouverez, avec les donn\u00e9es compil\u00e9es par\u00a0Stream4Weather,\u00a0les temp\u00e9ratures maximales et minimales les plus extr\u00eames enregistr\u00e9es \u00e0 Strasbourg durant les derni\u00e8res 24 heures, ainsi que les <strong>cumuls de pluie<\/strong> et les plus fortes rafales de vent.<\/p>\n<p class=\" wall-content\">Vous y trouverez aussi ces \u00ab\u00a0moyennes\u00a0\u00bb \u00e0 Strasbourg. La r\u00e9f\u00e9rence de ces indicateurs est calcul\u00e9e sur un historique de 30 ans, sur la p\u00e9riode 1991-2020 : combien a-t-il plu, \u00ab\u00a0en moyenne\u00a0\u00bb, durant ce mois \u00e0 Strasbourg, combien d\u2019heures d\u2019ensoleillement, etc.<\/p>\n<p class=\" wall-content\">Vous trouverez aussi les records (de <strong>chaleur<\/strong>, de <strong>froid<\/strong>, de <strong>pluie<\/strong>, de <strong>vent<\/strong>), cette fois sur une p\u00e9riode actualis\u00e9e au jour le jour, donc sur la p\u00e9riode 1991-2025.<\/p>\n<p class=\" wall-content\">Personnalisez votre actualit\u00e9 en ajoutant vos villes et m\u00e9dias en favori avec <a href=\"https:\/\/moncompte.actu.fr\" title=\"D\u00e9couvez Mon Actu\" rel=\"nofollow noopener\" data-trk=\"{&quot;cta&quot;:{&quot;action&quot;:&quot;https:\\\/\\\/moncompte.actu.fr&quot;,&quot;category&quot;:&quot;mon compte&quot;,&quot;from&quot;:&quot;article footer&quot;,&quot;name&quot;:&quot;Mon actu&quot;,&quot;type&quot;:&quot;cta&quot;}}\" target=\"_blank\">Mon Actu<\/a>.<\/p>\n","protected":false},"excerpt":{"rendered":"Par R\u00e9daction Strasbourg Publi\u00e9 le 4 oct. 2025 \u00e0 6h32 Apr\u00e8s une p\u00e9riode calme et anticyclonique, le temps&hellip;\n","protected":false},"author":2,"featured_media":438012,"comment_status":"","ping_status":"","sticky":false,"template":"","format":"standard","meta":{"footnotes":""},"categories":[2820],"tags":[1111,11,1777,674,1011,27,775,2487,2357,12,4459,25,640],"class_list":{"0":"post-438011","1":"post","2":"type-post","3":"status-publish","4":"format-standard","5":"has-post-thumbnail","7":"category-strasbourg","8":"tag-actu","9":"tag-actualites","10":"tag-eu","11":"tag-europe","12":"tag-fr","13":"tag-france","14":"tag-grand-est","15":"tag-meteo","16":"tag-meteo-france","17":"tag-news","18":"tag-pluie","19":"tag-republique-francaise","20":"tag-strasbourg"},"share_on_mastodon":{"url":"https:\/\/pubeurope.com\/@fr\/115314508883734304","error":""},"_links":{"self":[{"href":"https:\/\/www.europesays.com\/fr\/wp-json\/wp\/v2\/posts\/438011","targetHints":{"allow":["GET"]}}],"collection":[{"href":"https:\/\/www.europesays.com\/fr\/wp-json\/wp\/v2\/posts"}],"about":[{"href":"https:\/\/www.europesays.com\/fr\/wp-json\/wp\/v2\/types\/post"}],"author":[{"embeddable":true,"href":"https:\/\/www.europesays.com\/fr\/wp-json\/wp\/v2\/users\/2"}],"replies":[{"embeddable":true,"href":"https:\/\/www.europesays.com\/fr\/wp-json\/wp\/v2\/comments?post=438011"}],"version-history":[{"count":0,"href":"https:\/\/www.europesays.com\/fr\/wp-json\/wp\/v2\/posts\/438011\/revisions"}],"wp:featuredmedia":[{"embeddable":true,"href":"https:\/\/www.europesays.com\/fr\/wp-json\/wp\/v2\/media\/438012"}],"wp:attachment":[{"href":"https:\/\/www.europesays.com\/fr\/wp-json\/wp\/v2\/media?parent=438011"}],"wp:term":[{"taxonomy":"category","embeddable":true,"href":"https:\/\/www.europesays.com\/fr\/wp-json\/wp\/v2\/categories?post=438011"},{"taxonomy":"post_tag","embeddable":true,"href":"https:\/\/www.europesays.com\/fr\/wp-json\/wp\/v2\/tags?post=438011"}],"curies":[{"name":"wp","href":"https:\/\/api.w.org\/{rel}","templated":true}]}}