{"id":438018,"date":"2025-10-04T06:38:09","date_gmt":"2025-10-04T06:38:09","guid":{"rendered":"https:\/\/www.europesays.com\/fr\/438018\/"},"modified":"2025-10-04T06:38:09","modified_gmt":"2025-10-04T06:38:09","slug":"une-journee-pour-parler-de-la-recherche-autour-de-la-maladie-de-parkinson","status":"publish","type":"post","link":"https:\/\/www.europesays.com\/fr\/438018\/","title":{"rendered":"une journ\u00e9e pour parler de la recherche autour de la maladie de Parkinson"},"content":{"rendered":"<p>            Par<br \/>\n        <strong><br \/>\n            <a href=\"https:\/\/actu.fr\/auteur\/redaction-nantes\" title=\"Consulter tous les articles de R\u00e9daction Nantes\" rel=\"nofollow noopener\" target=\"_blank\">R\u00e9daction Nantes<\/a><br \/>\n        <\/strong><\/p>\n<p>        Publi\u00e9 le<\/p>\n<p>            4 oct. 2025 \u00e0 8h16        <\/p>\n<p>En France, <a href=\"https:\/\/sante.gouv.fr\/soins-et-maladies\/maladies\/maladies-neurodegeneratives\/article\/la-maladie-de-parkinson#:~:text=La%20maladie%20de%20Parkinson%20en%20chiffres&amp;text=On%20compte%20272%20500%20malades,cas%20se%20d%C3%A9clarent%20chaque%20ann%C3%A9e.\" rel=\"nofollow noopener\" target=\"_blank\">272\u2009500\u00a0personnes sont atteintes de la maladie de Parkinson<\/a>. L\u2019association France Parkinson organise la quatri\u00e8me \u00e9dition des journ\u00e9es \u00ab\u2009Parlons Recherche\u2009\u00bb autour de la maladie de Parkinson. Un \u00e9v\u00e9nement est organis\u00e9 \u00e0 la H Arena de Nantes, <strong>samedi 11\u00a0octobre 2025<\/strong>.<\/p>\n<p>Espace d\u00e9couverte et conf\u00e9rence<\/p>\n<p class=\" wall-content\">\u00ab\u2009Chaque journ\u00e9e sera articul\u00e9e autour d\u2019une conf\u00e9rence qui permettra de d\u00e9couvrir les travaux scientifiques financ\u00e9s par l\u2019association et <strong>d\u2019\u00e9changer directement avec les chercheurs<\/strong>. Un espace d\u00e9couverte, propos\u00e9 avant et apr\u00e8s, donnera \u00e0 voir la science autrement gr\u00e2ce \u00e0 un parcours ludique et interactif\u2009\u00bb, explique France Parkinson dans un communiqu\u00e9.<\/p>\n<p class=\" wall-content\">\u00c0 Nantes, l\u2019espace d\u00e9couverte sera accessible entre 13\u2009h\u200930-14\u2009h\u200930 et 16\u2009h\u200930-17\u2009h\u200930. Une conf\u00e9rence sera organis\u00e9e entre 14h30 et 16h30. \u00ab\u2009Un \u00e9clairage scientifique\u2009\u00bb sera pr\u00e9sent\u00e9 tout au long de la journ\u00e9e.<\/p>\n<p class=\" wall-content\">Les <a href=\"https:\/\/www.parlonsrecherche.fr\/\" rel=\"nofollow noopener\" target=\"_blank\">inscriptions pour participer \u00e0 cette journ\u00e9e sont ouvertes.<\/a><\/p>\n<p class=\" wall-content\">Personnalisez votre actualit\u00e9 en ajoutant vos villes et m\u00e9dias en favori avec <a href=\"https:\/\/moncompte.actu.fr\" title=\"D\u00e9couvez Mon Actu\" rel=\"nofollow noopener\" data-trk=\"{&quot;cta&quot;:{&quot;action&quot;:&quot;https:\\\/\\\/moncompte.actu.fr&quot;,&quot;category&quot;:&quot;mon compte&quot;,&quot;from&quot;:&quot;article footer&quot;,&quot;name&quot;:&quot;Mon actu&quot;,&quot;type&quot;:&quot;cta&quot;}}\" target=\"_blank\">Mon Actu<\/a>.<\/p>\n","protected":false},"excerpt":{"rendered":"Par R\u00e9daction Nantes Publi\u00e9 le 4 oct. 2025 \u00e0 8h16 En France, 272\u2009500\u00a0personnes sont atteintes de la maladie&hellip;\n","protected":false},"author":2,"featured_media":438019,"comment_status":"","ping_status":"","sticky":false,"template":"","format":"standard","meta":{"footnotes":""},"categories":[2818],"tags":[1111,11,1777,674,1011,27,226,766,12,2636,25,71,104],"class_list":{"0":"post-438018","1":"post","2":"type-post","3":"status-publish","4":"format-standard","5":"has-post-thumbnail","7":"category-nantes","8":"tag-actu","9":"tag-actualites","10":"tag-eu","11":"tag-europe","12":"tag-fr","13":"tag-france","14":"tag-maladie","15":"tag-nantes","16":"tag-news","17":"tag-pays-de-la-loire","18":"tag-republique-francaise","19":"tag-sante","20":"tag-societe"},"share_on_mastodon":{"url":"https:\/\/pubeurope.com\/@fr\/115314524426395620","error":""},"_links":{"self":[{"href":"https:\/\/www.europesays.com\/fr\/wp-json\/wp\/v2\/posts\/438018","targetHints":{"allow":["GET"]}}],"collection":[{"href":"https:\/\/www.europesays.com\/fr\/wp-json\/wp\/v2\/posts"}],"about":[{"href":"https:\/\/www.europesays.com\/fr\/wp-json\/wp\/v2\/types\/post"}],"author":[{"embeddable":true,"href":"https:\/\/www.europesays.com\/fr\/wp-json\/wp\/v2\/users\/2"}],"replies":[{"embeddable":true,"href":"https:\/\/www.europesays.com\/fr\/wp-json\/wp\/v2\/comments?post=438018"}],"version-history":[{"count":0,"href":"https:\/\/www.europesays.com\/fr\/wp-json\/wp\/v2\/posts\/438018\/revisions"}],"wp:featuredmedia":[{"embeddable":true,"href":"https:\/\/www.europesays.com\/fr\/wp-json\/wp\/v2\/media\/438019"}],"wp:attachment":[{"href":"https:\/\/www.europesays.com\/fr\/wp-json\/wp\/v2\/media?parent=438018"}],"wp:term":[{"taxonomy":"category","embeddable":true,"href":"https:\/\/www.europesays.com\/fr\/wp-json\/wp\/v2\/categories?post=438018"},{"taxonomy":"post_tag","embeddable":true,"href":"https:\/\/www.europesays.com\/fr\/wp-json\/wp\/v2\/tags?post=438018"}],"curies":[{"name":"wp","href":"https:\/\/api.w.org\/{rel}","templated":true}]}}