{"id":438026,"date":"2025-10-04T06:43:11","date_gmt":"2025-10-04T06:43:11","guid":{"rendered":"https:\/\/www.europesays.com\/fr\/438026\/"},"modified":"2025-10-04T06:43:11","modified_gmt":"2025-10-04T06:43:11","slug":"en-reduisant-la-duree-du-festival-on-peut-retablir-les-aperos-concerts-cinespana-retrouve-lambiance-festive-de-ses-soirees-musicales","status":"publish","type":"post","link":"https:\/\/www.europesays.com\/fr\/438026\/","title":{"rendered":"\u00ab\u00a0En r\u00e9duisant la dur\u00e9e du festival, on peut r\u00e9tablir les ap\u00e9ros-concerts\u00a0\u00bb\u00a0: Cinespa\u00f1a retrouve l\u2019ambiance festive de ses soir\u00e9es musicales"},"content":{"rendered":"<p>\n                                                                    l&rsquo;essentiel<br \/>\n                                                                Le festival de cin\u00e9ma espagnol et portugais se d\u00e9roulera \u00e0 Toulouse du 6 au 12\u00a0octobre. Cette 30e \u00e9dition marque le retour du Village de Cinespa\u00f1a et des ap\u00e9ros-concerts dans la cour de l\u2019Ensav.\n                            <\/p>\n<p>Restrictions budg\u00e9taires oblige, <a href=\"https:\/\/www.cinespagnol.com\/\" target=\"_blank\" rel=\"noopener\">Cinespa\u00f1a<\/a> n\u2019avait pas pu installer\u00a0son Village, l\u2019an dernier, compte-tenu des coups suppl\u00e9mentaires engendr\u00e9s par les am\u00e9nagements de la cour de l\u2019Ensav, durant les travaux de la Cin\u00e9math\u00e8que. Le festival de cin\u00e9ma espagnol et portugais n\u2019a pas davantage de subventions cette ann\u00e9e mais ses organisateurs\u00a0ont d\u00e9cid\u00e9 de raccourcir l\u2019\u00e9v\u00e9nement pour pouvoir renouer avec l\u2019ambiance festival et musicale de son Village.<\/p>\n<p class=\"std-elt__inline\">\n        <strong>\u00c0 lire aussi :<\/strong><br \/>\n        <a href=\"https:\/\/www.ladepeche.fr\/2025\/09\/19\/rossy-de-palma-a-toulouse-licone-du-cinema-espagnol-sera-linvitee-dhonneur-de-cinespana-et-lartiste-associee-du-nouveau-printemps-2026-12937653.php\" target=\"_blank\" rel=\"noopener\">Rossy de Palma \u00e0 Toulouse\u00a0: l\u2019ic\u00f4ne du cin\u00e9ma espagnol sera l\u2019invit\u00e9e d\u2019honneur de Cinespa\u00f1a et l\u2019artiste associ\u00e9e du Nouveau Printemps 2026<\/a>\n    <\/p>\n<p>\u00ab\u00a0La baisse des financements publics nous oblige \u00e0 passer de dix\u00a0\u00e0 sept jours de festival\u00a0\u00bb, d\u00e9plorent Alba Paz Roig et Lo\u00efc Diaz Ronda, codirecteurs de Cinespa\u00f1a qui se d\u00e9roulera du 6 au 12\u00a0octobre \u00e0 Toulouse et du 1er\u00a0au 31\u00a0octobre en Occitanie.\u00a0\u00ab\u00a0En r\u00e9duisant la dur\u00e9e du festival, on peut r\u00e9tablir le Village pour l\u2019accueil et les ap\u00e9ros-concerts. Cela aura lieu dans la cour de l\u2019Ensav, rue du Taur, du mardi au samedi\u00a0\u00bb.<\/p>\n<p>Cinq ap\u00e9ros-concerts<\/p>\n<p>D\u00e8s mardi 7\u00a0octobre, les festivit\u00e9s commenceront par la fanfare La M\u00e9canique des cuivres \u00e0 19\u00a0h\u00a030. Les autres ap\u00e9ros-concerts auront lieu, chaque soir, \u00e0 19\u00a0h. Mercredi, Las Aldenas feront r\u00e9sonner leurs chants et percussions ib\u00e9riques. Jeudi, place au groupe psychotropical Los Guayabo Brothers. Vendredi, Irina Gonzalez proposera son jazz afrolatino. Samedi, la soir\u00e9e musicale\u00a0d\u00e9butera avec Fara Nazwa et sa musique de la M\u00e9diterran\u00e9e alors qu\u2019\u00e0 21\u00a0h, Le Chique entrera en sc\u00e8ne pour une fantaisie disco. Tapas et sangria \u00e0 d\u00e9guster sur place.<\/p>\n<p>La f\u00eate \u00e0 Rossy de Palma<\/p>\n<p>Une ambiance festive qui ne sera pas pour\u00a0d\u00e9plaire \u00e0 Rossy de Palma \u00e0 qui Cinespa\u00f1a remettra\u00a0une\u00a0Violette d\u2019honneur pour l\u2019ensemble de son \u0153uvre. L\u2019ic\u00f4ne du cin\u00e9ma espagnol, r\u00e9v\u00e9l\u00e9e par Pedro Almodovar dans \u00ab\u00a0La Loi du d\u00e9sir\u00a0\u00bb en 1987, sera \u00e0 Toulouse mercredi 8\u00a0octobre. Une rencontre avec le public est pr\u00e9vue \u00e0 20\u00a0h au cin\u00e9ma Path\u00e9 Wilson. L\u2019entr\u00e9e est libre dans la limite des places disponibles.<\/p>\n<p class=\"std-elt__inline\">\n        <strong>\u00c0 lire aussi :<\/strong><br \/>\n        <a href=\"https:\/\/www.ladepeche.fr\/2025\/09\/01\/cinema-atypique-dans-lequel-on-voit-etudie-et-fabrique-des-films-la-foret-electrique-se-projette-dans-les-futurs-a-toulouse-12899544.php\" target=\"_blank\" rel=\"noopener\">\u00ab\u00a0Cin\u00e9ma atypique dans lequel on voit, \u00e9tudie et fabrique des\u00a0films\u00a0\u00bb, la For\u00eat \u00e9lectrique se projette dans les \u00ab\u00a0Futurs\u00a0\u00bb \u00e0 Toulouse<\/a>\n    <\/p>\n<p>Rossy de Palma en profitera pour pr\u00e9senter son nouveau film \u00ab\u00a0Dia de caza\u00a0\u00bb (\u00ab\u00a0Jour de chasse\u00a0\u00bb) de Pedro Aguilera, une version contemporaine de \u00ab\u00a0La Chasse\u00a0\u00bb de Carlos Saura, sorti en 1966. Toulouse projettera le film en avant-premi\u00e8re internationale, au Path\u00e9 Wilson, mercredi 8\u00a0octobre, \u00e0 21\u00a0h\u00a030, en sa pr\u00e9sence, et vendredi 10\u00a0octobre \u00e0 15\u00a0h\u00a030. Pour la carte blanche qui lui est propos\u00e9e, Rossy de Palma a souhait\u00e9 que soit montr\u00e9 le film \u00ab\u00a0Carmen\u00a0\u00bb de Benjamin Millepied dans lequel elle joue aux c\u00f4t\u00e9s de Melissa Barrera et Paul Mescal. Les projections auront lieu toujours au Path\u00e9 Wilson, mercredi 8\u00a0octobre \u00e0 17\u00a0h\u00a030 et vendredi\u00a010 \u00e0 19\u00a0h.<\/p>\n<p>Que la f\u00eate commence\u00a0!<\/p>\n<p>Du 6 au 12\u00a0octobre dans les cin\u00e9mas toulousains\u00a0: Path\u00e9 Wilson, ABC, Le Crat\u00e8re, l\u2019American Cosmograph\u00a0mais aussi \u00e0 l\u2019Ensav et \u00e0 l\u2019Institut Cervantes, au mus\u00e9e de la R\u00e9sistance, \u00e0 la For\u00eat \u00e9lectrique, \u00e0 la m\u00e9diath\u00e8que et \u00e0 Ombres Blanches. www.cinespagnol.com<\/p>\n","protected":false},"excerpt":{"rendered":"l&rsquo;essentiel Le festival de cin\u00e9ma espagnol et portugais se d\u00e9roulera \u00e0 Toulouse du 6 au 12\u00a0octobre. Cette 30e&hellip;\n","protected":false},"author":2,"featured_media":438027,"comment_status":"","ping_status":"","sticky":false,"template":"","format":"standard","meta":{"footnotes":""},"categories":[2816],"tags":[1111,11,1777,674,1011,27,12,2680,25,2312],"class_list":{"0":"post-438026","1":"post","2":"type-post","3":"status-publish","4":"format-standard","5":"has-post-thumbnail","7":"category-toulouse","8":"tag-actu","9":"tag-actualites","10":"tag-eu","11":"tag-europe","12":"tag-fr","13":"tag-france","14":"tag-news","15":"tag-occitanie","16":"tag-republique-francaise","17":"tag-toulouse"},"share_on_mastodon":{"url":"https:\/\/pubeurope.com\/@fr\/115314544069620220","error":""},"_links":{"self":[{"href":"https:\/\/www.europesays.com\/fr\/wp-json\/wp\/v2\/posts\/438026","targetHints":{"allow":["GET"]}}],"collection":[{"href":"https:\/\/www.europesays.com\/fr\/wp-json\/wp\/v2\/posts"}],"about":[{"href":"https:\/\/www.europesays.com\/fr\/wp-json\/wp\/v2\/types\/post"}],"author":[{"embeddable":true,"href":"https:\/\/www.europesays.com\/fr\/wp-json\/wp\/v2\/users\/2"}],"replies":[{"embeddable":true,"href":"https:\/\/www.europesays.com\/fr\/wp-json\/wp\/v2\/comments?post=438026"}],"version-history":[{"count":0,"href":"https:\/\/www.europesays.com\/fr\/wp-json\/wp\/v2\/posts\/438026\/revisions"}],"wp:featuredmedia":[{"embeddable":true,"href":"https:\/\/www.europesays.com\/fr\/wp-json\/wp\/v2\/media\/438027"}],"wp:attachment":[{"href":"https:\/\/www.europesays.com\/fr\/wp-json\/wp\/v2\/media?parent=438026"}],"wp:term":[{"taxonomy":"category","embeddable":true,"href":"https:\/\/www.europesays.com\/fr\/wp-json\/wp\/v2\/categories?post=438026"},{"taxonomy":"post_tag","embeddable":true,"href":"https:\/\/www.europesays.com\/fr\/wp-json\/wp\/v2\/tags?post=438026"}],"curies":[{"name":"wp","href":"https:\/\/api.w.org\/{rel}","templated":true}]}}