{"id":438030,"date":"2025-10-04T06:45:11","date_gmt":"2025-10-04T06:45:11","guid":{"rendered":"https:\/\/www.europesays.com\/fr\/438030\/"},"modified":"2025-10-04T06:45:11","modified_gmt":"2025-10-04T06:45:11","slug":"vent-froid-pluie-records-en-octobre-quelle-meteo-a-lille-ce-que-disent-les-modeles","status":"publish","type":"post","link":"https:\/\/www.europesays.com\/fr\/438030\/","title":{"rendered":"Vent, froid, pluie, records\u2026. En octobre, quelle m\u00e9t\u00e9o \u00e0 Lille ? Ce que disent les mod\u00e8les"},"content":{"rendered":"<p>            Par<br \/>\n        <strong><br \/>\n            <a href=\"https:\/\/actu.fr\/auteur\/redaction-lille\" title=\"Consulter tous les articles de R\u00e9daction Lille\" rel=\"nofollow noopener\" target=\"_blank\">R\u00e9daction Lille<\/a><br \/>\n        <\/strong><\/p>\n<p>        Publi\u00e9 le<\/p>\n<p>            4 oct. 2025 \u00e0 6h07        <\/p>\n<p>Apr\u00e8s une semaine anticyclonique, les <a href=\"https:\/\/actu.fr\/societe\/la-tempete-amy-va-sabattre-le-nord-et-le-pas-de-calais-places-en-vigilance-face-aux-vents-violents_63249690.html\" rel=\"nofollow noopener\" target=\"_blank\">conditions m\u00e9t\u00e9o vont fortement se d\u00e9grader<\/a> ce week-end des samedi 4 octobre et dimanche 5 octobre 2025. Ce n\u2019est plus v\u00e9ritablement <a href=\"https:\/\/actu.fr\/meteo\/rafales-de-vent-et-retour-de-la-pluie-le-nord-pas-de-calais-sous-leffet-de-lex-ouragan-humberto_63238700.html\" rel=\"nofollow noopener\" target=\"_blank\">l\u2019ex-ouragan Humberto<\/a> qui menace l\u2019Europe de l\u2019ouest, mais une <a href=\"https:\/\/actu.fr\/meteo\/elle-est-d-une-puissance-exceptionnelle-la-tempete-amy-attendue-ce-vendredi-quelles-consequences-en-france_63248254.html\" rel=\"nofollow noopener\" target=\"_blank\">profonde d\u00e9pression, baptis\u00e9e Amy<\/a>, reprise par un courant-jet (du vent d\u2019altitude) tr\u00e8s actif. <b>Pluie et vent seront de retour<\/b> sur le pays, et <a href=\"https:\/\/actu.fr\/hauts-de-france\/lille_59350\" rel=\"nofollow noopener\" target=\"_blank\">Lille<\/a> (Nord) ne sera pas \u00e9pargn\u00e9e. <b>Quel sera le temps les jours suivants et durant ce mois d\u2019octobre 2025<\/b>\u00a0dans la capitale des Flandres ? <b>Yann Amice, m\u00e9t\u00e9orologue pour Stream4Weather<\/b>, a compil\u00e9 les donn\u00e9es des mod\u00e8les m\u00e9t\u00e9o.<\/p>\n<p>M\u00e9t\u00e9o : quel sera le temps \u00e0 Lille au mois d\u2019octobre ?<\/p>\n<p class=\" wall-content\">Pour la r\u00e9gion de Lille, les pr\u00e9visions indiquent une <b>certaine instabilit\u00e9 en ce mois d\u2019octobre 2025<\/b>. La premi\u00e8re partie du mois sera influenc\u00e9e par les restes du cyclone Humberto et sera marqu\u00e9e par un temps perturb\u00e9 avec du <b>vent soutenu et des averses fr\u00e9quentes<\/b>. Toutefois, \u00e0 partir de la mi-octobre, une <b>transition vers un r\u00e9gime anticyclonique<\/b> est attendue, apportant un <b>temps plus sec et doux<\/b>.<\/p>\n<p class=\" wall-content\">C\u2019est un <b>temps plus chaud<\/b>\u00a0que la moyenne qui se dessine d\u2019ailleurs sur l\u2019ensemble de la France en octobre\u00a0: le nord-ouest du pays (<a href=\"https:\/\/actu.fr\/bretagne\/\" rel=\"nofollow noopener\" target=\"_blank\">Bretagne<\/a>, <a href=\"https:\/\/actu.fr\/normandie\/\" rel=\"nofollow noopener\" target=\"_blank\">Normandie<\/a> et <a href=\"https:\/\/actu.fr\/hauts-de-france\/\" rel=\"nofollow noopener\" target=\"_blank\">Hauts-de-France<\/a>), ainsi que le sud-est, sont les zones o\u00f9 la probabilit\u00e9 de conna\u00eetre un temps plus chaud que la normale est la plus forte.<\/p>\n<p class=\" wall-content\">Et vers la fin du mois d\u2019octobre, les Lillois pourraient conna\u00eetre une reprise de la variabilit\u00e9 avec des s\u00e9quences humides et venteuses, typiques de la saison automnale.<\/p>\n<p class=\" wall-content\">\u00c0 l\u2019\u00e9chelle plus large, le <b>mois d\u2019octobre 2025 s\u2019annonce contrast\u00e9 en Europe de l\u2019ouest<\/b>. Un climat notamment influenc\u00e9 par La Ni\u00f1a qui se traduit par une diminution de la temp\u00e9rature \u00e0 la surface des eaux de l\u2019est de l\u2019oc\u00e9an Pacifique, autour de l\u2019\u00e9quateur, et qui aura des r\u00e9percussions\u00a0indirectes ou diffuses\u00a0jusqu\u2019en France car\u00a0elle <b>augmente l\u2019amplitude des oscillations atmosph\u00e9riques<\/b> aux moyennes latitudes. Un ph\u00e9nom\u00e8ne qui devrait favoriser des r\u00e9gimes de blocage et ainsi des <b>p\u00e9riodes s\u00e8ches et douces, interrompues par des \u00e9pisodes de temps instable<\/b>.<\/p>\n<p>C\u2019est quoi un mois d\u2019octobre \u00ab\u00a0normal\u00a0\u00bb \u00e0 Lille ?<\/p>\n<p class=\" wall-content\">Octobre \u00e0 Lille est <b>traditionnellement un mois de transition<\/b>, o\u00f9 l\u2019on commence \u00e0 sentir l\u2019<b>arriv\u00e9e des premiers froids de l\u2019hiver<\/b>. En moyenne, la temp\u00e9rature se situe autour de 11,9 \u00b0C, avec des maximales atteignant souvent 15,4 \u00b0C et des minimales descendant \u00e0 8,4 \u00b0C. Cependant, les extr\u00eames ne sont pas rares : en 2011, le mercure a grimp\u00e9 jusqu\u2019\u00e0 27,8 \u00b0C le 1er octobre, tandis qu\u2019en 1950, il a chut\u00e9 \u00e0 -4,4 \u00b0C le 28 octobre.<\/p>\n<p>Votre r\u00e9gion, votre actu !<\/p>\n<p>Recevez chaque jour les infos qui comptent pour vous.<\/p>\n<p>\t<a href=\"https:\/\/actu.fr\/newsletter\" class=\"ac-btn ac-btn--corner ac-btn--medium ac-btn--blue800\" rel=\"nofollow noopener\" target=\"_blank\">S&rsquo;incrire<\/a><\/p>\n<p class=\" wall-content\">Les <b>pr\u00e9cipitations sont fr\u00e9quentes<\/b>, totalisant en moyenne 64,1 millim\u00e8tres sur le mois, r\u00e9parties sur environ 11 jours de pluie. L\u2019ensoleillement, quant \u00e0 lui, est limit\u00e9 \u00e0 115,3 heures, ce qui est typique pour cette p\u00e9riode de l\u2019ann\u00e9e dans le nord de la France. Le <b>vent, habituellement mod\u00e9r\u00e9 \u00e0 15 km\/h, peut parfois se renforcer<\/b>, comme ce fut le cas le 27 octobre 2002, lorsqu\u2019une rafale a atteint 122 km\/h.<\/p>\n<p class=\" wall-content\">Pour suivre la m\u00e9t\u00e9o au jour le jour \u00e0 Lille, c\u2019est ici\u00a0:\u00a0<a href=\"https:\/\/actu.fr\/meteo\/hauts-de-france\/lille_59350\" rel=\"nofollow noopener\" target=\"_blank\">https:\/\/actu.fr\/meteo\/hauts-de-france\/lille_59350<\/a><\/p>\n<p class=\" wall-content\">Vous y trouverez, avec les donn\u00e9es compil\u00e9es par\u00a0Stream4Weather,\u00a0les temp\u00e9ratures maximales et minimales les plus extr\u00eames enregistr\u00e9es \u00e0 Lille durant les derni\u00e8res 24 heures, ainsi que les cumuls de pluie et les plus fortes rafales de vent.<\/p>\n<p class=\" wall-content\">Vous y trouverez aussi ces \u00ab\u00a0moyennes\u00a0\u00bb \u00e0 Lille. La <b>r\u00e9f\u00e9rence de ces indicateurs est calcul\u00e9e sur un historique de 30 ans<\/b>, sur la p\u00e9riode 1991-2020 : combien a-t-il plu, \u00a0\u00bb en moyenne \u00ab\u00a0, durant ce mois \u00e0 Lille, combien d\u2019heures d\u2019ensoleillement, etc.<\/p>\n<p class=\" wall-content\">Vous trouverez enfin les records (de chaleur, de froid, de pluie, de vent), cette fois sur une p\u00e9riode actualis\u00e9e au jour le jour, donc sur la p\u00e9riode 1991-2025.<\/p>\n<p class=\" wall-content\">Personnalisez votre actualit\u00e9 en ajoutant vos villes et m\u00e9dias en favori avec <a href=\"https:\/\/moncompte.actu.fr\" title=\"D\u00e9couvez Mon Actu\" rel=\"nofollow noopener\" data-trk=\"{&quot;cta&quot;:{&quot;action&quot;:&quot;https:\\\/\\\/moncompte.actu.fr&quot;,&quot;category&quot;:&quot;mon compte&quot;,&quot;from&quot;:&quot;article footer&quot;,&quot;name&quot;:&quot;Mon actu&quot;,&quot;type&quot;:&quot;cta&quot;}}\" target=\"_blank\">Mon Actu<\/a>.<\/p>\n","protected":false},"excerpt":{"rendered":"Par R\u00e9daction Lille Publi\u00e9 le 4 oct. 2025 \u00e0 6h07 Apr\u00e8s une semaine anticyclonique, les conditions m\u00e9t\u00e9o vont&hellip;\n","protected":false},"author":2,"featured_media":438031,"comment_status":"","ping_status":"","sticky":false,"template":"","format":"standard","meta":{"footnotes":""},"categories":[2815],"tags":[1111,11,1777,674,1011,27,811,1307,2357,12,25,104],"class_list":{"0":"post-438030","1":"post","2":"type-post","3":"status-publish","4":"format-standard","5":"has-post-thumbnail","7":"category-lille","8":"tag-actu","9":"tag-actualites","10":"tag-eu","11":"tag-europe","12":"tag-fr","13":"tag-france","14":"tag-hauts-de-france","15":"tag-lille","16":"tag-meteo-france","17":"tag-news","18":"tag-republique-francaise","19":"tag-societe"},"share_on_mastodon":{"url":"https:\/\/pubeurope.com\/@fr\/115314552005026401","error":""},"_links":{"self":[{"href":"https:\/\/www.europesays.com\/fr\/wp-json\/wp\/v2\/posts\/438030","targetHints":{"allow":["GET"]}}],"collection":[{"href":"https:\/\/www.europesays.com\/fr\/wp-json\/wp\/v2\/posts"}],"about":[{"href":"https:\/\/www.europesays.com\/fr\/wp-json\/wp\/v2\/types\/post"}],"author":[{"embeddable":true,"href":"https:\/\/www.europesays.com\/fr\/wp-json\/wp\/v2\/users\/2"}],"replies":[{"embeddable":true,"href":"https:\/\/www.europesays.com\/fr\/wp-json\/wp\/v2\/comments?post=438030"}],"version-history":[{"count":0,"href":"https:\/\/www.europesays.com\/fr\/wp-json\/wp\/v2\/posts\/438030\/revisions"}],"wp:featuredmedia":[{"embeddable":true,"href":"https:\/\/www.europesays.com\/fr\/wp-json\/wp\/v2\/media\/438031"}],"wp:attachment":[{"href":"https:\/\/www.europesays.com\/fr\/wp-json\/wp\/v2\/media?parent=438030"}],"wp:term":[{"taxonomy":"category","embeddable":true,"href":"https:\/\/www.europesays.com\/fr\/wp-json\/wp\/v2\/categories?post=438030"},{"taxonomy":"post_tag","embeddable":true,"href":"https:\/\/www.europesays.com\/fr\/wp-json\/wp\/v2\/tags?post=438030"}],"curies":[{"name":"wp","href":"https:\/\/api.w.org\/{rel}","templated":true}]}}