{"id":438032,"date":"2025-10-04T06:46:17","date_gmt":"2025-10-04T06:46:17","guid":{"rendered":"https:\/\/www.europesays.com\/fr\/438032\/"},"modified":"2025-10-04T06:46:17","modified_gmt":"2025-10-04T06:46:17","slug":"previsions-du-samedi-4-octobre-2025-12","status":"publish","type":"post","link":"https:\/\/www.europesays.com\/fr\/438032\/","title":{"rendered":"pr\u00e9visions du samedi 4 octobre 2025"},"content":{"rendered":"<p class=\"mb-4 text-lg md:leading-8 break-words\"><strong>M\u00e9t\u00e9o &#8211; Aujourd&rsquo;hui, des nuages feront leur apparition. Il faudra anticiper des perturbations, les Lillois se retrouveront sous des pluies \u00e9parses. Les temp\u00e9ratures seront de 14\u00b0C tout au long de la journ\u00e9e&#8230;<\/strong><\/p>\n<p class=\"mb-4 text-lg md:leading-8 break-words\">\u00c0 Lille, le ciel va peu \u00e0 peu s&rsquo;obscurcir durant la journ\u00e9e avec l&rsquo;apparition de nuages. Du mauvais temps est \u00e0 pr\u00e9voir. Des pluies \u00e9parses vont tomber. Le thermom\u00e8tre affichera 14\u00b0C en moyenne. Un vent d&rsquo;ouest, enregistrant 33 km\/h, soufflera. Le matin, on pr\u00e9voit des temp\u00e9ratures avoisinant 14\u00b0C. Toujours de la grisaille l&rsquo;apr\u00e8s-midi. Les nuages vont stationner. Les valeurs afficheront entre 12 et 15\u00b0C. On pr\u00e9voit des \u00e9claircies pour cette soir\u00e9e. Il va faire environ 12\u00b0C. Pour les adeptes d&rsquo;astronomie, sachez que la nuit sera claire.<\/p>\n<p class=\"mb-4 text-lg md:leading-8 break-words\">Demain, c&rsquo;est sur un ciel couvert de nuages qu&rsquo;il faudra compter \u00e0 Lille. Il fera 14\u00b0C en moyenne. Un vent d&rsquo;ouest soufflera \u00e0 24 km\/h. D&rsquo;un autre c\u00f4t\u00e9, des \u00e9claircies feront leur apparition dans la matin\u00e9e. Les temp\u00e9ratures avoisineront les 13\u00b0C. Demain apr\u00e8s-midi, le soleil risque d&rsquo;\u00eatre masqu\u00e9 par des nuages. Des pluies \u00e9parses tomberont. Les valeurs s&rsquo;\u00e9chelonneront entre 13 et 16\u00b0C. La grisaille ne se disperse toujours pas, il va y avoir encore des nuages demain soir. Des pluies \u00e9parses sont attendues. Les temp\u00e9ratures seront comprises entre 13\u00b0C et 14\u00b0C.<\/p>\n<p class=\"mb-4 text-lg md:leading-8 break-words\">Une am\u00e9lioration est pr\u00e9vue les jours qui suivent. Le temps sera ensoleill\u00e9 avec des temp\u00e9ratures autour de 16\u00b0C.<\/p>\n<p class=\"mb-4 text-lg md:leading-8 break-words\"><a href=\"https:\/\/www.20minutes.fr\/planete\/previsions-meteo\/4177109-20251004-meteo-lille-previsions-samedi-4-octobre-2025?at_medium=RSS%20feed&amp;at_campaign=ynews&amp;utm_source=yahoo&amp;utm_medium=rss&amp;utm_campaign=news_feed&amp;utm_content=read_more_link&quot;\" rel=\"nofollow noopener\" target=\"_blank\" data-ylk=\"slk:Lire la suite sur 20minutes;elm:context_link;itc:0;sec:content-canvas\" class=\"link \">Lire la suite sur 20minutes<\/a><\/p>\n","protected":false},"excerpt":{"rendered":"M\u00e9t\u00e9o &#8211; Aujourd&rsquo;hui, des nuages feront leur apparition. Il faudra anticiper des perturbations, les Lillois se retrouveront sous&hellip;\n","protected":false},"author":2,"featured_media":438033,"comment_status":"","ping_status":"","sticky":false,"template":"","format":"standard","meta":{"footnotes":""},"categories":[2815],"tags":[1111,11,1777,674,1011,27,811,1307,2487,12,25,55605],"class_list":{"0":"post-438032","1":"post","2":"type-post","3":"status-publish","4":"format-standard","5":"has-post-thumbnail","7":"category-lille","8":"tag-actu","9":"tag-actualites","10":"tag-eu","11":"tag-europe","12":"tag-fr","13":"tag-france","14":"tag-hauts-de-france","15":"tag-lille","16":"tag-meteo","17":"tag-news","18":"tag-republique-francaise","19":"tag-vent-douest"},"share_on_mastodon":{"url":"https:\/\/pubeurope.com\/@fr\/115314555898953162","error":""},"_links":{"self":[{"href":"https:\/\/www.europesays.com\/fr\/wp-json\/wp\/v2\/posts\/438032","targetHints":{"allow":["GET"]}}],"collection":[{"href":"https:\/\/www.europesays.com\/fr\/wp-json\/wp\/v2\/posts"}],"about":[{"href":"https:\/\/www.europesays.com\/fr\/wp-json\/wp\/v2\/types\/post"}],"author":[{"embeddable":true,"href":"https:\/\/www.europesays.com\/fr\/wp-json\/wp\/v2\/users\/2"}],"replies":[{"embeddable":true,"href":"https:\/\/www.europesays.com\/fr\/wp-json\/wp\/v2\/comments?post=438032"}],"version-history":[{"count":0,"href":"https:\/\/www.europesays.com\/fr\/wp-json\/wp\/v2\/posts\/438032\/revisions"}],"wp:featuredmedia":[{"embeddable":true,"href":"https:\/\/www.europesays.com\/fr\/wp-json\/wp\/v2\/media\/438033"}],"wp:attachment":[{"href":"https:\/\/www.europesays.com\/fr\/wp-json\/wp\/v2\/media?parent=438032"}],"wp:term":[{"taxonomy":"category","embeddable":true,"href":"https:\/\/www.europesays.com\/fr\/wp-json\/wp\/v2\/categories?post=438032"},{"taxonomy":"post_tag","embeddable":true,"href":"https:\/\/www.europesays.com\/fr\/wp-json\/wp\/v2\/tags?post=438032"}],"curies":[{"name":"wp","href":"https:\/\/api.w.org\/{rel}","templated":true}]}}