{"id":438038,"date":"2025-10-04T06:49:12","date_gmt":"2025-10-04T06:49:12","guid":{"rendered":"https:\/\/www.europesays.com\/fr\/438038\/"},"modified":"2025-10-04T06:49:12","modified_gmt":"2025-10-04T06:49:12","slug":"les-inegalites-saggravent-alerte-medecins-du-monde","status":"publish","type":"post","link":"https:\/\/www.europesays.com\/fr\/438038\/","title":{"rendered":"\u00ab\u00a0Les in\u00e9galit\u00e9s s\u2019aggravent\u00a0\u00bb alerte M\u00e9decins du monde"},"content":{"rendered":"<p>Dans son Observatoire de l\u2019acc\u00e8s aux droits et aux soins 2025, M\u00e9decins du monde constate que \u00ab\u00a0les in\u00e9galit\u00e9s demeurent, voire s\u2019aggravent, et appelle \u00e0 l\u2019instauration d\u2019une couverture maladie vraiment universelle\u00a0\u00bb alors que la S\u00e9curit\u00e9 sociale c\u00e9l\u00e8bre ses 80 ans.<\/p>\n<p>En Auvergne Rh\u00f4ne-Alpes, l\u2019association a accueilli, en 2024, dans ses centres de sant\u00e9 de Lyon et Grenoble, 2\u00a0248 personnes pour 2\u00a0372 consultations m\u00e9dicales, 1\u00a0542 consultations infirmi\u00e8res ou de pr\u00e9vention. Parmi ces personnes\u00a0: plus d\u20191\/3<a href=\"https:\/\/www.leprogres.fr\/social\/2025\/02\/02\/trop-de-sans-abri-il-y-aurait-700-personnes-de-plus-a-la-rue-si-on-n-avait-pas-agi-a-villeurbanne\" target=\"_blank\" rel=\"nofollow noopener\"> vivaient \u00e0 la rue<\/a>. \u00c0 Lyon, 40\u00a0% \u00e9taient en h\u00e9bergement d\u2019urgence\u00a0et 83\u00a0% ont d\u00e9clar\u00e9 vivre dans un logement temporaire ou instable.<\/p>\n<p>  \u00ab\u00a0Combien de personnes demeurent sans droit\u00a0?\u00a0\u00bb<\/p>\n<p>Deux personnes sur 5 n\u2019\u00e9taient pas \u00e9ligibles \u00e0 une couverture maladie. Mais 76\u00a0% des personnes \u00e9ligibles \u00e0 une couverture maladie n\u2019avaient pas de droits ouverts. Pour l\u2019AME, 87,5\u00a0% des personnes \u00e9ligibles n\u2019ont pas de droits ouverts. Environ 34\u00a0% des patients pr\u00e9sentaient un retard de recours aux soins sur les deux sites et 46,7\u00a0% des consultations \u00e0 Lyon n\u00e9cessitaient une prise en charge urgente ou assez urgente \u00e0 Lyon.\u00a019\u00a0% des patients \u00e9taient des mineurs dont de nombreux <a href=\"https:\/\/www.leprogres.fr\/faits-divers-justice\/2022\/10\/16\/mineurs-non-accompagnes-comment-les-sortir-de-l-enfer-de-la-rue\" target=\"_blank\" rel=\"nofollow noopener\">mineurs non accompagn\u00e9s<\/a>.<\/p>\n<p>\u00ab\u00a0On constate que dans de nombreux cas, les dossiers d\u2019ouverture de droit sont rejet\u00e9s sur des motifs indus [\u2026]. Ces situations se r\u00e8glent g\u00e9n\u00e9ralement avec notre intervention. Mais combien de personnes demeurent sans droit\u00a0?\u00a0\u00bb d\u00e9plore Samuel Guevart, m\u00e9decin et d\u00e9l\u00e9gu\u00e9 de M\u00e9decins du monde en ARA.<\/p>\n","protected":false},"excerpt":{"rendered":"Dans son Observatoire de l\u2019acc\u00e8s aux droits et aux soins 2025, M\u00e9decins du monde constate que \u00ab\u00a0les in\u00e9galit\u00e9s&hellip;\n","protected":false},"author":2,"featured_media":438039,"comment_status":"","ping_status":"","sticky":false,"template":"","format":"standard","meta":{"footnotes":""},"categories":[1889],"tags":[1111,11,2430,2757,1777,674,1011,27,2428,2756,12,25,2429,71],"class_list":{"0":"post-438038","1":"post","2":"type-post","3":"status-publish","4":"format-standard","5":"has-post-thumbnail","7":"category-lyon","8":"tag-actu","9":"tag-actualites","10":"tag-auvergne-rhone-alpes","11":"tag-edition-lyon-villeurbanne","12":"tag-eu","13":"tag-europe","14":"tag-fr","15":"tag-france","16":"tag-lyon","17":"tag-lyon-bassin","18":"tag-news","19":"tag-republique-francaise","20":"tag-rhone","21":"tag-sante"},"share_on_mastodon":{"url":"https:\/\/pubeurope.com\/@fr\/115314567719247671","error":""},"_links":{"self":[{"href":"https:\/\/www.europesays.com\/fr\/wp-json\/wp\/v2\/posts\/438038","targetHints":{"allow":["GET"]}}],"collection":[{"href":"https:\/\/www.europesays.com\/fr\/wp-json\/wp\/v2\/posts"}],"about":[{"href":"https:\/\/www.europesays.com\/fr\/wp-json\/wp\/v2\/types\/post"}],"author":[{"embeddable":true,"href":"https:\/\/www.europesays.com\/fr\/wp-json\/wp\/v2\/users\/2"}],"replies":[{"embeddable":true,"href":"https:\/\/www.europesays.com\/fr\/wp-json\/wp\/v2\/comments?post=438038"}],"version-history":[{"count":0,"href":"https:\/\/www.europesays.com\/fr\/wp-json\/wp\/v2\/posts\/438038\/revisions"}],"wp:featuredmedia":[{"embeddable":true,"href":"https:\/\/www.europesays.com\/fr\/wp-json\/wp\/v2\/media\/438039"}],"wp:attachment":[{"href":"https:\/\/www.europesays.com\/fr\/wp-json\/wp\/v2\/media?parent=438038"}],"wp:term":[{"taxonomy":"category","embeddable":true,"href":"https:\/\/www.europesays.com\/fr\/wp-json\/wp\/v2\/categories?post=438038"},{"taxonomy":"post_tag","embeddable":true,"href":"https:\/\/www.europesays.com\/fr\/wp-json\/wp\/v2\/tags?post=438038"}],"curies":[{"name":"wp","href":"https:\/\/api.w.org\/{rel}","templated":true}]}}