{"id":438040,"date":"2025-10-04T06:50:16","date_gmt":"2025-10-04T06:50:16","guid":{"rendered":"https:\/\/www.europesays.com\/fr\/438040\/"},"modified":"2025-10-04T06:50:16","modified_gmt":"2025-10-04T06:50:16","slug":"la-rue-de-la-republique-pietonnisee-va-encore-changer","status":"publish","type":"post","link":"https:\/\/www.europesays.com\/fr\/438040\/","title":{"rendered":"la rue de la R\u00e9publique pi\u00e9tonnis\u00e9e va encore changer"},"content":{"rendered":"<p>            Par<br \/>\n        <strong><br \/>\n            <a href=\"https:\/\/actu.fr\/auteur\/anthony-soudani\" title=\"Consulter tous les articles de Anthony Soudani\" rel=\"nofollow noopener\" target=\"_blank\">Anthony Soudani<\/a><br \/>\n        <\/strong><\/p>\n<p>        Publi\u00e9 le<\/p>\n<p>            4 oct. 2025 \u00e0 8h32        <\/p>\n<p>La <a href=\"https:\/\/actu.fr\/auvergne-rhone-alpes\/lyon_69123\/lyon-la-rue-de-la-republique-entierement-pietonne-ce-qui-change-desormais-pour-vous_62807191.html\" rel=\"nofollow noopener\" target=\"_blank\">rue de la R\u00e9publique nord est devenue pi\u00e9tonne<\/a> \u00e0 <a href=\"https:\/\/actu.fr\/auvergne-rhone-alpes\/lyon_69123\" rel=\"nofollow noopener\" target=\"_blank\">Lyon<\/a>, depuis le 21 juin et l\u2019activation du nouveau plan de circulation qui a provoqu\u00e9 de nombreux remous en Presqu\u2019\u00eele, notamment avec le d\u00e9ploiement de la Zone \u00e0 trafic limit\u00e9 (<a href=\"https:\/\/actu.fr\/auvergne-rhone-alpes\/lyon_69123\/lyon-la-ztl-complique-la-vie-de-ces-automobilistes-de-la-presqu-ile-c-est-infernal_62996558.html\" rel=\"nofollow noopener\" target=\"_blank\">ZTL<\/a>).\u00a0<\/p>\n<p class=\" wall-content\">Des bancs, qui n\u2019ont pas fait l\u2019unanimit\u00e9, ont ensuite \u00e9t\u00e9 install\u00e9s sur l\u2019ancienne voie de bus. Cependant, <strong>les am\u00e9nagements sont loin d\u2019\u00eatre termin\u00e9s.\u00a0<\/strong><\/p>\n<p class=\" wall-content\">Trois mois plus tard, les anciens abribus sont toujours en place sur cette portion de la rue. Les lignes \u00e9lectriques des trolley-bus sont \u00e9galement visibles au-dessus de la voie. Quand ces installations vont-elles \u00eatre retir\u00e9es ?<\/p>\n<p class=\" wall-content\">La M\u00e9tropole r\u00e9pond \u00e0 actu Lyon.<\/p>\n<p>De la v\u00e9g\u00e9talisation pr\u00e9vue d\u2019ici quelques semaines<\/p>\n<p class=\" wall-content\">La collectivit\u00e9 rappelle que cette pi\u00e9tonisation s\u2019est d\u00e9j\u00e0 accompagn\u00e9e de plusieurs interventions \u00ab\u00a0destin\u00e9es \u00e0 accompagner le caract\u00e8re pi\u00e9ton, informer les usagers, et r\u00e9pondre aux attentes formul\u00e9es pendant la concertation\u00a0\u00bb.<\/p>\n<p class=\" wall-content\">Il y a donc eu la mise en place d\u2019une signal\u00e9tique au sol et de panneaux d\u2019informations, le d\u00e9ploiement de blocs pour s\u00e9curiser les circulations pi\u00e9tonnes et amener les v\u00e9hicules \u00e0 ralentir.<\/p>\n<p>    <img   decoding=\"async\" loading=\"lazy\" src=\"https:\/\/www.europesays.com\/fr\/wp-content\/uploads\/2025\/10\/abribus-lyon-rue-republique-960x640.jpg\" alt=\"Une partie de la rue de la r\u00e9publique, r\u00e9cemment pi\u00e9tonnis\u00e9e, va \u00eatre v\u00e9g\u00e9talis\u00e9e.\" width=\"960\" height=\"640\"\/><br \/>\n    Une partie de la rue de la R\u00e9publique, r\u00e9cemment pi\u00e9tonnis\u00e9e, va \u00eatre v\u00e9g\u00e9talis\u00e9e et la signal\u00e9tique va \u00eatre am\u00e9lior\u00e9e pour am\u00e9liorer la cohabitation entre les diff\u00e9rents modes de d\u00e9placement. (\u00a9Anthony Soudani \/ actu Lyon)<\/p>\n<p>Votre r\u00e9gion, votre actu !<\/p>\n<p>Recevez chaque jour les infos qui comptent pour vous.<\/p>\n<p>\t<a href=\"https:\/\/actu.fr\/newsletter\" class=\"ac-btn ac-btn--corner ac-btn--medium ac-btn--blue800\" rel=\"nofollow noopener\" target=\"_blank\">S&rsquo;incrire<\/a><\/p>\n<p class=\" wall-content\">\u00ab\u00a0D\u2019autres interventions vont se poursuivre\u00a0\u00bb, annonce la M\u00e9tropole de Lyon. Un plan de v\u00e9g\u00e9talisation est pr\u00e9vu avec la cr\u00e9ation de bandes plant\u00e9es et la plantation de nouveaux arbres (pour <a href=\"https:\/\/actu.fr\/auvergne-rhone-alpes\/lyon_69123\/lyon-on-n-a-pas-le-choix-de-grands-arbres-abattus-rue-de-la-republique-voici-pourquoi_62724986.html\" rel=\"nofollow noopener\" target=\"_blank\">remplacer ceux abattus<\/a>). L\u2019accessibilit\u00e9 pour les personnes \u00e0 mobilit\u00e9 r\u00e9duite va \u00eatre am\u00e9lior\u00e9e avec la cr\u00e9ation de deux rampes par abaissement de trottoirs \u00e0 hauteur de la place de la Bourse.<\/p>\n<p class=\" wall-content\">Ces deux chantiers interviendront \u00ab\u00a0d\u2019ici \u00e0 quelques semaines\u00a0\u00bb.<\/p>\n<p>Les abribus recycl\u00e9s en \u00ab\u00a0espaces de pause\u00a0\u00bb<\/p>\n<p class=\" wall-content\">Concernant les abribus, ces derniers vont \u00eatre en quelque sorte recycl\u00e9s. Ils vont notamment accueillir des \u0153uvres artistiques dans le cadre des festivals AiRT de Famille et de l\u2019\u00e9v\u00e8nement Industrie Magnifique. Leurs structures vont \u00eatre ensuite transform\u00e9es pour <strong>devenir \u00ab\u00a0des espaces de pause abrit\u00e9s et confortables\u00a0\u00bb<\/strong>.<\/p>\n<p class=\" wall-content\">\u00ab\u00a0Pour les \u0153uvres artistiques, la pose est en cours concernant AiRT de famille, et des ateliers artistiques auront lieu courant octobre\u00a0\u00bb, pr\u00e9cise la M\u00e9tropole de Lyon.<\/p>\n<p>    <img   decoding=\"async\" loading=\"lazy\" src=\"https:\/\/www.europesays.com\/fr\/wp-content\/uploads\/2025\/10\/rue-republique-abribus-lyon-960x640.jpg\" alt=\"Les abribus de la rue de la R\u00e9publique vont \u00eatre recycl\u00e9s par la M\u00e9tropole de Lyon en \" width=\"960\" height=\"640\"\/><br \/>\n    Les abribus de la rue de la R\u00e9publique vont \u00eatre recycl\u00e9s par la M\u00e9tropole de Lyon en \u00ab\u00a0espaces de pause abrit\u00e9s\u00a0\u00bb. (\u00a9Anthony Soudani \/ actu Lyon)La signal\u00e9tique am\u00e9lior\u00e9e<\/p>\n<p class=\" wall-content\">La cohabitation entre cyclistes et pi\u00e9tons n\u2019est pas \u00e9vidente dans ce secteur, voire parfois catastrophique, selon nos constatations. Les trottinettes et v\u00e9los fr\u00f4lent les passants \u00e0 toute vitesse.<\/p>\n<p class=\" wall-content\">Afin \u00ab\u00a0d\u2019am\u00e9liorer la cohabitation entre les modes de d\u00e9placement\u00a0\u00bb, la collectivit\u00e9 va renforcer l\u2019information et la signal\u00e9tique sur place aupr\u00e8s des cyclistes, sur les r\u00e8gles qui incombent \u00e0 la circulation dans cet espace public. La vitesse des V\u00e9lo\u2019v \u00e9lectriques pourraient aussi \u00eatre brid\u00e9e dans les zones pi\u00e9tonnes. Une demande d\u2019exp\u00e9rimentation a \u00e9t\u00e9 formul\u00e9e \u00e0 JCDecaux, selon nos informations.<\/p>\n<p class=\" wall-content\">La M\u00e9tropole va informer les itin\u00e9raires alternatifs \u00e0 la rue de la R\u00e9publique, \u00e0 savoir la rue \u00c9douard-Herriot, via la <a href=\"https:\/\/actu.fr\/auvergne-rhone-alpes\/lyon_69123\/ztl-a-lyon-cette-rue-interdite-aux-voitures-provoque-une-incomprehension-totale-la-mairie-reagit_62882896.html\" rel=\"nofollow noopener\" target=\"_blank\">rue Grenette<\/a>, pour les 2 roues souhaitant se rendre \u00e0 l\u2019h\u00f4tel de ville depuis les Cordeliers et la rue de Brest pour le trajet inverse.<\/p>\n<p class=\" wall-content\">De premiers am\u00e9nagements sont attendus courant octobre.<\/p>\n<p class=\" wall-content\">Personnalisez votre actualit\u00e9 en ajoutant vos villes et m\u00e9dias en favori avec <a href=\"https:\/\/moncompte.actu.fr\" title=\"D\u00e9couvez Mon Actu\" rel=\"nofollow noopener\" data-trk=\"{&quot;cta&quot;:{&quot;action&quot;:&quot;https:\\\/\\\/moncompte.actu.fr&quot;,&quot;category&quot;:&quot;mon compte&quot;,&quot;from&quot;:&quot;article footer&quot;,&quot;name&quot;:&quot;Mon actu&quot;,&quot;type&quot;:&quot;cta&quot;}}\" target=\"_blank\">Mon Actu<\/a>.<\/p>\n","protected":false},"excerpt":{"rendered":"Par Anthony Soudani Publi\u00e9 le 4 oct. 2025 \u00e0 8h32 La rue de la R\u00e9publique nord est devenue&hellip;\n","protected":false},"author":2,"featured_media":438041,"comment_status":"","ping_status":"","sticky":false,"template":"","format":"standard","meta":{"footnotes":""},"categories":[1889],"tags":[1111,11,2430,3542,1777,674,1011,27,2808,2428,12,2809,25,104],"class_list":{"0":"post-438040","1":"post","2":"type-post","3":"status-publish","4":"format-standard","5":"has-post-thumbnail","7":"category-lyon","8":"tag-actu","9":"tag-actualites","10":"tag-auvergne-rhone-alpes","11":"tag-circulation","12":"tag-eu","13":"tag-europe","14":"tag-fr","15":"tag-france","16":"tag-grand-lyon","17":"tag-lyon","18":"tag-news","19":"tag-presquile","20":"tag-republique-francaise","21":"tag-societe"},"share_on_mastodon":{"url":"https:\/\/pubeurope.com\/@fr\/115314572170013517","error":""},"_links":{"self":[{"href":"https:\/\/www.europesays.com\/fr\/wp-json\/wp\/v2\/posts\/438040","targetHints":{"allow":["GET"]}}],"collection":[{"href":"https:\/\/www.europesays.com\/fr\/wp-json\/wp\/v2\/posts"}],"about":[{"href":"https:\/\/www.europesays.com\/fr\/wp-json\/wp\/v2\/types\/post"}],"author":[{"embeddable":true,"href":"https:\/\/www.europesays.com\/fr\/wp-json\/wp\/v2\/users\/2"}],"replies":[{"embeddable":true,"href":"https:\/\/www.europesays.com\/fr\/wp-json\/wp\/v2\/comments?post=438040"}],"version-history":[{"count":0,"href":"https:\/\/www.europesays.com\/fr\/wp-json\/wp\/v2\/posts\/438040\/revisions"}],"wp:featuredmedia":[{"embeddable":true,"href":"https:\/\/www.europesays.com\/fr\/wp-json\/wp\/v2\/media\/438041"}],"wp:attachment":[{"href":"https:\/\/www.europesays.com\/fr\/wp-json\/wp\/v2\/media?parent=438040"}],"wp:term":[{"taxonomy":"category","embeddable":true,"href":"https:\/\/www.europesays.com\/fr\/wp-json\/wp\/v2\/categories?post=438040"},{"taxonomy":"post_tag","embeddable":true,"href":"https:\/\/www.europesays.com\/fr\/wp-json\/wp\/v2\/tags?post=438040"}],"curies":[{"name":"wp","href":"https:\/\/api.w.org\/{rel}","templated":true}]}}