{"id":438046,"date":"2025-10-04T06:54:14","date_gmt":"2025-10-04T06:54:14","guid":{"rendered":"https:\/\/www.europesays.com\/fr\/438046\/"},"modified":"2025-10-04T06:54:14","modified_gmt":"2025-10-04T06:54:14","slug":"olivier-pantaloni-a-vu-une-equipe-sans-envie-lors-de-la-defaite-de-lorient-face-au-paris-fc","status":"publish","type":"post","link":"https:\/\/www.europesays.com\/fr\/438046\/","title":{"rendered":"Olivier Pantaloni a vu \u00ab\u00a0une \u00e9quipe sans envie\u00a0\u00bb lors de la d\u00e9faite de Lorient face au Paris FC"},"content":{"rendered":"<p>Kouassi\u00a0: \u00ab\u00a0Je ne sais pas trop ce qu&rsquo;il s&rsquo;est pass\u00e9\u00a0\u00bb<\/p>\n<p><b>Ars\u00e8ne Kouassi (d\u00e9fenseur de Lorient)\u00a0:<\/b> \u00ab\u00a0On avait bien pr\u00e9par\u00e9 le match mais on n&rsquo;a pas mis beaucoup d&rsquo;envie, on n&rsquo;a pas gagn\u00e9 assez de duels, on n&rsquo;a pas mis assez d&rsquo;engagement. Le r\u00e9sultat est logique, m\u00eame si on \u00e9tait venu pour faire un gros match. Je ne sais pas trop ce qu&rsquo;il s&rsquo;est pass\u00e9. D&rsquo;habitude, on ne joue pas comme \u00e7a. Ce r\u00e9sultat est d\u00e9plorable. En plus, je n&rsquo;ai pas senti Paris tr\u00e8s costaud. On va continuer \u00e0 travailler pour faire mieux. Ce n&rsquo;est pas inqui\u00e9tant, c&rsquo;est juste un mauvais r\u00e9sultat.\u00a0\u00bb &#8211; <b>H.S.<\/b><\/p>\n","protected":false},"excerpt":{"rendered":"Kouassi\u00a0: \u00ab\u00a0Je ne sais pas trop ce qu&rsquo;il s&rsquo;est pass\u00e9\u00a0\u00bb Ars\u00e8ne Kouassi (d\u00e9fenseur de Lorient)\u00a0: \u00ab\u00a0On avait bien&hellip;\n","protected":false},"author":2,"featured_media":438047,"comment_status":"","ping_status":"","sticky":false,"template":"","format":"standard","meta":{"footnotes":""},"categories":[1888],"tags":[1111,1928,11,1927,1777,674,1011,27,12,1926,626,1925,25],"class_list":{"0":"post-438046","1":"post","2":"type-post","3":"status-publish","4":"format-standard","5":"has-post-thumbnail","7":"category-paris","8":"tag-actu","9":"tag-actu-paris","10":"tag-actualites","11":"tag-actualites-paris","12":"tag-eu","13":"tag-europe","14":"tag-fr","15":"tag-france","16":"tag-news","17":"tag-news-paris","18":"tag-paris","19":"tag-paris-news","20":"tag-republique-francaise"},"share_on_mastodon":{"url":"https:\/\/pubeurope.com\/@fr\/115314587343959418","error":""},"_links":{"self":[{"href":"https:\/\/www.europesays.com\/fr\/wp-json\/wp\/v2\/posts\/438046","targetHints":{"allow":["GET"]}}],"collection":[{"href":"https:\/\/www.europesays.com\/fr\/wp-json\/wp\/v2\/posts"}],"about":[{"href":"https:\/\/www.europesays.com\/fr\/wp-json\/wp\/v2\/types\/post"}],"author":[{"embeddable":true,"href":"https:\/\/www.europesays.com\/fr\/wp-json\/wp\/v2\/users\/2"}],"replies":[{"embeddable":true,"href":"https:\/\/www.europesays.com\/fr\/wp-json\/wp\/v2\/comments?post=438046"}],"version-history":[{"count":0,"href":"https:\/\/www.europesays.com\/fr\/wp-json\/wp\/v2\/posts\/438046\/revisions"}],"wp:featuredmedia":[{"embeddable":true,"href":"https:\/\/www.europesays.com\/fr\/wp-json\/wp\/v2\/media\/438047"}],"wp:attachment":[{"href":"https:\/\/www.europesays.com\/fr\/wp-json\/wp\/v2\/media?parent=438046"}],"wp:term":[{"taxonomy":"category","embeddable":true,"href":"https:\/\/www.europesays.com\/fr\/wp-json\/wp\/v2\/categories?post=438046"},{"taxonomy":"post_tag","embeddable":true,"href":"https:\/\/www.europesays.com\/fr\/wp-json\/wp\/v2\/tags?post=438046"}],"curies":[{"name":"wp","href":"https:\/\/api.w.org\/{rel}","templated":true}]}}